{"id":160079,"date":"2025-06-08T04:43:11","date_gmt":"2025-06-08T04:43:11","guid":{"rendered":"https:\/\/www.europesays.com\/fr\/160079\/"},"modified":"2025-06-08T04:43:11","modified_gmt":"2025-06-08T04:43:11","slug":"lyon-cette-exposition-revient-en-ville-apres-son-succes-monstre-et-cest-gratuit","status":"publish","type":"post","link":"https:\/\/www.europesays.com\/fr\/160079\/","title":{"rendered":"Lyon. Cette exposition revient en ville apr\u00e8s son succ\u00e8s monstre et c&rsquo;est gratuit"},"content":{"rendered":"<p>            Par<br \/>\n        <strong><br \/>\n            <a href=\"https:\/\/actu.fr\/auteur\/theo-zuili\" title=\"Consulter tous les articles de Th\u00e9o Zuili\" target=\"_blank\" rel=\"noopener\">Th\u00e9o Zuili<\/a><br \/>\n        <\/strong><\/p>\n<p>        Publi\u00e9 le<\/p>\n<p>            8 juin 2025 \u00e0 6h24        <\/p>\n<p>Vous en aviez peut-\u00eatre entendu parler puisqu\u2019elle avait <strong>fait beaucoup de bruit<\/strong> : apr\u00e8s avoir <a href=\"https:\/\/actu.fr\/auvergne-rhone-alpes\/lyon_69123\/lyon-les-gens-font-la-queue-pour-cette-exposition-unique-on-ne-s-y-attendait-pas_61093430.html\" target=\"_blank\" rel=\"noopener\">fait doubler la fr\u00e9quentation<\/a> du Mus\u00e9e de l\u2019Imprimerie d\u2019avril \u00e0 septembre 2024, l\u2019exposition <a href=\"https:\/\/actu.fr\/auvergne-rhone-alpes\/lyon_69123\/lyon-cette-nouvelle-exposition-unique-va-vous-plonger-dans-l-univers-de-miyazaki_60960261.html\" target=\"_blank\" rel=\"noopener\">Le Mus\u00e9e Ambulant \u2013 Lectures de Miyazaki<\/a> revient \u00e0 <a href=\"https:\/\/actu.fr\/auvergne-rhone-alpes\/lyon_69123\" target=\"_blank\" rel=\"noopener\">Lyon<\/a> d\u00e8s la fin du mois de juin 2025.<\/p>\n<p class=\" wall-content\">Une<strong> tr\u00e8s bonne nouvelle<\/strong> pour les admirateurs du ma\u00eetre de l\u2019animation japonaise et les amoureux du c\u00e9l\u00e8bre Voyage de Chihiro ou de Mon voisin Totoro.<\/p>\n<p>Une expo litt\u00e9ralement ambulante<\/p>\n<p class=\" wall-content\">D\u00e8s<strong> le 11 juin 2025<\/strong>, le monde de Hayao Miyazaki\u00a0s\u2019installe entre les murs de la salle Camille Georges dans la mairie du 2\u1d49 arrondissement de Lyon, 2 rue d\u2019Enghien. Apr\u00e8s le mus\u00e9e de l\u2019imprimerie (<a href=\"https:\/\/actu.fr\/auvergne-rhone-alpes\/lyon_69123\/lyon-apres-le-succes-de-la-derniere-exposition-ce-musee-compte-reproduire-l-exploit_62190830.html\" target=\"_blank\" rel=\"noopener\">en r\u00e9novation jusqu\u2019en 2027<\/a>), l\u2019exposition est d\u00e9j\u00e0 de retour dans la ville.<\/p>\n<p class=\" wall-content\">Mais les fans arm\u00e9s de patience pourront simplement attendre que l\u2019exposition se rapproche de chez eux : elle se d\u00e9place de mairie d\u2019arrondissement en mairie d\u2019arrondissement jusqu\u2019en ao\u00fbt 2026.<\/p>\n<p class=\" wall-content\">Et la derni\u00e8re bonne nouvelle \u00e0 vous annoncer : elle est <strong>gratuite<\/strong>. La derni\u00e8re fois, les Lyonnais devaient d\u00e9bourser 8\u20ac pour participer \u00e0 ce voyage dont le but est de\u00a0d\u00e9couvrir et c\u00e9l\u00e9brer les inspirations du r\u00e9alisateur : peintures, lieux, souvenirs, auteurs\u2026 le tout venant former un \u00ab\u00a0millefeuille passionn\u00e9 et sentimental\u00a0\u00bb.<\/p>\n<p>Vid\u00e9os : en ce moment sur ActuLe programme<\/p>\n<p class=\" wall-content\">Voici le programme pr\u00e9cis avec les dates connues :<\/p>\n<ul class=\" wall-content\">\n<li>Mairie du 2e arrondissement (2 Rue d\u2019Enghien) : du 11 juin au 29 ao\u00fbt 2025<\/li>\n<li>Mairie du 6e arrondissement (58 Rue de S\u00e8ze) : septembre 2025<\/li>\n<li>Mairie du 9e arrondissement (6 Pl. du March\u00e9) : septembre 2025<\/li>\n<li>Mairie du 3e arrondissement (18 Rue Fran\u00e7ois Garcin) : octobre 2025<\/li>\n<li>Mairie du 1er arrondissement (2 Pl. Sathonay) : f\u00e9vrier 2026<\/li>\n<li>Mairie du 5e arrondissement (14 Rue Dr Edmond Locard) : mars 2026<\/li>\n<li>Mairie du 4e arrondissement (133 Bd de la Croix-Rousse) : avril &gt; juin 2026<\/li>\n<li>Mairie du 8e arrondissement (12 Av. Jean Mermoz) : mai 2026<\/li>\n<li>Mairie du 7e arrondissement (16 Pl. Jean Mac\u00e9, Lyon 2e) : juin &gt; ao\u00fbt 2026<\/li>\n<\/ul>\n<p class=\" wall-content\">L\u2019exposition sera <strong>accessible tous les jours<\/strong>, selon les horaires d\u2019ouverture de la mairie, et sans d\u00e9bourser un centime.<\/p>\n<p class=\" wall-content\">Suivez toute l\u2019actualit\u00e9 de vos villes et m\u00e9dias favoris en vous inscrivant \u00e0 <a href=\"https:\/\/moncompte.actu.fr\" title=\"D\u00e9couvez Mon Actu\" rel=\"nofollow noopener\" data-trk=\"{&quot;cta&quot;:{&quot;action&quot;:&quot;https:\\\/\\\/moncompte.actu.fr&quot;,&quot;category&quot;:&quot;mon compte&quot;,&quot;from&quot;:&quot;article footer&quot;,&quot;name&quot;:&quot;Mon actu&quot;,&quot;type&quot;:&quot;cta&quot;}}\" target=\"_blank\">Mon Actu<\/a>.<\/p>\n","protected":false},"excerpt":{"rendered":"Par Th\u00e9o Zuili Publi\u00e9 le 8 juin 2025 \u00e0 6h24 Vous en aviez peut-\u00eatre entendu parler puisqu\u2019elle avait&hellip;\n","protected":false},"author":2,"featured_media":160080,"comment_status":"","ping_status":"","sticky":false,"template":"","format":"standard","meta":{"footnotes":""},"categories":[1889],"tags":[1111,11,2430,650,1777,674,1011,27,2070,1652,2428,12,25],"class_list":{"0":"post-160079","1":"post","2":"type-post","3":"status-publish","4":"format-standard","5":"has-post-thumbnail","7":"category-lyon","8":"tag-actu","9":"tag-actualites","10":"tag-auvergne-rhone-alpes","11":"tag-cinema","12":"tag-eu","13":"tag-europe","14":"tag-fr","15":"tag-france","16":"tag-japon","17":"tag-loisirs-culture","18":"tag-lyon","19":"tag-news","20":"tag-republique-francaise"},"share_on_mastodon":{"url":"https:\/\/pubeurope.com\/@fr\/114645919553664923","error":""},"_links":{"self":[{"href":"https:\/\/www.europesays.com\/fr\/wp-json\/wp\/v2\/posts\/160079","targetHints":{"allow":["GET"]}}],"collection":[{"href":"https:\/\/www.europesays.com\/fr\/wp-json\/wp\/v2\/posts"}],"about":[{"href":"https:\/\/www.europesays.com\/fr\/wp-json\/wp\/v2\/types\/post"}],"author":[{"embeddable":true,"href":"https:\/\/www.europesays.com\/fr\/wp-json\/wp\/v2\/users\/2"}],"replies":[{"embeddable":true,"href":"https:\/\/www.europesays.com\/fr\/wp-json\/wp\/v2\/comments?post=160079"}],"version-history":[{"count":0,"href":"https:\/\/www.europesays.com\/fr\/wp-json\/wp\/v2\/posts\/160079\/revisions"}],"wp:featuredmedia":[{"embeddable":true,"href":"https:\/\/www.europesays.com\/fr\/wp-json\/wp\/v2\/media\/160080"}],"wp:attachment":[{"href":"https:\/\/www.europesays.com\/fr\/wp-json\/wp\/v2\/media?parent=160079"}],"wp:term":[{"taxonomy":"category","embeddable":true,"href":"https:\/\/www.europesays.com\/fr\/wp-json\/wp\/v2\/categories?post=160079"},{"taxonomy":"post_tag","embeddable":true,"href":"https:\/\/www.europesays.com\/fr\/wp-json\/wp\/v2\/tags?post=160079"}],"curies":[{"name":"wp","href":"https:\/\/api.w.org\/{rel}","templated":true}]}}