{"id":160081,"date":"2025-06-08T04:46:13","date_gmt":"2025-06-08T04:46:13","guid":{"rendered":"https:\/\/www.europesays.com\/fr\/160081\/"},"modified":"2025-06-08T04:46:13","modified_gmt":"2025-06-08T04:46:13","slug":"un-terrain-de-notre-dame-divise-ecoliers-et-aines","status":"publish","type":"post","link":"https:\/\/www.europesays.com\/fr\/160081\/","title":{"rendered":"Un terrain de Notre-Dame divise \u00e9coliers et a\u00een\u00e9s"},"content":{"rendered":"<p>Le d\u00e9put\u00e9 de Beausoleil-Grand-Bouctouche-Kent Beno\u00eet Bourque a d\u00e9pos\u00e9 en chambre jeudi une p\u00e9tition au nom de citoyens de Notre-Dame \u00e0 propos du terrain adjacent de l\u2019\u00e9cole Notre-Dame \u00e0 Beausoleil. La question divise la communaut\u00e9. D\u2019un c\u00f4t\u00e9 le besoin de r\u00e9sidences abordables pour a\u00een\u00e9s dans la r\u00e9gion est criant et tout projet dans ce sens est le bienvenu. De l\u2019autre c\u00f4t\u00e9, le projet propos\u00e9 pr\u00e9voit la disparition d\u2019un terrain de soccer utilis\u00e9 par les \u00e9l\u00e8ves de Notre-Dame jusqu\u2019\u00e0 la 8e ann\u00e9e.<\/p>\n<p>\u00abLes anciens \u00e9l\u00e8ves et citoyens engag\u00e9s demandent formellement de prot\u00e9ger le terrain adjacent \u00e0 l\u2019\u00e9cole Notre-Dame utilis\u00e9 depuis plus de 25 ans par les \u00e9l\u00e8ves pour le jeu libre et les r\u00e9cr\u00e9ations, les cours d\u2019\u00e9ducation physique ou la pr\u00e9paration aux Jeux de l\u2019Acadie. Ce terrain fait partie int\u00e9grante de la vie scolaire et de la sant\u00e9 globale de nos enfants (\u2026)\u00bb, a expos\u00e9 le d\u00e9put\u00e9 en d\u00e9posant la p\u00e9tition de plus de 1000 noms en chambre jeudi \u00e0 Fredericton.<\/p>\n<p>\u00abL\u2019\u00e9cole a fait \u00e9norm\u00e9ment de travail de mobilisation, explique-t-il au journal en fin d\u2019apr\u00e8s-midi. Je dirais qu\u2019ils ont \u00e9t\u00e9 tr\u00e8s efficaces. J\u2019ai fait mon travail de d\u00e9put\u00e9 en remettant cette p\u00e9tition \u00e0 l\u2019Assembl\u00e9e l\u00e9gislative.\u00bb<\/p>\n<p>Mais il reconna\u00eet aussi que le gouvernent a peu de recours, comme tout a quand m\u00eame \u00e9t\u00e9 fait dans les r\u00e8gles.<\/p>\n<p>En f\u00e9vrier, le dioc\u00e8se de Moncton transf\u00e9rait le terrain litigieux \u00e0 la soci\u00e9t\u00e9 d\u2019habitation Les R\u00e9sidences Notre-Dame, terrain o\u00f9 elle a \u00e9difi\u00e9 des appartements pour a\u00een\u00e9s dans les ann\u00e9es 1970.<\/p>\n<p>Plus de 20 ans plus tard, le dioc\u00e8se permettait \u00e0 l\u2019\u00c9cole Notre-Dame de construire un terrain de soccer de fortune, en de\u00e7\u00e0 des dimensions r\u00e9glementaires.<\/p>\n<p>Mais voil\u00e0 qu\u2019au printemps, des \u00e9l\u00e8ves ont aper\u00e7u de la machinerie en train d\u2019arracher les cl\u00f4tures qui encerclent le terrain, ce qui a sem\u00e9 l\u2019\u00e9moi dans toute l\u2019\u00e9cole, comme le journal avait alors constat\u00e9.<\/p>\n<p>\u00abC\u2019est vraiment entre la soci\u00e9t\u00e9 d\u2019habitation et le district scolaire de discuter pour voir s\u2019il y a moyen de moyenner. J\u2019ai confiance, avance Benoit Bourque. Car, la soci\u00e9t\u00e9 d\u2019habitation, ce sont aussi des gens de Notre-Dame. Ce sont des gens qui tiennent leur communaut\u00e9 \u00e0 c\u0153ur.\u00bb<\/p>\n<p>\u00abAvoir de nouveaux logements abordables pour les a\u00een\u00e9s, c\u2019est tout fait louable\u00bb, reconna\u00eet-il.<\/p>\n<p>Les R\u00e9sidences Notre-Dame, un organisme sans but lucratif, n\u2019avaient pas r\u00e9pondu \u00e0 nos demandes d\u2019entrevues au moment d\u2019\u00e9crire ces lignes.<\/p>\n<p>Le maire de Beausoleil, Rom\u00e9o Bourque, explique que la municipalit\u00e9 a plut\u00f4t les mains li\u00e9es, puisqu\u2019on ne fait qu\u2019amorcer le plan d\u2019urbanisation de la municipalit\u00e9. Un plan adopt\u00e9 aurait pu lui donner les outils pour intervenir en amont avec un changement de zonage par exemple. La municipalit\u00e9 pr\u00e9voit adopter son premier plan en 2026.<\/p>\n<p>La p\u00e9tition des gens de Notre-Dame demande entre autres que le futur plan interdise toute construction non scolaire \u00e0 moins de 50 m d\u2019une \u00e9cole primaire.<\/p>\n<p>\u00abNous en avons discut\u00e9 hier lors de notre r\u00e9union pl\u00e9ni\u00e8re, explique le maire Bourque. En fin de compte, nous avons d\u00e9cid\u00e9 de prendre nos distances comme c\u2019est un litige entre le priv\u00e9 et le district scolaire.\u00bb<\/p>\n<p>\u00abNous sommes en train de former le comit\u00e9 pour le d\u00e9veloppement du plan d\u2019urbanisme. Malheureusement pour l\u2019\u00e9cole, \u00e7a s\u2019est pass\u00e9 comme \u00e7a. Mais nos mains sont li\u00e9es.\u00bb<\/p>\n<p>\u00a0<\/p>\n<p><strong>Le groupe du foyer tend une perche<\/strong><\/p>\n<p>Paul Boucher, qui repr\u00e9sente le conseil d\u2019administration des R\u00e9sidences Saint-Antoine, explique entendre les inqui\u00e9tudes du voisinage, mais il explique que leur d\u00e9marche s\u2019est faite dans l\u2019ordre.<\/p>\n<p>\u00abNous les avons avertis il y a un an, explique-t-il \u00e0 l\u2019Acadie Nouvelle. Le public n\u2019a pas \u00e9t\u00e9 mis au courant de la bonne information.\u00bb<\/p>\n<p>\u00abNous avons pris des mesures pour que, quand le temps sera venu de construire le nouvel \u00e9difice, nous allions communiquer avec l\u2019\u00c9cole pour l\u2019aider \u00e0 trouver un autre endroit \u00e0 faire un terrain de soccer.\u00bb<\/p>\n<p>\u00abOn n\u2019est pas oblig\u00e9 de faire \u00e7a, mais on travaille tous pour la m\u00eame affaire. On travaille tous pour la paroisse.\u00bb<\/p>\n<p>Paul Boucher explique qu\u2019ils n\u2019avaient pas le choix de demander le transfert du terrain, comme le bail avec la paroisse \u2013 qu\u2019on croyait perp\u00e9tuel \u2013 prenait fin apr\u00e8s 40 ans. On craignait de se faire exproprier et de perdre l\u2019\u00e9difice qui leur appartient.<\/p>\n<p>\u00abOn comprend qu\u2019on a pris leur terrain. Mais ce n\u2019est pas leur champ, c\u2019est notre terrain. Nous l\u2019avons achet\u00e9 et tout.\u00bb<\/p>\n<p>\u00abIls ont \u00e9t\u00e9 avertis il y a un an. C\u2019est de valeur qu\u2019ils ne sont pas venus nous voir alors au lieu de faire tout ce drame-l\u00e0 pour rien. On se serait assis ensemble et on aurait n\u00e9goci\u00e9.\u00bb<\/p>\n","protected":false},"excerpt":{"rendered":"Le d\u00e9put\u00e9 de Beausoleil-Grand-Bouctouche-Kent Beno\u00eet Bourque a d\u00e9pos\u00e9 en chambre jeudi une p\u00e9tition au nom de citoyens de&hellip;\n","protected":false},"author":2,"featured_media":160082,"comment_status":"","ping_status":"","sticky":false,"template":"","format":"standard","meta":{"footnotes":""},"categories":[1888],"tags":[1111,1928,11,1927,18462,29181,29182,1777,674,1011,27,12,1926,626,1925,25,29183,29184],"class_list":{"0":"post-160081","1":"post","2":"type-post","3":"status-publish","4":"format-standard","5":"has-post-thumbnail","7":"category-paris","8":"tag-actu","9":"tag-actu-paris","10":"tag-actualites","11":"tag-actualites-paris","12":"tag-aines","13":"tag-benoit-bourque","14":"tag-ecole-notre-dame-a-beausoleil","15":"tag-eu","16":"tag-europe","17":"tag-fr","18":"tag-france","19":"tag-news","20":"tag-news-paris","21":"tag-paris","22":"tag-paris-news","23":"tag-republique-francaise","24":"tag-residences-abordables","25":"tag-terrain-de-soccer"},"share_on_mastodon":{"url":"https:\/\/pubeurope.com\/@fr\/114645931271076922","error":""},"_links":{"self":[{"href":"https:\/\/www.europesays.com\/fr\/wp-json\/wp\/v2\/posts\/160081","targetHints":{"allow":["GET"]}}],"collection":[{"href":"https:\/\/www.europesays.com\/fr\/wp-json\/wp\/v2\/posts"}],"about":[{"href":"https:\/\/www.europesays.com\/fr\/wp-json\/wp\/v2\/types\/post"}],"author":[{"embeddable":true,"href":"https:\/\/www.europesays.com\/fr\/wp-json\/wp\/v2\/users\/2"}],"replies":[{"embeddable":true,"href":"https:\/\/www.europesays.com\/fr\/wp-json\/wp\/v2\/comments?post=160081"}],"version-history":[{"count":0,"href":"https:\/\/www.europesays.com\/fr\/wp-json\/wp\/v2\/posts\/160081\/revisions"}],"wp:featuredmedia":[{"embeddable":true,"href":"https:\/\/www.europesays.com\/fr\/wp-json\/wp\/v2\/media\/160082"}],"wp:attachment":[{"href":"https:\/\/www.europesays.com\/fr\/wp-json\/wp\/v2\/media?parent=160081"}],"wp:term":[{"taxonomy":"category","embeddable":true,"href":"https:\/\/www.europesays.com\/fr\/wp-json\/wp\/v2\/categories?post=160081"},{"taxonomy":"post_tag","embeddable":true,"href":"https:\/\/www.europesays.com\/fr\/wp-json\/wp\/v2\/tags?post=160081"}],"curies":[{"name":"wp","href":"https:\/\/api.w.org\/{rel}","templated":true}]}}