{"id":160103,"date":"2025-06-08T04:57:18","date_gmt":"2025-06-08T04:57:18","guid":{"rendered":"https:\/\/www.europesays.com\/fr\/160103\/"},"modified":"2025-06-08T04:57:18","modified_gmt":"2025-06-08T04:57:18","slug":"condamnee-pour-avoir-violente-une-eleve-de-3-ans-une-institutrice-suspendue-un-an-liberation","status":"publish","type":"post","link":"https:\/\/www.europesays.com\/fr\/160103\/","title":{"rendered":"condamn\u00e9e pour avoir violent\u00e9 une \u00e9l\u00e8ve de 3\u00a0ans, une institutrice suspendue un an \u2013 Lib\u00e9ration"},"content":{"rendered":"<p class=\"sc-ksZaOG ehjQrN text-element\">Une institutrice de 52 ans <a href=\"https:\/\/www.liberation.fr\/societe\/police-justice\/vous-auriez-du-vous-mettre-a-hauteur-denfant-la-professeure-des-ecoles-jugee-pour-avoir-frappe-une-eleve-condamnee-a-3-000-euros-damende-20250221_QNC7N5OFVVHEJPLE6BJERXIMPY\/\" target=\"_blank\" rel=\"noopener\" title=\"https:\/\/www.liberation.fr\/societe\/police-justice\/vous-auriez-du-vous-mettre-a-hauteur-denfant-la-professeure-des-ecoles-jugee-pour-avoir-frappe-une-eleve-condamnee-a-3-000-euros-damende-20250221_QNC7N5OFVVHEJPLE6BJERXIMPY\/\">condamn\u00e9e en f\u00e9vrier<\/a> \u00e0 une amende <a href=\"https:\/\/www.liberation.fr\/societe\/police-justice\/la-maitresse-accusee-davoir-frappe-une-eleve-de-3-ans-a-paris-placee-en-garde-a-vue-20240916_P7WAI6SNI5G7LHLQC2JXGC4WYA\/\" target=\"_blank\" rel=\"noopener\" title=\"https:\/\/www.liberation.fr\/societe\/police-justice\/la-maitresse-accusee-davoir-frappe-une-eleve-de-3-ans-a-paris-placee-en-garde-a-vue-20240916_P7WAI6SNI5G7LHLQC2JXGC4WYA\/\">pour avoir violent\u00e9 une enfant de 3 ans en classe \u00e0 Paris<\/a> apr\u00e8s avoir perdu son \u00absang-froid\u00bb a \u00e9t\u00e9 suspendue un an sans versement de salaire par le rectorat, a-t-on appris ce samedi 7 juin aupr\u00e8s de son avocat.<\/p>\n<p class=\"sc-ksZaOG ehjQrN text-element\">\u00abCette sanction est extr\u00eamement lourde et disproportionn\u00e9e\u00bb, a r\u00e9agi l\u2019avocat de l\u2019enseignante, Me Laurent Hazan, confirmant une information <a href=\"https:\/\/www.leparisien.fr\/societe\/paris-un-an-de-suspension-pour-lenseignante-qui-avait-frappe-une-eleve-de-maternelle-07-06-2025-KY3GGTIW2JDNJGNP7N4WQMYN6U.php\" target=\"_blank\" rel=\"noopener\" title=\"https:\/\/www.leparisien.fr\/societe\/paris-un-an-de-suspension-pour-lenseignante-qui-avait-frappe-une-eleve-de-maternelle-07-06-2025-KY3GGTIW2JDNJGNP7N4WQMYN6U.php\">du Parisien.<\/a><\/p>\n<p class=\"sc-ksZaOG ehjQrN text-element\">Sa cliente, qui a re\u00e7u d\u00e9but mai <a href=\"https:\/\/www.liberation.fr\/societe\/education\/violences-sur-une-eleve-de-3-ans-nicole-belloubet-demande-la-suspension-immediate-dune-enseignante-20240910_7QLG7SLARFGJBH3CY4XGJAMJHQ\/\" target=\"_blank\" rel=\"noopener\" title=\"https:\/\/www.liberation.fr\/societe\/education\/violences-sur-une-eleve-de-3-ans-nicole-belloubet-demande-la-suspension-immediate-dune-enseignante-20240910_7QLG7SLARFGJBH3CY4XGJAMJHQ\/\">une sanction administrative de deux ans de suspension<\/a>, dont un avec sursis, sans traitement, a d\u00e9pos\u00e9 un recours \u00abgracieux et hi\u00e9rarchique\u00bb aupr\u00e8s du rectorat et de la tutelle de ce dernier, le minist\u00e8re de l\u2019Education nationale.<\/p>\n<p class=\"sc-ksZaOG ehjQrN text-element\">\u00abNous esp\u00e9rons que la dur\u00e9e de cette suspension sans salaire soit r\u00e9duite. En cas d\u2019\u00e9chec, ce que nous n\u2019esp\u00e9rons pas, nous saisirons le tribunal administratif\u00bb, a indiqu\u00e9 l\u2019avocat.<\/p>\n<p class=\"sc-ksZaOG ehjQrN text-element\">\u00abCette sanction va \u00e0 l\u2019encontre de l\u2019enqu\u00eate interne qui pr\u00e9conisait la cl\u00e9mence et un accompagnement\u00bb, a relev\u00e9 Me Hazan, d\u00e9fendant le parcours \u00absans aucune difficult\u00e9\u00bb de l\u2019enseignante au cours de ses trente ans de carri\u00e8re.<\/p>\n<p class=\"sc-ksZaOG ehjQrN text-element\">Suspendue \u00e0 titre provisoire depuis les faits, survenus au lendemain de la rentr\u00e9e, <a href=\"https:\/\/www.liberation.fr\/societe\/education\/enseignante-accusee-davoir-frappe-une-eleve-de-3-ans-a-paris-danciens-gestes-deplaces-refont-surface-20240911_RFY3UPSSXNGMRKWMTVUYTODS5A\/\" target=\"_blank\" rel=\"noopener\" title=\"https:\/\/www.liberation.fr\/societe\/education\/enseignante-accusee-davoir-frappe-une-eleve-de-3-ans-a-paris-danciens-gestes-deplaces-refont-surface-20240911_RFY3UPSSXNGMRKWMTVUYTODS5A\/\">l\u2019enseignante<\/a> n\u2019a pas exerc\u00e9 depuis. Contact\u00e9 ce samedi, le rectorat n\u2019a pas r\u00e9pondu.<\/p>\n<p class=\"sc-ksZaOG ehjQrN text-element\"><a href=\"https:\/\/www.liberation.fr\/societe\/education\/petite-fille-frappee-par-sa-maitresse-a-paris-possibles-antecedents-sanctions-administratives-suites-judiciaires-ce-que-lon-sait-de-laffaire-20240910_ZRKHP6S4L5DDTBFO5GQD2PJKD4\/\" target=\"_blank\" rel=\"noopener\" title=\"https:\/\/www.liberation.fr\/societe\/education\/petite-fille-frappee-par-sa-maitresse-a-paris-possibles-antecedents-sanctions-administratives-suites-judiciaires-ce-que-lon-sait-de-laffaire-20240910_ZRKHP6S4L5DDTBFO5GQD2PJKD4\/\">Le 3 septembre 2024,<\/a> elle avait \u00e9t\u00e9 film\u00e9e par une m\u00e8re d\u2019\u00e9l\u00e8ve en train d\u2019assener un violent coup au niveau du dos \u00e0 une petite fille en larmes, dans l\u2019\u00e9cole maternelle des Fr\u00e8res-Voisin situ\u00e9e dans le XVe arrondissement de Paris.<\/p>\n<p class=\"sc-ksZaOG ehjQrN text-element\">Cette sc\u00e8ne s\u2019\u00e9tait d\u00e9roul\u00e9e au lendemain d\u2019une rentr\u00e9e difficile pour cette classe de petite section de maternelle o\u00f9 \u00e9taient accueillis 29 \u00e9l\u00e8ves, certains atteints de handicap.<\/p>\n<p class=\"sc-ksZaOG ehjQrN text-element\">Le 21 f\u00e9vrier, le tribunal correctionnel de Paris avait condamn\u00e9 la quinquag\u00e9naire \u00e0 3 000 euros d\u2019amende, dont la moiti\u00e9 avec sursis et d\u00e9cid\u00e9 de ne pas inscrire cette condamnation \u00e0 son casier judiciaire.<\/p>\n<p class=\"sc-ksZaOG ehjQrN text-element\">Les juges avaient alors tenu compte de \u00abl\u2019intensit\u00e9 du coup port\u00e9\u00bb, ainsi que du contexte de \u00abforte pression\u00bb pesant sur l\u2019institutrice, et du fait qu\u2019il s\u2019agissait d\u2019un \u00abfait isol\u00e9\u00bb.<\/p>\n","protected":false},"excerpt":{"rendered":"Une institutrice de 52 ans condamn\u00e9e en f\u00e9vrier \u00e0 une amende pour avoir violent\u00e9 une enfant de 3&hellip;\n","protected":false},"author":2,"featured_media":160104,"comment_status":"","ping_status":"","sticky":false,"template":"","format":"standard","meta":{"footnotes":""},"categories":[2],"tags":[11,1122,1011,27,12,10228,25,14615],"class_list":{"0":"post-160103","1":"post","2":"type-post","3":"status-publish","4":"format-standard","5":"has-post-thumbnail","7":"category-actualites","8":"tag-actualites","9":"tag-ecole","10":"tag-fr","11":"tag-france","12":"tag-news","13":"tag-protection-de-l-enfance","14":"tag-republique-francaise","15":"tag-violences-enseignement"},"share_on_mastodon":{"url":"https:\/\/pubeurope.com\/@fr\/114645974565485654","error":""},"_links":{"self":[{"href":"https:\/\/www.europesays.com\/fr\/wp-json\/wp\/v2\/posts\/160103","targetHints":{"allow":["GET"]}}],"collection":[{"href":"https:\/\/www.europesays.com\/fr\/wp-json\/wp\/v2\/posts"}],"about":[{"href":"https:\/\/www.europesays.com\/fr\/wp-json\/wp\/v2\/types\/post"}],"author":[{"embeddable":true,"href":"https:\/\/www.europesays.com\/fr\/wp-json\/wp\/v2\/users\/2"}],"replies":[{"embeddable":true,"href":"https:\/\/www.europesays.com\/fr\/wp-json\/wp\/v2\/comments?post=160103"}],"version-history":[{"count":0,"href":"https:\/\/www.europesays.com\/fr\/wp-json\/wp\/v2\/posts\/160103\/revisions"}],"wp:featuredmedia":[{"embeddable":true,"href":"https:\/\/www.europesays.com\/fr\/wp-json\/wp\/v2\/media\/160104"}],"wp:attachment":[{"href":"https:\/\/www.europesays.com\/fr\/wp-json\/wp\/v2\/media?parent=160103"}],"wp:term":[{"taxonomy":"category","embeddable":true,"href":"https:\/\/www.europesays.com\/fr\/wp-json\/wp\/v2\/categories?post=160103"},{"taxonomy":"post_tag","embeddable":true,"href":"https:\/\/www.europesays.com\/fr\/wp-json\/wp\/v2\/tags?post=160103"}],"curies":[{"name":"wp","href":"https:\/\/api.w.org\/{rel}","templated":true}]}}