{"id":160114,"date":"2025-06-08T05:06:21","date_gmt":"2025-06-08T05:06:21","guid":{"rendered":"https:\/\/www.europesays.com\/fr\/160114\/"},"modified":"2025-06-08T05:06:21","modified_gmt":"2025-06-08T05:06:21","slug":"enjeux-face-a-face-la-finale-choc-alcaraz-sinner-decryptee","status":"publish","type":"post","link":"https:\/\/www.europesays.com\/fr\/160114\/","title":{"rendered":"enjeux, face-\u00e0-face&#8230; La finale choc Alcaraz-Sinner d\u00e9crypt\u00e9e"},"content":{"rendered":"<p>Pour la premi\u00e8re fois, le num\u00e9ro 1 mondial Jannik Sinner et le num\u00e9ro 2 Carlos Alcaraz vont se d\u00e9fier en finale d\u2019un tournoi du Grand Chelem dans ce nouveau classique du tennis. Un choc qui promet.<\/p>\n<p>Les enjeux<\/p>\n<p class=\"fig-paragraph\">Les stars de 23 et 22 ans vont s\u2019affronter pour la toute premi\u00e8re fois en finale de Grand Chelem. Depuis plus d\u2019un an, les deux jeunes hommes ont confisqu\u00e9 les cinq derniers tournois du Grand Chelem. L\u2019Italien compte trois Majeurs \u00e0 son palmar\u00e8s\u00a0: l\u2019Open d\u2019Australie 2024 et 2025 et l\u2019US Open 2024. Des tournois du Grand Chelem tous disput\u00e9s sur dur. En patron,\u00a0<a href=\"http:\/\/www.lefigaro.fr\/sports\/tennis\/roland-garros\/roland-garros-impressionnant-sinner-sort-le-tres-grand-jeu-face-a-djokovic-et-rejoint-alcaraz-en-finale-20250606\" data-fig-type=\"NewsFlash\" data-gtm-custom-categorie=\"navigation\" data-gtm-custom-action=\"crossclick\" data-gtm-custom-label=\"Contextuel\" data-gtm-event=\"customEventSPE\" data-fig-domain=\"LEFIGARO\" rel=\"nofollow noopener\" target=\"_blank\">Jannik Sinner<\/a>\u00a0veut doubler la mise cette ann\u00e9e, apr\u00e8s avoir d\u00e9j\u00e0 triomph\u00e9 \u00e0 Melbourne en janvier.\u00a0<a href=\"http:\/\/www.lefigaro.fr\/sports\/tennis\/roland-garros\/roland-garros-ce-n-est-pas-comme-cela-que-je-voulais-gagner-regrette-alcaraz-20250606\" data-fig-type=\"NewsFlash\" data-gtm-custom-categorie=\"navigation\" data-gtm-custom-action=\"crossclick\" data-gtm-custom-label=\"Contextuel\" data-gtm-event=\"customEventSPE\" data-fig-domain=\"LEFIGARO\" rel=\"nofollow noopener\" target=\"_blank\">L\u2019Espagnol,<\/a>\u00a0plus jeune que son rival, compte un titre du Grand Chelem de plus \u00e0 son compteur\u00a0: l\u2019US Open 2022, Wimbledon 2023 et 2024, Roland-Garros 2024. Le dauphin de Sinner vise le doubl\u00e9 Porte d\u2019Auteuil en digne h\u00e9ritier de Rafael Nadal.<\/p>\n<p>Leurs parcours<\/p>\n<p class=\"fig-paragraph\">Premier Italien depuis 1976 \u00e0 disputer la finale Porte d\u2019Auteuil, Sinner n\u2019a pas conc\u00e9d\u00e9 le moindre set en chemin. Il a m\u00eame roul\u00e9 sur la concurrence jusqu\u2019en demi-finale.\u00a0<a href=\"http:\/\/www.lefigaro.fr\/sports\/tennis\/roland-garros\/roland-garros-c-etait-peut-etre-mon-dernier-match-ici-annonce-novak-djokovic-20250607\" data-fig-type=\"NewsFlash\" data-gtm-custom-categorie=\"navigation\" data-gtm-custom-action=\"crossclick\" data-gtm-custom-label=\"Contextuel\" data-gtm-event=\"customEventSPE\" data-fig-domain=\"LEFIGARO\" rel=\"nofollow noopener\" target=\"_blank\">Novak Djokovic<\/a>\u00a0a aussi \u00e9t\u00e9 emport\u00e9 par la tornade Sinner en trois sets (6-4, 7-5, 7-6). Mais \u00able GOAT\u00bb a tout de m\u00eame contrari\u00e9 le nouveau patron avec un duel en trois sets au niveau de jeu stratosph\u00e9rique d\u00e9passant les 3 heures. Parcours beaucoup moins limpide pour Alcaraz, qui a gagn\u00e9 quatre de ses six duels en quatre manches. Au 2e tour contre le Hongrois Fabian Marozsan (56e) (6-1, 4-6, 6-1, 6-2), au 3e face au Bosnien Damir Dzumhur (69e), en 8e contre Ben Shelton (6-1, 6-3, 4-6, 6-4) et en demie contre\u00a0<a href=\"http:\/\/www.lefigaro.fr\/sports\/tennis\/roland-garros\/roland-garros-tres-triste-d-avoir-abandonne-musetti-estime-quand-meme-avoir-fait-un-pas-en-avant-20250606\" data-fig-type=\"NewsFlash\" data-gtm-custom-categorie=\"navigation\" data-gtm-custom-action=\"crossclick\" data-gtm-custom-label=\"Contextuel\" data-gtm-event=\"customEventSPE\" data-fig-domain=\"LEFIGARO\" rel=\"nofollow noopener\" target=\"_blank\">Lorenzo Musetti<\/a>\u00a0(4-6, 7-6, 6-0, 2-0 et abandon).<\/p>\n<p>La statistique 0<\/p>\n<p class=\"fig-paragraph\">Aucun des deux finalistes n\u2019a encore perdu un seul match en finale d\u2019un Grand Chelem (trois sur trois pour l\u2019Italien, et quatre sur quatre pour l\u2019Espagnol). L\u2019un des deux champions va perdre fatalement son invincibilit\u00e9 ce dimanche.<\/p>\n<p>Les confrontations<\/p>\n<p class=\"fig-paragraph\">C\u2019est le douzi\u00e8me duel entre les deux homes. Alcaraz m\u00e8ne 7-4. L\u2019Espagnol a surtout remport\u00e9 les quatre derniers, dont la finale \u00e0 Rome, le 18 mai dernier (7-6 [5], 6-1). Apr\u00e8s avoir purg\u00e9 ses trois mois de suspension en raison de son affaire de dopage, Sinner s\u2019est encore une fois cass\u00e9 les dents sur le seul joueur capable de le battre ces derniers mois. L\u2019Espagnol avait remport\u00e9 leur seul duel \u00e0 Roland-Garros en demi-finales l\u2019an dernier, et en cinq sets. Un duel ind\u00e9cis, tendu et hach\u00e9, les deux joueurs avaient \u00e9t\u00e9 victimes de crampes de stress. Le Transalpin s\u2019\u00e9tait adjug\u00e9 leur premier duel sur la surface ocre sur le circuit principal \u00e0 Umag en 2022 (6-7 (5), 6-1, 6-1). Le match le plus marquant des deux nouvelles stars\u00a0? Le quart de finale de l\u2019US Open 2022 remport\u00e9 par l\u2019Espagnol apr\u00e8s cinq heures et quart de jeu. Un match \u00e9pique en cinq sets (6-3, 6-7 (7\/9), 6-7 (0\/7), 7-5, 6-3) comme r\u00eaveraient d\u2019en avoir un ce dimanche les 15.000 spectateurs du Philippe-Chatrier.<\/p>\n<p>Le regard sur le rival<\/p>\n<p class=\"fig-paragraph\"><strong>Jannik Sinner\u00a0:<\/strong> \u00abJe pense que chaque sport a besoin de rivalit\u00e9s. Carlos est un joueur qui m\u2019aide \u00e0 am\u00e9liorer mon jeu. Il me pousse dans mes limites. J\u2019essaie de comprendre comment m\u2019am\u00e9liorer pour les prochaines fois o\u00f9 je vais l\u2019affronter. Le tennis et tous les sports ont besoin de genre de rivalit\u00e9s. La plupart du temps, c\u2019est aussi de la souffrance. C\u2019est amusant, et pas amusant de jouer contre lui. Nous sommes tous les deux tr\u00e8s jeunes et diff\u00e9rents mais talentueux. Donc, on verra bien.\u00bb<\/p>\n<p class=\"fig-paragraph\"><strong>Carlos Alcaraz\u00a0:\u00a0<\/strong> \u00abJannik est le meilleur joueur du moment. Il a d\u00e9moli chacun de ses adversaires jusqu\u2019en demi-finale. \u00c7a va \u00eatre un bon dimanche pour les fans de tennis. Ce genre de match vous indique comment vous am\u00e9liorer, sur quels points vous devez travailler pour \u00eatre encore plus fort. Ce sont des matchs importants.\u00bb<\/p>\n","protected":false},"excerpt":{"rendered":"Pour la premi\u00e8re fois, le num\u00e9ro 1 mondial Jannik Sinner et le num\u00e9ro 2 Carlos Alcaraz vont se&hellip;\n","protected":false},"author":2,"featured_media":160115,"comment_status":"","ping_status":"","sticky":false,"template":"","format":"standard","meta":{"footnotes":""},"categories":[1412],"tags":[4169,7779,105,1451,2199,1452,1453,1454,1455,1011,27,24473,20859,1960,24472,4171,60,1467,4170],"class_list":{"0":"post-160114","1":"post","2":"type-post","3":"status-publish","4":"format-standard","5":"has-post-thumbnail","7":"category-f1","8":"tag-atp","9":"tag-carlos-alcaraz","10":"tag-djokovic","11":"tag-f1","12":"tag-federer","13":"tag-formula-1","14":"tag-formula1","15":"tag-formule-1","16":"tag-formule1","17":"tag-fr","18":"tag-france","19":"tag-internationaux-de-france","20":"tag-jannik-sinner","21":"tag-nadal","22":"tag-rg","23":"tag-roland-garros","24":"tag-sports","25":"tag-tennis","26":"tag-wta"},"share_on_mastodon":{"url":"https:\/\/pubeurope.com\/@fr\/114646010041173737","error":""},"_links":{"self":[{"href":"https:\/\/www.europesays.com\/fr\/wp-json\/wp\/v2\/posts\/160114","targetHints":{"allow":["GET"]}}],"collection":[{"href":"https:\/\/www.europesays.com\/fr\/wp-json\/wp\/v2\/posts"}],"about":[{"href":"https:\/\/www.europesays.com\/fr\/wp-json\/wp\/v2\/types\/post"}],"author":[{"embeddable":true,"href":"https:\/\/www.europesays.com\/fr\/wp-json\/wp\/v2\/users\/2"}],"replies":[{"embeddable":true,"href":"https:\/\/www.europesays.com\/fr\/wp-json\/wp\/v2\/comments?post=160114"}],"version-history":[{"count":0,"href":"https:\/\/www.europesays.com\/fr\/wp-json\/wp\/v2\/posts\/160114\/revisions"}],"wp:featuredmedia":[{"embeddable":true,"href":"https:\/\/www.europesays.com\/fr\/wp-json\/wp\/v2\/media\/160115"}],"wp:attachment":[{"href":"https:\/\/www.europesays.com\/fr\/wp-json\/wp\/v2\/media?parent=160114"}],"wp:term":[{"taxonomy":"category","embeddable":true,"href":"https:\/\/www.europesays.com\/fr\/wp-json\/wp\/v2\/categories?post=160114"},{"taxonomy":"post_tag","embeddable":true,"href":"https:\/\/www.europesays.com\/fr\/wp-json\/wp\/v2\/tags?post=160114"}],"curies":[{"name":"wp","href":"https:\/\/api.w.org\/{rel}","templated":true}]}}