{"id":160123,"date":"2025-06-08T05:11:17","date_gmt":"2025-06-08T05:11:17","guid":{"rendered":"https:\/\/www.europesays.com\/fr\/160123\/"},"modified":"2025-06-08T05:11:17","modified_gmt":"2025-06-08T05:11:17","slug":"seppois-le-bas-les-fabulargue-le-premier-forum-du-livre-et-de-la-culture-jeunesse-dans-la-vallee","status":"publish","type":"post","link":"https:\/\/www.europesays.com\/fr\/160123\/","title":{"rendered":"Seppois-le-Bas. Les Fabu\u2019Largue, le premier Forum du livre et de la culture jeunesse dans la vall\u00e9e"},"content":{"rendered":"<p>C\u2019est un \u00e9v\u00e9nement \u00e0 l\u2019\u00e9chelle du Sundgau\u00a0: la Communaut\u00e9 de communes Sud Alsace Largue (CCSAL) organise son premier Forum du livre et de la culture jeunesse. Il aura lieu le 14\u00a0juin prochain \u00e0 Seppois-le-Bas, dans la vall\u00e9e de la Largue. Un nouveau rendez-vous litt\u00e9raire et culturel qui m\u00eale rencontres avec des auteurs et illustrateurs, lectures publiques, spectacles, concerts et jeux. Un rendez-vous destin\u00e9 \u00e0 \u00ab\u00a0promouvoir un peu de culture\u00a0\u00bb et \u00e0 \u00ab\u00a0r\u00e9activer l\u2019envie de lire chez les 7-77 ans\u00a0\u00bb, selon le pr\u00e9sident de la CCSAL Fabien Ulmann, dans un secteur o\u00f9 les biblioth\u00e8ques ne sont pas l\u00e9gion et o\u00f9 le bibliobus a arr\u00eat\u00e9 de passer.<\/p>\n<p>  Du livre jeunesse au roman young adult<\/p>\n<p>\u00c0 l\u2019origine de ce forum, deux responsables d\u2019accueil p\u00e9riscolaire, Joanna Pico (Balschwiller) et Laura Schirch (Traubach-le-Haut). Alors qu\u2019elles sont, comme leurs coll\u00e8gues, tout au long de l\u2019ann\u00e9e en contact avec des auteurs, artistes ou com\u00e9diens invit\u00e9s pour des animations et travaux dans les p\u00e9riscolaires du secteur, elles ont pens\u00e9 qu\u2019il serait judicieux de r\u00e9unir ces intervenants culturels et d\u2019organiser un \u00e9v\u00e9nement grand public. C\u2019est ainsi que les id\u00e9es ont fus\u00e9 et que Les Fabu\u2019Largue sont n\u00e9es.<\/p>\n<p class=\"txt\">C\u2019est un peu une pr\u00e9sentation de fin d\u2019ann\u00e9e. L\u2019aboutissement du travail men\u00e9 ces derniers mois dans les \u00e9coles et p\u00e9riscolaires.<\/p>\n<p> Joanna Pico, responsable de p\u00e9riscolaire <\/p>\n<p>Apr\u00e8s avoir activ\u00e9 leur r\u00e9seau, les \u00e9quipes des services Action sociale et solidarit\u00e9s et P\u00e9riscolaires et jeunesse sont parvenus \u00e0 convier pas moins de 26 auteurs (de romans, de BD, de livres pour enfants\u2026) et sept maisons d\u2019\u00e9dition, dont quatre alsaciennes. On citera parmi les auteurs et illustrateurs pr\u00e9sents la Franc-Comtoise Laetitia Paillard, autrice de deux albums jeunesse, Chlo\u00e9 Ernest qui viendra pr\u00e9senter son dernier roman young adult fantastique, la cr\u00e9atrice sundgauvienne du personnage \u00ab\u00a0Trollus\u00a0\u00bb <a href=\"https:\/\/www.lalsace.fr\/culture-loisirs\/2024\/11\/14\/visite-guidee-au-pays-de-trollus-avec-sa-creatrice\" target=\"_blank\" rel=\"noopener\">Corinne Rocklin<\/a> ou encore Pierrick Martinez, auteur de livres et BD faisant la part belle \u00e0 l\u2019hypersensibilit\u00e9.<\/p>\n<p>Au-del\u00e0 des contes et des romans, les lecteurs d\u00e9couvriront aussi un t\u00e9moignage, celui de <a href=\"https:\/\/www.lalsace.fr\/culture-loisirs\/2023\/12\/22\/un-livre-temoignage-pour-aider-les-familles-d-enfants-handicapes\" target=\"_blank\" rel=\"noopener\">Monique Frohn qui a couch\u00e9 sur le papier son combat de maman d\u2019enfant malade<\/a>. \u00ab\u00a0M\u00eame si ce livre n\u2019est pas destin\u00e9 aux enfants, on s\u2019est dit qu\u2019il pouvait int\u00e9resser les parents qui vivent une situation similaire\u00a0\u00bb, commente Laura Schirch. L\u2019autrice viendra \u00e0 Seppois-le-Bas avec son fils.<\/p>\n<p>Ce contenu est bloqu\u00e9 car vous n&rsquo;avez pas accept\u00e9 les cookies et autres traceurs.<\/p>\n<p>En cliquant sur \u00ab J\u2019accepte \u00bb, les cookies et autres traceurs seront d\u00e9pos\u00e9s et vous pourrez visualiser les contenus  (<a href=\"\" class=\"consentModule_policy\" target=\"_blank\" title=\"Consulter la politique de protection des donn\u00e9es du fournisseur\">plus d&rsquo;informations<\/a>).<\/p>\n<p>En cliquant sur \u00ab J\u2019accepte tous les cookies \u00bb, vous autorisez des d\u00e9p\u00f4ts de cookies et autres traceurs pour le stockage de vos donn\u00e9es sur nos sites et applications \u00e0 des fins de personnalisation et de ciblage publicitaire.<\/p>\n<p class=\"consentModule_secondaryText\">Vous gardez la possibilit\u00e9 de retirer votre consentement \u00e0 tout moment en consultant notre <a href=\"https:\/\/www.lalsace.fr\/protection-des-donnees\" target=\"_blank\" title=\"Consulter notre politique de protection des donn\u00e9es\" rel=\"noopener\">politique de protection des donn\u00e9es<\/a>. <br \/>&#13;<br \/>\n            <a href=\"https:\/\/www.lalsace.fr\/culture-loisirs\/2025\/06\/08\/javascript:Didomi.notice.show()\" class=\"consentModule_cmp\" target=\"_blank\" rel=\"noopener\">G\u00e9rer mes choix<\/a>&#13;\n        <\/p>\n<p>&#13;<br \/>\n                        J&rsquo;accepte&#13;<br \/>\n            J&rsquo;accepte tous les cookies&#13;\n        <\/p>\n<p>  Exercer sa plume et son coup de crayon<\/p>\n<p>Pr\u00e9f\u00e9rant \u00ab\u00a0cr\u00e9er une \u00e9mulation\u00a0\u00bb autour de la culture au sens large, plut\u00f4t que \u00ab\u00a0d\u2019empiler\u00a0\u00bb les auteurs invit\u00e9s, les organisateurs ont imagin\u00e9 un programme tr\u00e8s \u00e9clectique. Ils pr\u00e9voient notamment des ateliers chant et initiation aux instruments (trompette, batterie, clarinette\u2026) par l\u2019\u00c9cole de Musique de la R\u00e9gion de Dannemarie (EMRD), des jeux de soci\u00e9t\u00e9, de construction et de manipulation dans un grand espace ludoth\u00e8que, des Escape game adapt\u00e9s aux enfants ou encore des spectacles vivants.<\/p>\n<p>Du c\u00f4t\u00e9 des auteurs, certains seront en d\u00e9dicace, d\u2019autres proposeront une lecture publique de leur livre, d\u2019autres encore, \u00e0 l\u2019instar de <a href=\"https:\/\/www.lalsace.fr\/culture-loisirs\/2022\/11\/01\/le-plaisir-d-ecrire-se-partage-a-illzach-et-riedisheim\" target=\"_blank\" rel=\"noopener\">Vittorio Dimarco<\/a> et de <a href=\"https:\/\/www.lalsace.fr\/culture-loisirs\/2024\/12\/10\/de-l-alsace-au-perou-un-voyage-initiatique-sur-les-traces-d-un-lama\" target=\"_blank\" rel=\"noopener\">Philippe Monnier<\/a> , animeront des ateliers d\u2019\u00e9criture pour les enfants et les jeunes. \u00ab\u00a0L\u2019id\u00e9e est que le public soit vraiment acteur et participe aux animations, qu\u2019il ne soit pas qu\u2019un consommateur qui vient acheter des livres\u00a0\u00bb, glissent les organisateurs. Aussi, les \u00c9ditions Du sable et des cailloux\u00a0seront pr\u00e9sentes pour \u00e9pauler les apprentis \u00e9crivains dans l\u2019\u00e9criture d\u2019un roman. Et le Mulhousien Gilles Ramakistin, alias \u00ab\u00a0Le coup de crayon facile\u00a0\u00bb, partagera ses techniques de dessin et du manga.<\/p>\n<p>Ce contenu est bloqu\u00e9 car vous n&rsquo;avez pas accept\u00e9 les cookies et autres traceurs.<\/p>\n<p>En cliquant sur \u00ab J\u2019accepte \u00bb, les cookies et autres traceurs seront d\u00e9pos\u00e9s et vous pourrez visualiser les contenus  (<a href=\"\" class=\"consentModule_policy\" target=\"_blank\" title=\"Consulter la politique de protection des donn\u00e9es du fournisseur\">plus d&rsquo;informations<\/a>).<\/p>\n<p>En cliquant sur \u00ab J\u2019accepte tous les cookies \u00bb, vous autorisez des d\u00e9p\u00f4ts de cookies et autres traceurs pour le stockage de vos donn\u00e9es sur nos sites et applications \u00e0 des fins de personnalisation et de ciblage publicitaire.<\/p>\n<p class=\"consentModule_secondaryText\">Vous gardez la possibilit\u00e9 de retirer votre consentement \u00e0 tout moment en consultant notre <a href=\"https:\/\/www.lalsace.fr\/protection-des-donnees\" target=\"_blank\" title=\"Consulter notre politique de protection des donn\u00e9es\" rel=\"noopener\">politique de protection des donn\u00e9es<\/a>. <br \/>&#13;<br \/>\n            <a href=\"https:\/\/www.lalsace.fr\/culture-loisirs\/2025\/06\/08\/javascript:Didomi.notice.show()\" class=\"consentModule_cmp\" target=\"_blank\" rel=\"noopener\">G\u00e9rer mes choix<\/a>&#13;\n        <\/p>\n<p>&#13;<br \/>\n                        J&rsquo;accepte&#13;<br \/>\n            J&rsquo;accepte tous les cookies&#13;\n        <\/p>\n<p>Nul doute que tout un chacun trouvera son bonheur dans ce premier forum au programme riche qui, dans le cadre de la politique enfance-jeunesse de la Communaut\u00e9 de communes Sud Alsace, est subventionn\u00e9 (en partie sur les 29\u00a0625\u00a0\u20ac du projet) par la CAF, la MSA et la CEA (Collectivit\u00e9 europ\u00e9enne d\u2019Alsace).<\/p>\n<p class=\"note\">Samedi 14\u00a0juin, de 10\u00a0h \u00e0 18\u00a0h, \u00e0 la salle polyvalente (en face du coll\u00e8ge) de Seppois-le-Bas. Entr\u00e9e libre. Restauration sur place\u00a0; food truck de burgers, caf\u00e9, p\u00e2tisseries. Inscriptions pour participer aux Escape game et aux ateliers chant avec l\u2019EMRD sur le site de la CCSAL via des QR code.<\/p>\n<p>        &#13;<br \/>\n          <a href=\"https:\/\/cdn-s-www.lalsace.fr\/images\/35250bbd-3b5d-47bd-bdcb-dd80f9511955\/NW_raw\/elle-presentera-ses-albums-jeunesse-et-une-histoire-contee-inspiree-de-son-spectacle-le-voyage-de-dame-bulle-photo-dr-1749318365.jpg\" title=\"Elle pr\u00e9sentera ses albums jeunesse et une histoire cont\u00e9e inspir\u00e9e de son spectacle \u00ab\u00a0Le voyage de Dame Bulle\u00a0\u00bb.\u00a0 Photo DR\" class=\"chocolat-image GA-tracking\" data-ga_type=\"click\" data-ga_category=\"D\u00e9tail\" data-ga_action=\"zoomer\" data-ga_label=\"agrandir image\" target=\"_blank\" rel=\"noopener\">&#13;<br \/>\n            <img loading=\"lazy\" decoding=\"async\" src=\"https:\/\/www.europesays.com\/fr\/wp-content\/uploads\/2025\/06\/elle-presentera-ses-albums-jeunesse-et-une-histoire-contee-inspiree-de-son-spectacle-le-voyage-de-da.jpeg\" alt=\"Elle pr\u00e9sentera ses albums jeunesse et une histoire cont\u00e9e inspir\u00e9e de son spectacle \u00ab\u00a0Le voyage de Dame Bulle\u00a0\u00bb.\u00a0 Photo DR\"\/>&#13;<br \/>\n          <\/a>&#13;<br \/>\n          &#13;<\/p>\n<p class=\"insetTitle\">Ga\u00eblle Fratelli, com\u00e9dienne et conteuse mulhousienne<\/p>\n<p>Depuis 2012, la com\u00e9dienne et autrice mulhousienne <a href=\"https:\/\/www.lalsace.fr\/societe\/2024\/04\/22\/inclusion-et-creations-autour-du-conte-la-danse-d-angele\" target=\"_blank\" rel=\"noopener\">Ga\u00eblle Fratelli<\/a> voyage avec son personnage de Dame Bulle, qu\u2019elle a commenc\u00e9 \u00e0 incarner pour rendre visite aux enfants hospitalis\u00e9s. Une mani\u00e8re de les aider \u00e0 s\u2019\u00e9vader. Depuis, le personnage, de retour d\u2019un tour du monde et \u00e0 la recherche d\u2019un secret, a \u00e9volu\u00e9 et \u00ab\u00a0continue d\u2019exister en accompagnement artistique\u00a0\u00bb. C\u2019est ainsi qu\u2019il s\u2019est retrouv\u00e9 ces derniers temps au p\u00e9riscolaire de Balschwiller o\u00f9, avec des enfants entre 3 et 13 ans, Ga\u00eblle Fratelli a invent\u00e9 une nouvelle histoire mettant en sc\u00e8ne son personnage phare. Elle lira d\u2019ailleurs l\u2019un de ses contes au Forum du livre. \u00ab\u00a0On aime toujours rencontrer le public, les parents et les enfants, glisse Ga\u00eblle Fratelli. On est une petite structure [sa compagnie \u00ab\u00a0L\u2019Inattendue\u00a0\u00bb] et on essaye de transmettre des valeurs. Un Forum du livre, c\u2019est aussi l\u2019occasion de parler de ces choses auxquelles on tient et de les partager.\u00a0\u00bb<\/p>\n<p>        &#13;<br \/>\n          <a href=\"https:\/\/cdn-s-www.lalsace.fr\/images\/9a783177-fd46-4747-9c20-c935c1ebca45\/NW_raw\/francois-poulet-fera-decouvrir-son-premier-album-jeunesse-celestin-le-garcon-du-creux-de-lune-photo-dr-1749318365.jpg\" title=\"Fran\u00e7ois Poulet fera d\u00e9couvrir son premier album jeunesse, \u00ab\u00a0C\u00e9lestin, le gar\u00e7on du creux de lune\u00a0\u00bb.\u00a0 Photo DR\" class=\"chocolat-image GA-tracking\" data-ga_type=\"click\" data-ga_category=\"D\u00e9tail\" data-ga_action=\"zoomer\" data-ga_label=\"agrandir image\" target=\"_blank\" rel=\"noopener\">&#13;<br \/>\n            <img loading=\"lazy\" decoding=\"async\" src=\"https:\/\/www.europesays.com\/fr\/wp-content\/uploads\/2025\/06\/francois-poulet-fera-decouvrir-son-premier-album-jeunesse-celestin-le-garcon-du-creux-de-lune-photo-.jpeg\" alt=\"Fran\u00e7ois Poulet fera d\u00e9couvrir son premier album jeunesse, \u00ab\u00a0C\u00e9lestin, le gar\u00e7on du creux de lune\u00a0\u00bb.\u00a0 Photo DR\"\/>&#13;<br \/>\n          <\/a>&#13;<br \/>\n          &#13;<\/p>\n<p class=\"insetTitle\">Fran\u00e7ois Poulet, directeur d\u2019un p\u00e9riscolaire sundgauvien et auteur<\/p>\n<p>Le Sundgauvien Fran\u00e7ois Poulet a une double casquette. Directeur du p\u00e9riscolaire de Pfetterhouse depuis trois ans, il est aussi, depuis peu, auteur et illustrateur. \u00ab\u00a0L\u2019id\u00e9e me trottait dans la t\u00eate depuis un petit moment et l\u00e0 je me suis dit, allez, je me lance.\u00a0\u00bb Le trentenaire a commenc\u00e9 par les illustrations de son ouvrage jeunesse, avant de s\u2019attaquer \u00e0 l\u2019\u00e9criture de \u00a0C\u00e9lestin, le gar\u00e7on du creux de lune , inspir\u00e9 du Petit Prince  de Saint-Exup\u00e9ry. \u00ab\u00a0On va suivre C\u00e9lestin \u00e0 travers son p\u00e9riple dans le syst\u00e8me solaire. C\u2019est un r\u00e9cit p\u00e9dagogique, dans lequel on apprend le nom des plan\u00e8tes et leur origine mythologique.\u00a0\u00bb Le premier livre de Fran\u00e7ois Poulet n\u2019est pas encore \u00e9dit\u00e9, mais\u2026 l\u2019auteur en fera une lecture publique lors du Forum. En avant-premi\u00e8re. \u00ab\u00a0J\u2019esp\u00e8re ne pas bafouiller\u00a0! (rires) Ce sera l\u2019occasion d\u2019avoir des retours en direct et de voir si les parents et les enfants sont r\u00e9ceptifs\u00a0\u00bb, se r\u00e9jouit-il.<\/p>\n<p>        &#13;<br \/>\n          <a href=\"https:\/\/cdn-s-www.lalsace.fr\/images\/858edc28-c283-4c2c-9c72-897b599f5a85\/NW_raw\/patricia-vigier-viendra-parler-de-son-dernier-livre-bobine-et-pop-corn-qui-traite-du-harcelement-scolaire-photo-dr-1749318365.jpg\" title=\"Patricia Vigier viendra parler de son dernier livre \u00ab\u00a0Bobine et Pop-Corn\u00a0\u00bb qui traite du harc\u00e8lement scolaire.\u00a0 Photo DR\" class=\"chocolat-image GA-tracking\" data-ga_type=\"click\" data-ga_category=\"D\u00e9tail\" data-ga_action=\"zoomer\" data-ga_label=\"agrandir image\" target=\"_blank\" rel=\"noopener\">&#13;<br \/>\n            <img loading=\"lazy\" decoding=\"async\" src=\"https:\/\/www.europesays.com\/fr\/wp-content\/uploads\/2025\/06\/patricia-vigier-viendra-parler-de-son-dernier-livre-bobine-et-pop-corn-qui-traite-du-harcelement-sco.jpeg\" alt=\"Patricia Vigier viendra parler de son dernier livre \u00ab\u00a0Bobine et Pop-Corn\u00a0\u00bb qui traite du harc\u00e8lement scolaire.\u00a0 Photo DR\"\/>&#13;<br \/>\n          <\/a>&#13;<br \/>\n          &#13;<\/p>\n<p class=\"insetTitle\">Patricia Vigier, professeure documentaliste et autrice du Sud-Ouest<\/p>\n<p>Amoureuse des mots et des lettres, professeure documentaliste dans la vie, Patricia Vigier \u00e9crit \u00ab\u00a0depuis longtemps\u00a0\u00bb des po\u00e8mes et des notes \u00ab\u00a0sans pr\u00e9tention d\u2019\u00eatre publi\u00e9e\u00a0\u00bb. Jusqu\u2019en 2018 o\u00f9, l\u2019histoire enfouie d\u2019un jeune Africain port\u00e9 disparu \u00e0 Bordeaux au XVIIIe \u00a0si\u00e8cle, et \u00e0 qui elle \u00ab\u00a0invente un destin\u00a0\u00bb, lui donne le \u00ab\u00a0d\u00e9clic\u00a0\u00bb d\u2019\u00e9crire un premier roman.\u00a0Patricia Vigier vient alors de \u00ab\u00a0mettre le doigt dans l\u2019engrenage\u00a0\u00bb. Elle \u00e9crit et publie dans la foul\u00e9e six r\u00e9cits semblables sur un point\u00a0: ils abordent tous des sujets engag\u00e9s. Dans son dernier roman paru au printemps, Bobine et Pop-Corn , ce sont le harc\u00e8lement et la phobie scolaires. \u00ab\u00a0Tout est vrai et tout est invent\u00e9\u00a0\u00bb, s\u2019amuse l\u2019autrice du Sud-Ouest qui a \u00ab\u00a0h\u00e2te\u00a0\u00bb de venir dans le Sundgau pr\u00e9senter ce court roman \u00ab\u00a0constructif et optimiste\u00a0\u00bb aux enfants. \u00ab\u00a0On \u00e9crit aussi pour amorcer des d\u00e9bats et, peut-\u00eatre, planter des graines sur ces sujets.\u00a0\u00bb<\/p>\n","protected":false},"excerpt":{"rendered":"C\u2019est un \u00e9v\u00e9nement \u00e0 l\u2019\u00e9chelle du Sundgau\u00a0: la Communaut\u00e9 de communes Sud Alsace Largue (CCSAL) organise son premier&hellip;\n","protected":false},"author":2,"featured_media":160124,"comment_status":"","ping_status":"","sticky":false,"template":"","format":"standard","meta":{"footnotes":""},"categories":[1357],"tags":[1379,6211,1687,58,13971,59,107,1685,1011,27,6225,1380,2410,5486,24296,29185],"class_list":{"0":"post-160123","1":"post","2":"type-post","3":"status-publish","4":"format-standard","5":"has-post-thumbnail","7":"category-livres","8":"tag-books","9":"tag-conference","10":"tag-culture-loisirs","11":"tag-divertissement","12":"tag-edition-sundgau-trois-frontieres","13":"tag-entertainment","14":"tag-fil-info","15":"tag-foire-et-salon","16":"tag-fr","17":"tag-france","18":"tag-la-matinale","19":"tag-livres","20":"tag-livres-bd","21":"tag-rencontre","22":"tag-secteur-de-hirsingue","23":"tag-seppois-le-bas"},"share_on_mastodon":{"url":"https:\/\/pubeurope.com\/@fr\/114646029811970423","error":""},"_links":{"self":[{"href":"https:\/\/www.europesays.com\/fr\/wp-json\/wp\/v2\/posts\/160123","targetHints":{"allow":["GET"]}}],"collection":[{"href":"https:\/\/www.europesays.com\/fr\/wp-json\/wp\/v2\/posts"}],"about":[{"href":"https:\/\/www.europesays.com\/fr\/wp-json\/wp\/v2\/types\/post"}],"author":[{"embeddable":true,"href":"https:\/\/www.europesays.com\/fr\/wp-json\/wp\/v2\/users\/2"}],"replies":[{"embeddable":true,"href":"https:\/\/www.europesays.com\/fr\/wp-json\/wp\/v2\/comments?post=160123"}],"version-history":[{"count":0,"href":"https:\/\/www.europesays.com\/fr\/wp-json\/wp\/v2\/posts\/160123\/revisions"}],"wp:featuredmedia":[{"embeddable":true,"href":"https:\/\/www.europesays.com\/fr\/wp-json\/wp\/v2\/media\/160124"}],"wp:attachment":[{"href":"https:\/\/www.europesays.com\/fr\/wp-json\/wp\/v2\/media?parent=160123"}],"wp:term":[{"taxonomy":"category","embeddable":true,"href":"https:\/\/www.europesays.com\/fr\/wp-json\/wp\/v2\/categories?post=160123"},{"taxonomy":"post_tag","embeddable":true,"href":"https:\/\/www.europesays.com\/fr\/wp-json\/wp\/v2\/tags?post=160123"}],"curies":[{"name":"wp","href":"https:\/\/api.w.org\/{rel}","templated":true}]}}