{"id":160125,"date":"2025-06-08T05:12:10","date_gmt":"2025-06-08T05:12:10","guid":{"rendered":"https:\/\/www.europesays.com\/fr\/160125\/"},"modified":"2025-06-08T05:12:10","modified_gmt":"2025-06-08T05:12:10","slug":"maries-au-premier-regard-2025-melanie-balance-sur-sa-premiere-nuit-avec-mallaury-ca-faisait-tres-longtemps","status":"publish","type":"post","link":"https:\/\/www.europesays.com\/fr\/160125\/","title":{"rendered":"Mari\u00e9s au premier regard 2025 : M\u00e9lanie balance sur sa premi\u00e8re nuit avec Mallaury : \u00ab\u00a0\u00c7a faisait tr\u00e8s longtemps\u00a0\u00bb"},"content":{"rendered":"<p>Un couple qui fait d\u00e9j\u00e0 l\u2019unanimit\u00e9 dans Mari\u00e9s au premier<br \/>\nregard. Entre Mallaury et M\u00e9lanie, alors compatibles \u00e0 82% selon la<br \/>\nscience, le courant semble v\u00e9ritablement bien passer. Cela s\u2019est<br \/>\nd\u2019ailleurs v\u00e9rifi\u00e9 le jour de la c\u00e9r\u00e9monie \u00e0 Gibraltar. \u00ab\u00a0Je<br \/>\nsuis contente, c\u2019est une jolie femme. Elle a un joli regard, elle<br \/>\nest tr\u00e8s jolie dans sa robe\u00a0\u00bb, d\u00e9voilait ainsi l\u2019\u00e9ducatrice de<br \/>\n34 ans. Mallaury, elle, est \u00e9galement conquise par celle qu\u2019elle<br \/>\nvient d\u2019\u00e9pouser.<\/p>\n<p>Dans Mari\u00e9s au premier regard, le courant passe entre Mallaury<br \/>\net M\u00e9lanie<\/p>\n<p>Pour rappel, l\u2019aide-soignante de 29 ans n\u2019avait <strong>aucune<br \/>\nid\u00e9e de la personne avec qui elle allait se marier<\/strong>.<br \/>\n<a href=\"https:\/\/www.melty.fr\/tele\/maries-au-premier-regard-2025-melanie-perturbee-par-la-bisexualite-de-mallaury-ca-fait-peur-2239123.html\" target=\"_blank\" rel=\"noopener\"><br \/>\nPremi\u00e8re candidate bisexuelle de l\u2019aventure<\/a> Mari\u00e9s au premier<br \/>\nregard, Mallaury misait alors tout sur Estelle Dossin et Marie<br \/>\nTapernoux pour lui trouver <strong>la personne id\u00e9ale avec qui<br \/>\nfaire sa vie<\/strong>.<\/p>\n<p>Apr\u00e8s une jolie c\u00e9r\u00e9monie entour\u00e9es de leurs proches,<br \/>\n<strong>Mallaury et M\u00e9lanie n\u2019ont pas souhait\u00e9 se<br \/>\npr\u00e9cipiter<\/strong>. Ces derni\u00e8res ont d\u2019ailleurs fait le choix de<br \/>\n<a href=\"https:\/\/www.melty.fr\/tele\/maries-au-premier-regard-mallaury-revele-pourquoi-elle-na-pas-voulu-embrasser-melanie-lors-du-mariage-2236789.html\" target=\"_blank\" rel=\"noopener\"><br \/>\nse faire un bisou sur la joue<\/a>. La magie, elle, a certainement<br \/>\nop\u00e9r\u00e9. <strong>\u00ab\u00a0Il n\u00a0\u00bby a pas de g\u00eane\u00a0\u00bb<\/strong>, a aussit\u00f4t<br \/>\nremarqu\u00e9 Mallaury avant de poursuivre au sujet de sa nouvelle<br \/>\n\u00e9pouse : \u00ab\u00a0Elle est <strong>pleine de bienveillance<\/strong>,<br \/>\nelle n&rsquo;est <strong>pas du tout dans le jugement<\/strong>. \u00c7a me<br \/>\nrassure, \u00e7a me met en confiance, <strong>je me sens \u00e0<br \/>\nl&rsquo;aise<\/strong> \u00e0 franchir des \u00e9tapes avec elle\u00a0\u00bb.<\/p>\n<p>Les deux candidates ne se sont \u00ab\u00a0pas touch\u00e9es\u00a0\u00bb durant leur nuit<br \/>\nde noces<\/p>\n<p><strong>Attention spoiler !<\/strong> Dans le prochain \u00e9pisode de<br \/>\nMari\u00e9s au premier regard d\u00e9j\u00e0 disponible sur M6+, Mallaury et<br \/>\nM\u00e9lanie vont enfin passer <strong>leur premi\u00e8re nuit<br \/>\nensemble<\/strong> apr\u00e8s leur soir\u00e9e de mariage. Si la complicit\u00e9<br \/>\nentre les deux femmes est bel et bien pr\u00e9sente, ces derni\u00e8res vont<br \/>\ntoutefois faire le choix de <strong>ne pas se rapprocher<br \/>\nphysiquement<\/strong>.<\/p>\n<p><strong>\u00ab\u00a0Dans ce grand lit, on ne s&rsquo;est pas touch\u00e9es de la<br \/>\nnuit\u00a0\u00bb<\/strong>, confie ainsi Mallaury non sans humour face aux<br \/>\ncam\u00e9ras d\u2019M6. En r\u00e9alit\u00e9, les deux candidates souhaitent<br \/>\n<strong>prendre le temps de se conna\u00eetre<\/strong>, ce qui semble<br \/>\nparfaitement convenir \u00e0 M\u00e9lanie : \u00ab\u00a0\u00c7a faisait <strong>tr\u00e8s<br \/>\nlongtemps que je n&rsquo;avais pas partag\u00e9 mon lit avec<br \/>\nquelqu&rsquo;un<\/strong>. Mais pour autant, on est rest\u00e9es chacune de son<br \/>\nc\u00f4t\u00e9. (&#8230;) On ne s&rsquo;est <strong>m\u00eame pas fr\u00f4l\u00e9 le petit<br \/>\ndoigt<\/strong>. Je pense qu&rsquo;on avait juste envie de parler, de se<br \/>\nreposer sans forcer les choses\u00a0\u00bb.<\/p>\n<p>Mallaury \u00e9voque avec bonheur son d\u00e9but<br \/>\nde relation avec M\u00e9lanie<\/p>\n<p>Au lendemain de cette premi\u00e8re nuit ensemble, Mallaury et<br \/>\nM\u00e9lanie d\u00e9couvrent le lieu dans lequel elles vont passer<br \/>\n<strong>leur lune de miel<\/strong>. Il s\u2019agit de la ville d\u2019Avil\u00e9s,<br \/>\nsitu\u00e9e au nord de l\u2019Espagne. Au petit-d\u00e9jeuner, <strong>l\u2019ambiance<br \/>\nest toujours aussi agr\u00e9able<\/strong> entre les deux femmes.<br \/>\n<strong>\u00ab\u00a0Elle a beaucoup d&rsquo;humour et \u00e7a c&rsquo;est g\u00e9nial<\/strong>,<br \/>\nparce que j&rsquo;en ai beaucoup aussi et c&rsquo;est ultra important pour moi<br \/>\nde rire avec sa moiti\u00e9\u00a0\u00bb, confie Mallaury.<\/p>\n<p>Mari\u00e9e depuis la veille \u00e0 M\u00e9lanie, l\u2019aide-soignante remarque \u00e0<br \/>\nquel point <strong>tout est d\u00e9j\u00e0 fluide au sein du couple<\/strong><br \/>\n: \u00ab\u00a0Je suis trop contente, on rigole, je vois qu&rsquo;<strong>on est<br \/>\ncomplices alors que \u00e7a ne fait m\u00eame pas 24 heures qu&rsquo;on se<br \/>\nconna\u00eet<\/strong>. J&rsquo;ai l&rsquo;impression que \u00e7a fait semaines finalement<br \/>\nqu&rsquo;on se conna\u00eet\u00a0\u00bb. Voil\u00e0 qui est on ne peut plus prometteur<br \/>\npour la suite.<\/p>\n","protected":false},"excerpt":{"rendered":"Un couple qui fait d\u00e9j\u00e0 l\u2019unanimit\u00e9 dans Mari\u00e9s au premier regard. Entre Mallaury et M\u00e9lanie, alors compatibles \u00e0&hellip;\n","protected":false},"author":2,"featured_media":160126,"comment_status":"","ping_status":"","sticky":false,"template":"","format":"standard","meta":{"footnotes":""},"categories":[1356],"tags":[905,58,59,1011,27,4057,252,1364],"class_list":{"0":"post-160125","1":"post","2":"type-post","3":"status-publish","4":"format-standard","5":"has-post-thumbnail","7":"category-television","8":"tag-a-la-une-melty","9":"tag-divertissement","10":"tag-entertainment","11":"tag-fr","12":"tag-france","13":"tag-maries-au-premier-regard-2025","14":"tag-television","15":"tag-tv"},"share_on_mastodon":{"url":"https:\/\/pubeurope.com\/@fr\/114646033653993416","error":""},"_links":{"self":[{"href":"https:\/\/www.europesays.com\/fr\/wp-json\/wp\/v2\/posts\/160125","targetHints":{"allow":["GET"]}}],"collection":[{"href":"https:\/\/www.europesays.com\/fr\/wp-json\/wp\/v2\/posts"}],"about":[{"href":"https:\/\/www.europesays.com\/fr\/wp-json\/wp\/v2\/types\/post"}],"author":[{"embeddable":true,"href":"https:\/\/www.europesays.com\/fr\/wp-json\/wp\/v2\/users\/2"}],"replies":[{"embeddable":true,"href":"https:\/\/www.europesays.com\/fr\/wp-json\/wp\/v2\/comments?post=160125"}],"version-history":[{"count":0,"href":"https:\/\/www.europesays.com\/fr\/wp-json\/wp\/v2\/posts\/160125\/revisions"}],"wp:featuredmedia":[{"embeddable":true,"href":"https:\/\/www.europesays.com\/fr\/wp-json\/wp\/v2\/media\/160126"}],"wp:attachment":[{"href":"https:\/\/www.europesays.com\/fr\/wp-json\/wp\/v2\/media?parent=160125"}],"wp:term":[{"taxonomy":"category","embeddable":true,"href":"https:\/\/www.europesays.com\/fr\/wp-json\/wp\/v2\/categories?post=160125"},{"taxonomy":"post_tag","embeddable":true,"href":"https:\/\/www.europesays.com\/fr\/wp-json\/wp\/v2\/tags?post=160125"}],"curies":[{"name":"wp","href":"https:\/\/api.w.org\/{rel}","templated":true}]}}