{"id":160131,"date":"2025-06-08T05:15:19","date_gmt":"2025-06-08T05:15:19","guid":{"rendered":"https:\/\/www.europesays.com\/fr\/160131\/"},"modified":"2025-06-08T05:15:19","modified_gmt":"2025-06-08T05:15:19","slug":"liste-des-26-maladies-prises-en-charge-a-100","status":"publish","type":"post","link":"https:\/\/www.europesays.com\/fr\/160131\/","title":{"rendered":"Liste des 26 maladies prises en charge \u00e0 100 %"},"content":{"rendered":"<p>Dans le cadre de l\u2019am\u00e9lioration continue de la couverture sociale, la <strong>Caisse nationale des assurances sociales des travailleurs salari\u00e9s (CNAS)<\/strong> a publi\u00e9 un communiqu\u00e9 d\u00e9taillant les avantages suppl\u00e9mentaires accord\u00e9s aux assur\u00e9s souffrant de <strong>maladies chroniques<\/strong>. Ces mesures visent \u00e0 all\u00e9ger le fardeau financier et administratif des patients concern\u00e9s, tout en garantissant un meilleur acc\u00e8s aux soins.<\/p>\n<p>En effet, selon le communiqu\u00e9, la CNAS prend en charge <strong>26 maladies chroniques<\/strong>, list\u00e9es dans les articles 5 et 21 du d\u00e9cret n\u00b0 84-27 du 11 f\u00e9vrier 1984.<\/p>\n<p>La liste d\u00e9taill\u00e9e des maladies \u00e9ligibles au remboursement total est vaste et couvre un \u00e9ventail de conditions m\u00e9dicales critiques. Parmi les affections cibl\u00e9es figurent des cat\u00e9gories importantes telles que la <strong>tuberculose sous toutes ses formes<\/strong>, les <strong>maladies neurologiques graves<\/strong>, les <strong>affections canc\u00e9reuses<\/strong> et les <strong>maladies du sang<\/strong>.<\/p>\n<p>Les pathologies cardiovasculaires, l\u2019une des principales pr\u00e9occupations de sant\u00e9 publique, b\u00e9n\u00e9ficient \u00e9galement de cette mesure. <strong>L\u2019hypertension art\u00e9rielle maligne<\/strong>, les maladies coronariennes (dont l\u2019angine de poitrine et l\u2019infarctus du myocarde), les accidents vasculaires c\u00e9r\u00e9braux (AVC) et m\u00eame le remplacement de la valve par une proth\u00e8se sont d\u00e9sormais enti\u00e8rement pris en charge.<\/p>\n<p><a href=\"https:\/\/bit.ly\/3w4oo8S\" target=\"_blank\" title=\"Votre destination sant\u00e9, le Centre m\u00e9dical Anadolu\" rel=\"nofollow noopener\"> <img loading=\"lazy\" decoding=\"async\" src=\"data:image\/svg+xml,%3Csvg%20xmlns=\" http:=\"\" data-src=\"https:\/\/www.europesays.com\/fr\/wp-content\/uploads\/2025\/06\/AMC_728_90_Corporate_v1.jpg.webp\" class=\"img-fluid lazy\" width=\"728\" height=\"90\" alt=\"Votre destination sant\u00e9, le Centre m\u00e9dical Anadolu\" data-smush-webp-fallback=\"{&quot;src&quot;:&quot;https:\\\/\\\/www.algerie360.com\\\/wp-content\\\/uploads\\\/2022\\\/05\\\/AMC_728_90_Corporate_v1.jpg&quot;}\"\/><\/a><br \/>\n<a href=\"https:\/\/bit.ly\/3w4oo8S\" target=\"_blank\" title=\"Votre destination sant\u00e9, le Centre m\u00e9dical Anadolu\" rel=\"nofollow noopener\"> <img loading=\"lazy\" decoding=\"async\" src=\"data:image\/svg+xml,%3Csvg%20xmlns=\" http:=\"\" data-src=\"https:\/\/www.europesays.com\/fr\/wp-content\/uploads\/2025\/06\/AMC_300_250_Corporate_v1-1.jpg.webp\" class=\"img-fluid lazy\" width=\"300\" height=\"250\" alt=\"Votre destination sant\u00e9, le Centre m\u00e9dical Anadolu\" data-smush-webp-fallback=\"{&quot;src&quot;:&quot;https:\\\/\\\/www.algerie360.com\\\/wp-content\\\/uploads\\\/2022\\\/05\\\/AMC_300_250_Corporate_v1-1.jpg&quot;}\"\/><\/a><\/p>\n<p>Le volet des affections neurologiques et musculaires est \u00e9galement bien repr\u00e9sent\u00e9, avec l\u2019inclusion de maladies telles que la <strong>scl\u00e9rose en plaques<\/strong>, l\u2019\u00e9pilepsie du lobe temporal, et l\u2019inflammation des nerfs. Des maladies rares comme la <strong>myasth\u00e9nie et l\u2019amyotrophie spinale<\/strong> progressive sont \u00e9galement couvertes.<\/p>\n<p><img fetchpriority=\"high\" decoding=\"async\" class=\"size-full wp-image-884284 aligncenter lazy\" src=\"data:image\/svg+xml,%3Csvg%20xmlns=\" http:=\"\" data-src=\"https:\/\/www.europesays.com\/fr\/wp-content\/uploads\/2025\/06\/CNAS.jpg.webp\" alt=\"\" width=\"951\" height=\"540\" data- data- data-smush-webp-fallback=\"{&quot;src&quot;:&quot;https:\\\/\\\/www.algerie360.com\\\/wp-content\\\/uploads\\\/2025\\\/06\\\/CNAS.jpg&quot;,&quot;srcset&quot;:&quot;https:\\\/\\\/www.algerie360.com\\\/wp-content\\\/uploads\\\/2025\\\/06\\\/CNAS.jpg 951w, https:\\\/\\\/www.algerie360.com\\\/wp-content\\\/uploads\\\/2025\\\/06\\\/CNAS-320x182.jpg 320w, https:\\\/\\\/www.algerie360.com\\\/wp-content\\\/uploads\\\/2025\\\/06\\\/CNAS-768x436.jpg 768w&quot;}\"\/><\/p>\n<p>CNAS : Voici la liste d\u00e9taill\u00e9e des 26 pathologies ouvrant droit \u00e0 un remboursement \u00e0 100%<\/p>\n<p>Pour une clart\u00e9 totale, voici la liste exhaustive des maladies ouvrant droit \u00e0 une indemnisation int\u00e9grale par la CNAS :<\/p>\n<ul>\n<li aria-level=\"1\">Tuberculose sous toutes ses formes<\/li>\n<li aria-level=\"1\">Maladies neurologiques graves<\/li>\n<li aria-level=\"1\">Maladies canc\u00e9reuses<\/li>\n<li aria-level=\"1\">Maladies du sang<\/li>\n<li aria-level=\"1\">Sarco\u00efdose<\/li>\n<li aria-level=\"1\">Hypertension art\u00e9rielle maligne<\/li>\n<li aria-level=\"1\">Angine de poitrine<\/li>\n<li aria-level=\"1\">Infarctus du myocarde (n\u00e9crose myocardique)<\/li>\n<li aria-level=\"1\">D\u00e9viation du trajet de l\u2019art\u00e8re coronaire<\/li>\n<li aria-level=\"1\">Remplacement de la valve par une proth\u00e8se<\/li>\n<li aria-level=\"1\">Maladies avanc\u00e9es des valves<\/li>\n<li aria-level=\"1\">Maladies avanc\u00e9es d\u2019ath\u00e9roscl\u00e9rose<\/li>\n<li aria-level=\"1\">Art\u00e8res des membres inf\u00e9rieurs<\/li>\n<li aria-level=\"1\">Accident vasculaire c\u00e9r\u00e9bral (ou thrombose c\u00e9r\u00e9brale), m\u00e9ningite ou m\u00e9ningo-enc\u00e9phalite<\/li>\n<li aria-level=\"1\">Troubles du rythme cardiaque et pose d\u2019un dispositif de r\u00e9gulation du rythme cardiaque<\/li>\n<li aria-level=\"1\">Scl\u00e9rose en plaques<\/li>\n<li aria-level=\"1\">Syndromes extra-pyramidaux<\/li>\n<li aria-level=\"1\">Paralysie faciale due \u00e0 une l\u00e9sion c\u00e9r\u00e9brale<\/li>\n<li aria-level=\"1\">\u00c9pilepsie (lobe temporal)<\/li>\n<li aria-level=\"1\">Inflammation des nerfs<\/li>\n<li aria-level=\"1\">Amyotrophie spinale progressive<\/li>\n<li aria-level=\"1\">Myopathie (atrophie musculaire)<\/li>\n<li aria-level=\"1\">Myasth\u00e9nie<\/li>\n<li aria-level=\"1\">L\u00e9sion c\u00e9r\u00e9brale<\/li>\n<li aria-level=\"1\">Maladies r\u00e9nales<\/li>\n<li aria-level=\"1\">Spondylarthrite ankylosante<\/li>\n<li aria-level=\"1\">Arthrite rhumato\u00efde<\/li>\n<li aria-level=\"1\">Ost\u00e9oporose aigu\u00eb<\/li>\n<li aria-level=\"1\">Polyarthrite nodulaire<\/li>\n<li aria-level=\"1\">Lupus \u00e9ryth\u00e9mateux diss\u00e9min\u00e9<\/li>\n<li aria-level=\"1\">Insuffisance respiratoire chronique due \u00e0 l\u2019obstruction<\/li>\n<li aria-level=\"1\">Poliomy\u00e9lite aigu\u00eb<\/li>\n<li aria-level=\"1\">Diab\u00e8te<\/li>\n<li aria-level=\"1\">Hyperprot\u00e9in\u00e9mie<\/li>\n<li aria-level=\"1\">Hyperlipid\u00e9mie<\/li>\n<li aria-level=\"1\">Malformations cardiaques cong\u00e9nitales<\/li>\n<li aria-level=\"1\">Troubles des glandes endocrines<\/li>\n<li aria-level=\"1\">Polyarthrite rhumato\u00efde aigu\u00eb<\/li>\n<li aria-level=\"1\">Inflammation chronique des os et des articulations<\/li>\n<li aria-level=\"1\">Complications graves et durables des ulc\u00e8res et des r\u00e9sections infectieuses<\/li>\n<li aria-level=\"1\">Cirrhose du foie<\/li>\n<li aria-level=\"1\">Colite h\u00e9morragique inflammatoire<\/li>\n<li aria-level=\"1\">Pemphigo\u00efde maligne et psoriasique<\/li>\n<li aria-level=\"1\">L\u00e8pre et ses complications<\/li>\n<\/ul>\n<p>Maladies chroniques : Quels avantages concrets pour les assur\u00e9s ?<\/p>\n<p>Les assur\u00e9s atteints de l\u2019une de ces maladies b\u00e9n\u00e9ficient d\u00e9sormais de plusieurs am\u00e9liorations significatives :<\/p>\n<ol>\n<li aria-level=\"1\">La revalorisation du taux de remboursement des prestations en nature<strong> \u00e0 100 % <\/strong>des tarifs de r\u00e9f\u00e9rence fix\u00e9s par la r\u00e9glementation en vigueur.<\/li>\n<li aria-level=\"1\">L\u2019exon\u00e9ration du plafonnement du nombre d\u2019ordonnances prises en charge dans le cadre du syst\u00e8me du tiers payant, <strong>limit\u00e9 \u00e0 deux ordonnances tous les trois (03) mois<\/strong>.<\/li>\n<li aria-level=\"1\">L\u2019exon\u00e9ration du plafonnement du montant de l\u2019ordonnance m\u00e9dicale fix\u00e9 <strong>\u00e0 5 000 DA.<\/strong><\/li>\n<li aria-level=\"1\">La prise en charge des indemnit\u00e9s journali\u00e8res \u00e0 100 % d\u00e8s le premier jour de l\u2019arr\u00eat de travail, et ce, pour une dur\u00e9e maximale de trois (03) ans pour le salari\u00e9 ayant d\u00fb interrompre son activit\u00e9 en <strong>raison d\u2019une affection de longue dur\u00e9e.<\/strong><\/li>\n<\/ol>\n<p>Comment en b\u00e9n\u00e9ficier ?<\/p>\n<p>Pour profiter de ces droits, les assur\u00e9s (ou leurs ayants droit) doivent se rendre dans leur agence CNAS de rattachement, munis des documents suivants :<\/p>\n<ul>\n<li aria-level=\"1\">Un certificat m\u00e9dical confirmant le diagnostic.<\/li>\n<li aria-level=\"1\">Tous les examens et rapports m\u00e9dicaux attestant de la maladie.<\/li>\n<\/ul>\n","protected":false},"excerpt":{"rendered":"Dans le cadre de l\u2019am\u00e9lioration continue de la couverture sociale, la Caisse nationale des assurances sociales des travailleurs&hellip;\n","protected":false},"author":2,"featured_media":160132,"comment_status":"","ping_status":"","sticky":false,"template":"","format":"standard","meta":{"footnotes":""},"categories":[10],"tags":[328,1011,27,72,71],"class_list":{"0":"post-160131","1":"post","2":"type-post","3":"status-publish","4":"format-standard","5":"has-post-thumbnail","7":"category-sante","8":"tag-a-la-une","9":"tag-fr","10":"tag-france","11":"tag-health","12":"tag-sante"},"share_on_mastodon":{"url":"https:\/\/pubeurope.com\/@fr\/114646045487852670","error":""},"_links":{"self":[{"href":"https:\/\/www.europesays.com\/fr\/wp-json\/wp\/v2\/posts\/160131","targetHints":{"allow":["GET"]}}],"collection":[{"href":"https:\/\/www.europesays.com\/fr\/wp-json\/wp\/v2\/posts"}],"about":[{"href":"https:\/\/www.europesays.com\/fr\/wp-json\/wp\/v2\/types\/post"}],"author":[{"embeddable":true,"href":"https:\/\/www.europesays.com\/fr\/wp-json\/wp\/v2\/users\/2"}],"replies":[{"embeddable":true,"href":"https:\/\/www.europesays.com\/fr\/wp-json\/wp\/v2\/comments?post=160131"}],"version-history":[{"count":0,"href":"https:\/\/www.europesays.com\/fr\/wp-json\/wp\/v2\/posts\/160131\/revisions"}],"wp:featuredmedia":[{"embeddable":true,"href":"https:\/\/www.europesays.com\/fr\/wp-json\/wp\/v2\/media\/160132"}],"wp:attachment":[{"href":"https:\/\/www.europesays.com\/fr\/wp-json\/wp\/v2\/media?parent=160131"}],"wp:term":[{"taxonomy":"category","embeddable":true,"href":"https:\/\/www.europesays.com\/fr\/wp-json\/wp\/v2\/categories?post=160131"},{"taxonomy":"post_tag","embeddable":true,"href":"https:\/\/www.europesays.com\/fr\/wp-json\/wp\/v2\/tags?post=160131"}],"curies":[{"name":"wp","href":"https:\/\/api.w.org\/{rel}","templated":true}]}}