{"id":160136,"date":"2025-06-08T05:18:09","date_gmt":"2025-06-08T05:18:09","guid":{"rendered":"https:\/\/www.europesays.com\/fr\/160136\/"},"modified":"2025-06-08T05:18:09","modified_gmt":"2025-06-08T05:18:09","slug":"on-connait-enfin-leur-origine-ces-trous-noirs-dune-masse-intermediaire-livrent-leurs-secrets-apres-des-decennies-de-mystere","status":"publish","type":"post","link":"https:\/\/www.europesays.com\/fr\/160136\/","title":{"rendered":"\u00ab On conna\u00eet enfin leur origine \u00bb : ces trous noirs d\u2019une masse interm\u00e9diaire livrent leurs secrets apr\u00e8s des d\u00e9cennies de myst\u00e8re"},"content":{"rendered":"<tr>\n<td><strong>EN BREF<\/strong><\/td>\n<\/tr>\n<tr>\n<td>\n<ul>\n<li>\ud83c\udf0c Les chercheurs ont d\u00e9tect\u00e9 des <strong>ondes gravitationnelles<\/strong> provenant de fusions de trous noirs de masse interm\u00e9diaire, offrant de nouvelles perspectives sur l\u2019univers.<\/li>\n<li>\ud83d\udef0\ufe0f La mission <strong>LISA<\/strong>, pr\u00e9vue pour les ann\u00e9es 2030, pourrait suivre ces trous noirs avant leur collision, enrichissant notre compr\u00e9hension de leurs <strong>origines<\/strong>.<\/li>\n<li>\ud83c\udf19 Les futurs d\u00e9tecteurs lunaires pourraient fournir des donn\u00e9es in\u00e9dites sur les environnements de formation de ces trous noirs, inaccessibles depuis la Terre.<\/li>\n<li>\ud83c\udf93 Cette recherche offre une occasion unique de former une nouvelle g\u00e9n\u00e9ration de scientifiques, qui m\u00e8neront leurs d\u00e9couvertes depuis la surface lunaire.<\/li>\n<\/ul>\n<\/td>\n<\/tr>\n<p>Les trous noirs, ces fascinants objets cosmiques, continuent de captiver l\u2019attention des scientifiques. R\u00e9cemment, de nouvelles d\u00e9couvertes concernant les trous noirs de masse interm\u00e9diaire ont \u00e9merg\u00e9. Ces entit\u00e9s, pesant entre 100 et 300 fois la masse du Soleil, sont moins bien comprises que leurs homologues stellaires ou supermassifs. Gr\u00e2ce \u00e0 des avanc\u00e9es r\u00e9centes, les chercheurs commencent \u00e0 percer le myst\u00e8re de leur origine et de leur \u00e9volution. Les \u00e9tudes men\u00e9es par le professeur Karan Jani et son \u00e9quipe de l\u2019Initiative des Laboratoires Lunaires de Vanderbilt offrent des perspectives in\u00e9dites sur ces ph\u00e9nom\u00e8nes c\u00e9lestes. Ces travaux, soutenus par la National Science Foundation, promettent de r\u00e9volutionner notre compr\u00e9hension des premiers instants de l\u2019univers.<\/p>\n<p>Les collisions de trous noirs d\u00e9crypt\u00e9es par l\u2019\u00e9quipe de Vanderbilt<\/p>\n<p>La recherche men\u00e9e par Karan Jani et son \u00e9quipe a \u00e9t\u00e9 publi\u00e9e dans le prestigieux Astrophysical Journal Letters. En r\u00e9examinant les donn\u00e9es des d\u00e9tecteurs LIGO aux \u00c9tats-Unis et Virgo en Italie, ils ont identifi\u00e9 des ondes gravitationnelles provenant de fusions de trous noirs de masse interm\u00e9diaire. Ces \u00e9v\u00e9nements, les plus massifs jamais enregistr\u00e9s, offrent un aper\u00e7u unique sur les premi\u00e8res \u00e9toiles form\u00e9es apr\u00e8s le Big Bang. Selon Jani, les trous noirs sont comparables \u00e0 des fossiles cosmiques, gardant en eux des indices essentiels sur l\u2019univers primordial.<\/p>\n<p>Les d\u00e9tecteurs terrestres, comme LIGO, ne capturent qu\u2019un instant fugace de ces collisions, rendant difficile la compr\u00e9hension de leur formation. Pour approfondir ces connaissances, l\u2019\u00e9quipe mise sur la mission LISA, un projet spatial de l\u2019Agence spatiale europ\u00e9enne et de la NASA, pr\u00e9vu pour le lancement dans les ann\u00e9es 2030. Les \u00e9tudes suppl\u00e9mentaires publi\u00e9es dans le m\u00eame journal d\u00e9montrent que LISA pourra suivre ces trous noirs longtemps avant leur collision, offrant de nouvelles pistes sur leurs origines.<\/p>\n<blockquote class=\"wp-embedded-content\" data-secret=\"26Um3UGLq6\">\n<p><a href=\"https:\/\/www.innovant.fr\/2025\/05\/22\/quand-lespace-tue-la-terre-ces-supernovas-ont-decime-la-vie-lors-de-ces-deux-evenements-cataclysmiques\/\" rel=\"nofollow noopener\" target=\"_blank\">Quand l\u2019espace tue la Terre : ces supernovas ont d\u00e9cim\u00e9 la vie lors de ces deux \u00e9v\u00e9nements cataclysmiques<\/a><\/p>\n<\/blockquote>\n<p>Les projets futurs de d\u00e9tection lunaire<\/p>\n<p>Les chercheurs envisagent d\u2019utiliser des d\u00e9tecteurs lunaires pour \u00e9tudier les trous noirs de masse interm\u00e9diaire. La Lune, avec ses caract\u00e9ristiques uniques, pourrait fournir des fr\u00e9quences d\u2019ondes gravitationnelles inaccessibles depuis la Terre. Ces d\u00e9tecteurs lunaires pourraient ainsi r\u00e9v\u00e9ler les environnements o\u00f9 ces trous noirs se forment, une information pr\u00e9cieuse que nos dispositifs actuels ne peuvent pas fournir.<\/p>\n<p>Cette approche innovante s\u2019inscrit dans une \u00e8re nouvelle alliant recherche scientifique et exploration spatiale. Pour Jani, c\u2019est une occasion unique de former une nouvelle g\u00e9n\u00e9ration de scientifiques qui, \u00e0 l\u2019avenir, m\u00e8neront leurs recherches directement depuis la surface lunaire. Cette perspective est non seulement prometteuse pour la science des trous noirs, mais aussi pour l\u2019essor de nouvelles technologies spatiales.<\/p>\n<blockquote class=\"wp-embedded-content\" data-secret=\"cuYmK3UtI3\">\n<p><a href=\"https:\/\/www.innovant.fr\/2025\/05\/31\/je-suis-presque-sure-quil-y-a-des-planetes-habitees-une-sortie-choc-dune-astrophysicienne-qui-relance-le-debat-spatial\/\" rel=\"nofollow noopener\" target=\"_blank\">\u00ab Je suis presque s\u00fbre qu\u2019il y a des plan\u00e8tes habit\u00e9es \u00bb : une sortie choc d\u2019une astrophysicienne qui relance le d\u00e9bat spatial<\/a><\/p>\n<\/blockquote>\n<p>La pr\u00e9cision extr\u00eame requise pour d\u00e9tecter les ondes gravitationnelles<\/p>\n<p>La d\u00e9tection des ondes gravitationnelles, ph\u00e9nom\u00e8nes d\u2019une sensibilit\u00e9 extr\u00eame, est un d\u00e9fi colossal. Compris souvent comme l\u2019\u00e9quivalent d\u2019entendre une \u00e9pingle tomber lors d\u2019un ouragan, cette pr\u00e9cision est cruciale pour identifier des \u00e9v\u00e9nements aussi \u00e9loign\u00e9s et massifs que les fusions de trous noirs. Les avanc\u00e9es technologiques r\u00e9centes permettent d\u2019am\u00e9liorer constamment cette pr\u00e9cision, ouvrant la voie \u00e0 des d\u00e9couvertes encore plus impressionnantes.<\/p>\n<p>Les \u00e9tudes actuelles montrent que chaque nouvelle d\u00e9tection enrichit notre compr\u00e9hension de l\u2019origine et de l\u2019\u00e9volution des trous noirs de masse interm\u00e9diaire. Cette pr\u00e9cision accrue est essentielle non seulement pour la physique des trous noirs, mais aussi pour d\u2019autres ph\u00e9nom\u00e8nes cosmiques encore myst\u00e9rieux. L\u2019avenir de cette recherche promet d\u2019\u00eatre aussi fascinant qu\u2019exigeant.<\/p>\n<blockquote class=\"wp-embedded-content\" data-secret=\"rNIFkwHMEb\">\n<p><a href=\"https:\/\/www.innovant.fr\/2025\/03\/13\/10-000-influenceurs-boostent-leur-notoriete-avec-cette-methode-acheter-des-fans-com-simpose-pour-exploser-sur-les-reseaux-sociaux\/\" rel=\"nofollow noopener\" target=\"_blank\">\u00ab\u00a010 000 influenceurs boostent leur notori\u00e9t\u00e9 avec cette m\u00e9thode\u00a0\u00bb : Acheter-des-Fans.com s\u2019impose pour exploser sur les r\u00e9seaux sociaux<\/a><\/p>\n<\/blockquote>\n<p>Perpectives pour les jeunes chercheurs et l\u2019exploration spatiale<\/p>\n<p>Ce moment est particuli\u00e8rement excitant pour les scientifiques et les \u00e9tudiants aspirant \u00e0 contribuer \u00e0 cette discipline. L\u2019essor des technologies spatiales et la possibilit\u00e9 d\u2019observer directement des ph\u00e9nom\u00e8nes depuis la Lune promettent de transformer notre approche de l\u2019astronomie. Le travail pionnier de Jani et de ses coll\u00e8gues pave la voie pour une nouvelle \u00e8re d\u2019exploration et de d\u00e9couverte.<\/p>\n<p>Alors que l\u2019exploration lunaire devient une r\u00e9alit\u00e9 tangible, les questions sur l\u2019origine des trous noirs de masse interm\u00e9diaire deviennent plus pressantes. Comment ces g\u00e9ants cosmiques continuent-ils de fa\u00e7onner notre univers? Quelles autres merveilles c\u00e9lestes nous attendent dans les prochaines d\u00e9cennies?<\/p>\n<p>L\u2019auteur s\u2019est appuy\u00e9 sur l\u2019intelligence artificielle pour enrichir cet article.<\/p>\n<p id=\"rating\">\u00c7a vous a plu ?\u00a04.4\/5 (28)<\/p>\n","protected":false},"excerpt":{"rendered":"EN BREF \ud83c\udf0c Les chercheurs ont d\u00e9tect\u00e9 des ondes gravitationnelles provenant de fusions de trous noirs de masse&hellip;\n","protected":false},"author":2,"featured_media":160137,"comment_status":"","ping_status":"","sticky":false,"template":"","format":"standard","meta":{"footnotes":""},"categories":[7],"tags":[1011,27,43,40,41,39,42,44],"class_list":{"0":"post-160136","1":"post","2":"type-post","3":"status-publish","4":"format-standard","5":"has-post-thumbnail","7":"category-sciences-et-technologies","8":"tag-fr","9":"tag-france","10":"tag-science","11":"tag-science-and-technology","12":"tag-sciences","13":"tag-sciences-et-technologies","14":"tag-technologies","15":"tag-technology"},"share_on_mastodon":{"url":"https:\/\/pubeurope.com\/@fr\/114646057238265001","error":""},"_links":{"self":[{"href":"https:\/\/www.europesays.com\/fr\/wp-json\/wp\/v2\/posts\/160136","targetHints":{"allow":["GET"]}}],"collection":[{"href":"https:\/\/www.europesays.com\/fr\/wp-json\/wp\/v2\/posts"}],"about":[{"href":"https:\/\/www.europesays.com\/fr\/wp-json\/wp\/v2\/types\/post"}],"author":[{"embeddable":true,"href":"https:\/\/www.europesays.com\/fr\/wp-json\/wp\/v2\/users\/2"}],"replies":[{"embeddable":true,"href":"https:\/\/www.europesays.com\/fr\/wp-json\/wp\/v2\/comments?post=160136"}],"version-history":[{"count":0,"href":"https:\/\/www.europesays.com\/fr\/wp-json\/wp\/v2\/posts\/160136\/revisions"}],"wp:featuredmedia":[{"embeddable":true,"href":"https:\/\/www.europesays.com\/fr\/wp-json\/wp\/v2\/media\/160137"}],"wp:attachment":[{"href":"https:\/\/www.europesays.com\/fr\/wp-json\/wp\/v2\/media?parent=160136"}],"wp:term":[{"taxonomy":"category","embeddable":true,"href":"https:\/\/www.europesays.com\/fr\/wp-json\/wp\/v2\/categories?post=160136"},{"taxonomy":"post_tag","embeddable":true,"href":"https:\/\/www.europesays.com\/fr\/wp-json\/wp\/v2\/tags?post=160136"}],"curies":[{"name":"wp","href":"https:\/\/api.w.org\/{rel}","templated":true}]}}