{"id":160142,"date":"2025-06-08T05:21:11","date_gmt":"2025-06-08T05:21:11","guid":{"rendered":"https:\/\/www.europesays.com\/fr\/160142\/"},"modified":"2025-06-08T05:21:11","modified_gmt":"2025-06-08T05:21:11","slug":"en-cas-de-dissolution-le-rn-arriverait-en-tete-selon-un-sondage","status":"publish","type":"post","link":"https:\/\/www.europesays.com\/fr\/160142\/","title":{"rendered":"En cas de dissolution, le RN arriverait en t\u00eate, selon un sondage"},"content":{"rendered":"<p>Le <a href=\"https:\/\/www.20minutes.fr\/politique\/rassemblement-national\/\" class=\"color-ultramarine c-link\" target=\"_blank\" rel=\"noopener\">Rassemblement national<\/a> renforce encore sa place dans le paysage politique actuel. Le parti <a href=\"https:\/\/www.20minutes.fr\/dossier\/extreme_droite\" class=\"color-ultramarine c-link\" target=\"_blank\" rel=\"noopener\">d\u2019extr\u00eame droite<\/a> recueillerait environ 33\u00a0% des intentions de vote au premier tour en cas de nouvelle dissolution, loin devant la gauche et les macronistes, selon un sondage Elabe paru ce samedi.<\/p>\n<p>Dans cette \u00e9tude pour La Tribune dimanche et <a href=\"https:\/\/www.20minutes.fr\/dossier\/bfm_tv\" class=\"color-ultramarine c-link\" target=\"_blank\" rel=\"noopener\">BFMTV<\/a>, dans une hypoth\u00e8se d\u2019une reconstitution du Nouveau Front populaire (LFI, PCF, PS, EELV), le parti de <a href=\"https:\/\/www.20minutes.fr\/politique\/jordan-bardella\/\" class=\"color-ultramarine c-link\" target=\"_blank\" rel=\"noopener\">Jordan Bardella<\/a> et <a href=\"https:\/\/www.20minutes.fr\/politique\/marine-le-pen\/*\" class=\"color-ultramarine c-link\" target=\"_blank\" rel=\"noopener\">Marine Le\u00a0Pen<\/a> obtient 32,5\u00a0% d\u2019intentions de vote au premier tour, contre 21\u00a0% pour le NFP, 15,5\u00a0% pour les macronistes (Renaissance, <a href=\"https:\/\/www.20minutes.fr\/dossier\/modem\" class=\"color-ultramarine c-link\" target=\"_blank\" rel=\"noopener\">MoDem<\/a>, <a href=\"https:\/\/www.20minutes.fr\/horizons\/\" class=\"color-ultramarine c-link\" target=\"_blank\" rel=\"noopener\">Horizons<\/a>) et 10\u00a0% pour Les R\u00e9publicains. Quelque 6,5\u00a0% des personnes interrog\u00e9es indiquent vouloir voter pour un candidat divers gauche, c\u2019est-\u00e0-dire hors NFP.<\/p>\n<p>La dissolution, une mauvaise d\u00e9cision pour les Fran\u00e7ais<\/p>\n<p>Dans l\u2019hypoth\u00e8se d\u2019une gauche divis\u00e9e, le RN recueille 33\u00a0% des intentions de vote au premier tour, devant une alliance PS-PCF-EELV (16\u00a0%), les macronistes (15,5\u00a0%), LR (10,5\u00a0%) et La France insoumise (10\u00a0%). Lors du premier tour des \u00e9lections l\u00e9gislatives anticip\u00e9es, le 30\u00a0juin 2024, les candidats RN \u00e9taient arriv\u00e9s en t\u00eate (33,22\u00a0%), suivis par l\u2019alliance de gauche NFP (28,06\u00a0%), les macronistes (20,76\u00a0%) et LR (10,68\u00a0%).<\/p>\n<p>Un an apr\u00e8s la dissolution prononc\u00e9e par Emmanuel Macron, 71\u00a0% des Fran\u00e7ais estiment que ce fut une mauvaise d\u00e9cision, 63\u00a0% d\u2019entre eux consid\u00e9rant que l\u2019absence de bloc majoritaire \u00e0 l\u2019Assembl\u00e9e est \u00ab\u00a0une mauvaise chose pour le pays\u00a0\u00bb, car \u00ab\u00a0cette situation provoque des blocages et ralentit les prises de d\u00e9cision\u00a0\u00bb.<\/p>\n<\/p>\n<p>Le RN est par ailleurs per\u00e7u comme \u00ab\u00a0le gagnant de cette s\u00e9quence politique\u00a0\u00bb par 42\u00a0% des personnes interrog\u00e9es, une opinion qui a gagn\u00e9 8 points en six mois et qui est devenue majoritaire, l\u2019id\u00e9e qu&rsquo;\u00ab\u00a0aucun camp politique ne sort renforc\u00e9 de cette dissolution\u00a0\u00bb (38\u00a0%, -7 points). Selon cette m\u00eame \u00e9tude, deux tiers des personnes interrog\u00e9es ne souhaitent pas de nouvelle dissolution.<\/p>\n","protected":false},"excerpt":{"rendered":"Le Rassemblement national renforce encore sa place dans le paysage politique actuel. Le parti d\u2019extr\u00eame droite recueillerait environ&hellip;\n","protected":false},"author":2,"featured_media":160143,"comment_status":"","ping_status":"","sticky":false,"template":"","format":"standard","meta":{"footnotes":""},"categories":[4],"tags":[47,11,13281,5949,1073,1076,1011,27,430,12,12017,316,2556,25],"class_list":{"0":"post-160142","1":"post","2":"type-post","3":"status-publish","4":"format-standard","5":"has-post-thumbnail","7":"category-france","8":"tag-actualite","9":"tag-actualites","10":"tag-dissolution-de-lassemblee-nationale","11":"tag-elections","12":"tag-emmanuel-macron","13":"tag-extreme-droite","14":"tag-fr","15":"tag-france","16":"tag-marine-le-pen","17":"tag-news","18":"tag-nouveau-front-populaire","19":"tag-politique","20":"tag-rassemblement-national-rn","21":"tag-republique-francaise"},"share_on_mastodon":{"url":"https:\/\/pubeurope.com\/@fr\/114646068985318242","error":""},"_links":{"self":[{"href":"https:\/\/www.europesays.com\/fr\/wp-json\/wp\/v2\/posts\/160142","targetHints":{"allow":["GET"]}}],"collection":[{"href":"https:\/\/www.europesays.com\/fr\/wp-json\/wp\/v2\/posts"}],"about":[{"href":"https:\/\/www.europesays.com\/fr\/wp-json\/wp\/v2\/types\/post"}],"author":[{"embeddable":true,"href":"https:\/\/www.europesays.com\/fr\/wp-json\/wp\/v2\/users\/2"}],"replies":[{"embeddable":true,"href":"https:\/\/www.europesays.com\/fr\/wp-json\/wp\/v2\/comments?post=160142"}],"version-history":[{"count":0,"href":"https:\/\/www.europesays.com\/fr\/wp-json\/wp\/v2\/posts\/160142\/revisions"}],"wp:featuredmedia":[{"embeddable":true,"href":"https:\/\/www.europesays.com\/fr\/wp-json\/wp\/v2\/media\/160143"}],"wp:attachment":[{"href":"https:\/\/www.europesays.com\/fr\/wp-json\/wp\/v2\/media?parent=160142"}],"wp:term":[{"taxonomy":"category","embeddable":true,"href":"https:\/\/www.europesays.com\/fr\/wp-json\/wp\/v2\/categories?post=160142"},{"taxonomy":"post_tag","embeddable":true,"href":"https:\/\/www.europesays.com\/fr\/wp-json\/wp\/v2\/tags?post=160142"}],"curies":[{"name":"wp","href":"https:\/\/api.w.org\/{rel}","templated":true}]}}