{"id":160169,"date":"2025-06-08T05:38:08","date_gmt":"2025-06-08T05:38:08","guid":{"rendered":"https:\/\/www.europesays.com\/fr\/160169\/"},"modified":"2025-06-08T05:38:08","modified_gmt":"2025-06-08T05:38:08","slug":"un-skatepark-de-plus-de-900-m2-va-bientot-voir-le-jour-a-schiltigheim-voici-le-projet","status":"publish","type":"post","link":"https:\/\/www.europesays.com\/fr\/160169\/","title":{"rendered":"Un skatepark de plus de 900 m2 va bient\u00f4t voir le jour \u00e0 Schiltigheim : voici le projet"},"content":{"rendered":"<p>            Par<br \/>\n        <strong><br \/>\n            <a href=\"https:\/\/actu.fr\/auteur\/margot-fournie\" title=\"Consulter tous les articles de Margot Fournie\" target=\"_blank\" rel=\"noopener\">Margot Fournie<\/a><br \/>\n        <\/strong><\/p>\n<p>        Publi\u00e9 le<\/p>\n<p>            8 juin 2025 \u00e0 7h02        <\/p>\n<p>Le 3\u00a0juin, la Ville de <a href=\"https:\/\/actu.fr\/grand-est\/schiltigheim_67447\" target=\"_blank\" rel=\"noopener\">Schiltigheim<\/a> a organis\u00e9 la visite du <a href=\"https:\/\/actu.fr\/tag\/travaux\" target=\"_blank\" rel=\"noopener\">chantier<\/a> de son futur skatepark. Les travaux seront <strong>termin\u00e9s en juillet<\/strong>.<\/p>\n<p class=\" wall-content\">Ce skatepark prend place \u00e0 l\u2019extr\u00e9mit\u00e9 ouest du parking du complexe sportif de l\u2019Aar.<\/p>\n<p>Un skatepark pour les amateurs de skate, trottinette, rollers<\/p>\n<p class=\" wall-content\">D\u2019une surface de <strong>plus de 900 m\u00b2<\/strong>, il comprend <strong>deux zones principales<\/strong>\u2009: un streetpark et<br \/>un mini-bowl, ce qui lui permet de s\u2019adresser aux skateurs, amateurs de rollers et aux trottinettistes.<\/p>\n<p class=\" wall-content\">Ce projet, d\u2019un co\u00fbt estim\u00e9 \u00e0 <strong>400\u2009000\u00a0euros<\/strong>, est issu du <strong>budget participatif 2023-2024<\/strong>. Il a \u00e9t\u00e9 propos\u00e9 par l\u2019association de pratique du skate, Ride &amp; (S) chil, et des habitants.<\/p>\n<p>Un comit\u00e9 de pilotage pour le projet<\/p>\n<p class=\" wall-content\">Sa <strong>mise en \u0153uvre<\/strong> et <strong>ex\u00e9cution<\/strong> sont issues de discussions entre le Conseil Municipal des Jeunes, les \u00e9lus, les services municipaux et la ma\u00eetrise d\u2019\u0153uvre, LOLLIER ing\u00e9nierie et EVOLVING Skatepark.<\/p>\n<p class=\" wall-content\">Au-del\u00e0 d\u2019\u00eatre un lieu convivial d\u00e9di\u00e9 \u00e0 la pratique du sport, cet \u00e9quipement a pour ambition d\u2019enrichir l\u2019offre d\u00e9j\u00e0 existante dans l\u2019<strong>Eurom\u00e9tropole de Strasbourg<\/strong> (Rotonde, Lingolsheim, Illkirch\u2026).<\/p>\n<p class=\" wall-content\">Son accessibilit\u00e9 sera rendue facile gr\u00e2ce \u00e0 la ligne B du tram et aux futures passerelles qui relieront le quartier du Wacken \u00e0 Schiltigheim.<\/p>\n<p class=\" wall-content\">Suivez toute l\u2019actualit\u00e9 de vos villes et m\u00e9dias favoris en vous inscrivant \u00e0 <a href=\"https:\/\/moncompte.actu.fr\" title=\"D\u00e9couvez Mon Actu\" rel=\"nofollow noopener\" data-trk=\"{&quot;cta&quot;:{&quot;action&quot;:&quot;https:\\\/\\\/moncompte.actu.fr&quot;,&quot;category&quot;:&quot;mon compte&quot;,&quot;from&quot;:&quot;article footer&quot;,&quot;name&quot;:&quot;Mon actu&quot;,&quot;type&quot;:&quot;cta&quot;}}\" target=\"_blank\">Mon Actu<\/a>.<\/p>\n<ul class=\"ac-article-tag wall-content\">\n<li><a href=\"https:\/\/actu.fr\/tag\/eurometropole-de-strasbourg\" data-trk=\"{&quot;cta&quot;:{&quot;action&quot;:&quot;Eurom\\u00e9tropole de Strasbourg&quot;,&quot;category&quot;:&quot;tag&quot;,&quot;from&quot;:&quot;article footer&quot;,&quot;name&quot;:&quot;Eurom\\u00e9tropole de Strasbourg&quot;,&quot;type&quot;:&quot;cta&quot;}}\" target=\"_blank\" rel=\"noopener\">#Eurom\u00e9tropole de Strasbourg<\/a><\/li>\n<li><a href=\"https:\/\/actu.fr\/tag\/travaux\" data-trk=\"{&quot;cta&quot;:{&quot;action&quot;:&quot;Travaux&quot;,&quot;category&quot;:&quot;tag&quot;,&quot;from&quot;:&quot;article footer&quot;,&quot;name&quot;:&quot;Travaux&quot;,&quot;type&quot;:&quot;cta&quot;}}\" target=\"_blank\" rel=\"noopener\">#Travaux<\/a><\/li>\n<\/ul>\n","protected":false},"excerpt":{"rendered":"Par Margot Fournie Publi\u00e9 le 8 juin 2025 \u00e0 7h02 Le 3\u00a0juin, la Ville de Schiltigheim a organis\u00e9&hellip;\n","protected":false},"author":2,"featured_media":160170,"comment_status":"","ping_status":"","sticky":false,"template":"","format":"standard","meta":{"footnotes":""},"categories":[2820],"tags":[1111,11,1777,5342,674,1011,27,775,12,25,104,640,2086],"class_list":{"0":"post-160169","1":"post","2":"type-post","3":"status-publish","4":"format-standard","5":"has-post-thumbnail","7":"category-strasbourg","8":"tag-actu","9":"tag-actualites","10":"tag-eu","11":"tag-eurometropole-de-strasbourg","12":"tag-europe","13":"tag-fr","14":"tag-france","15":"tag-grand-est","16":"tag-news","17":"tag-republique-francaise","18":"tag-societe","19":"tag-strasbourg","20":"tag-travaux"},"share_on_mastodon":{"url":"https:\/\/pubeurope.com\/@fr\/114646135968040389","error":""},"_links":{"self":[{"href":"https:\/\/www.europesays.com\/fr\/wp-json\/wp\/v2\/posts\/160169","targetHints":{"allow":["GET"]}}],"collection":[{"href":"https:\/\/www.europesays.com\/fr\/wp-json\/wp\/v2\/posts"}],"about":[{"href":"https:\/\/www.europesays.com\/fr\/wp-json\/wp\/v2\/types\/post"}],"author":[{"embeddable":true,"href":"https:\/\/www.europesays.com\/fr\/wp-json\/wp\/v2\/users\/2"}],"replies":[{"embeddable":true,"href":"https:\/\/www.europesays.com\/fr\/wp-json\/wp\/v2\/comments?post=160169"}],"version-history":[{"count":0,"href":"https:\/\/www.europesays.com\/fr\/wp-json\/wp\/v2\/posts\/160169\/revisions"}],"wp:featuredmedia":[{"embeddable":true,"href":"https:\/\/www.europesays.com\/fr\/wp-json\/wp\/v2\/media\/160170"}],"wp:attachment":[{"href":"https:\/\/www.europesays.com\/fr\/wp-json\/wp\/v2\/media?parent=160169"}],"wp:term":[{"taxonomy":"category","embeddable":true,"href":"https:\/\/www.europesays.com\/fr\/wp-json\/wp\/v2\/categories?post=160169"},{"taxonomy":"post_tag","embeddable":true,"href":"https:\/\/www.europesays.com\/fr\/wp-json\/wp\/v2\/tags?post=160169"}],"curies":[{"name":"wp","href":"https:\/\/api.w.org\/{rel}","templated":true}]}}