{"id":160173,"date":"2025-06-08T05:40:10","date_gmt":"2025-06-08T05:40:10","guid":{"rendered":"https:\/\/www.europesays.com\/fr\/160173\/"},"modified":"2025-06-08T05:40:10","modified_gmt":"2025-06-08T05:40:10","slug":"peche-illegale-pollutions-plastiques-erosion-cest-parti-pour-la-conference-unoc-a-nice","status":"publish","type":"post","link":"https:\/\/www.europesays.com\/fr\/160173\/","title":{"rendered":"p\u00eache ill\u00e9gale, pollutions plastiques, \u00e9rosion&#8230; c&rsquo;est parti pour la Conf\u00e9rence Unoc \u00e0 Nice"},"content":{"rendered":"<p>Quarante m\u00e8tres de profondeur en apn\u00e9e, le temps d\u2019une respiration et d\u2019un sourire pour Alessia Zecchini. Ce 4 juin dans l\u2019archipel du Frioul \u00e0 Marseille, la championne du monde de plong\u00e9e libre a aussi de la col\u00e8re dans la combinaison.<\/p>\n<p>L\u2019aire marine prot\u00e9g\u00e9e dans laquelle elle s\u2019immerge, \u00e0 quelques brasses de la <a href=\"https:\/\/www.laprovence.com\/article\/france-monde\/40651859530908\/protection-des-oceans-lue-veut-afficher-son-leadership-avant-le-sommet-de-lonu\" target=\"_blank\" rel=\"nofollow noopener\">Conf\u00e9rence des Nations Unies <\/a>pour l\u2019oc\u00e9an (Unoc) qui se tient \u00e0 Nice, est aussi l\u2019une de celles o\u00f9 le chalutage de fond est paradoxalement autoris\u00e9 six mois par an. Apr\u00e8s le passage des filets de p\u00eache, le tapis marin est un terrain vague, o\u00f9 la vie se rar\u00e9fie. \u00ab\u00a0Lorsque je plonge en M\u00e9diterran\u00e9e, souffle l\u2019apn\u00e9iste, je vois un paysage en cours de d\u00e9sertification. Ici, la <a href=\"https:\/\/www.laprovence.com\/article\/ecoplanete\/1438082308189415\/il-ny-pas-a-dautre-solution-que-de-mettre-fin-aux-peches-industrielles\" target=\"_blank\" rel=\"nofollow noopener\">surexploitation<\/a> des ressources halieutiques a des r\u00e9percussions sur les \u00e9cosyst\u00e8mes et les esp\u00e8ces marines vuln\u00e9rables, ce qui aggrave les effets du <a href=\"https:\/\/www.laprovence.com\/article\/ecoplanete\/62782684868311\/rechauffement-climatique-vagues-de-chaleur-agriculture-phenomenes-extremes-quel-impact-avec-1-5-c\" target=\"_blank\" rel=\"nofollow noopener\">changement climatique.<\/a>\u00ab\u00a0<\/p>\n<p>Le signal d\u2019alarme est incessamment tir\u00e9 par les ONG. \u00c0 l\u2019heure o\u00f9 s\u2019ouvre le sommet de Nice, ce dimanche, il r\u00e9sonne.<\/p>\n<p>La France reprend le leadership<\/p>\n<p>Reprenant le leadership des pr\u00e9occupations \u00e9cologiques, comme lors de la Cop de\u00a02015 \u00e0 Paris, la France, malgr\u00e9 les doutes politiques qui la traversent, se repositionne. Emmanuel Macron va y annoncer le renforcement des <a href=\"https:\/\/www.laprovence.com\/article\/france-monde\/81480472666045\/a-port-cros-la-plus-vieille-aire-marine-protegee-deurope-montre-le-futur\" target=\"_blank\" rel=\"nofollow noopener\">aires marines prot\u00e9g\u00e9es<\/a>. Rare pays \u00e0 avoir atteint l\u2019objectif de 30% (8,3% en moyenne dans le monde), elle n\u2019en poss\u00e8de en r\u00e9alit\u00e9 que 4% strictement pr\u00e9serv\u00e9es, \u00e0 l\u2019image du c\u0153ur du parc national des calanques.<\/p>\n<p>Elle s\u2019engage donc \u00e0 passer \u00e0 \u00ab\u00a0un peu plus de 10% d\u2019ici janvier\u00a02026\u00a0\u00bb. Et \u00e0 restreindre les pratiques de chalutage dans un domaine maritime qui, avec 11\u00a0millions de kilom\u00e8tres carr\u00e9s, est le deuxi\u00e8me du monde.<\/p>\n<p>\u00ab\u00a0Les oc\u00e9ans sont la source de 50% de notre oxyg\u00e8ne\u00a0\u00bb<\/p>\n<p>Un bon point parmi mille enjeux. La centaine de nations qui se retrouvent sur la C\u00f4te d&rsquo;Azur jusqu\u2019au 13\u00a0juin a du poisson sur la planche. Et beaucoup d\u2019ar\u00eates \u00e0 soulever\u00a0: eaux internationales en forme de far west, p\u00eache ill\u00e9gale, puits de carbone, pollutions plastiques, exploitation des fonds marins, <a href=\"https:\/\/www.laprovence.com\/article\/ecoplanete\/1228487232135614\/prophete-bonneveine-a-marseille-4-plages-experimentent-des-couches-de-feuilles-mortes-de-posidonie-sous-le-sable\" target=\"_blank\" rel=\"nofollow noopener\">\u00e9rosion c\u00f4ti\u00e8re,<\/a> esp\u00e8ces en d\u00e9clin, <a href=\"https:\/\/www.laprovence.com\/article\/france-monde\/31341048387123\/climat-le-blanchissement-mondial-des-coraux-bat-record-sur-record\" target=\"_blank\" rel=\"nofollow noopener\">acidification<\/a>, d\u00e9carbonation du transport maritime qui repr\u00e9sente 3% des \u00e9missions mondiales de gaz \u00e0 effet de serre\u2026 \u00ab\u00a0On nous a donn\u00e9 \u00e0 r\u00e9fl\u00e9chir pendant quelques jours sur ces questions pour apporter des recommandations\u00a0\u00bb, explique l\u2019oc\u00e9anographe Jean-Pierre Gattuso. Directeur de recherches au CNRS et membre du Groupe international d\u2019experts sur le climat (GIEC) il s\u2019est enferm\u00e9 cette semaine \u00e0 Nice avec des scientifiques de 112 pays.<\/p>\n<p>\u00ab\u00a0On avait travaill\u00e9 en amont sur ces recommandations. Si tous les yeux se tournent vers l\u2019oc\u00e9an, c\u2019est parce que beaucoup de solutions pour \u00e9liminer les pollutions sur terre ont montr\u00e9 leurs limites. Les oc\u00e9ans sont la source de 50% de notre oxyg\u00e8ne et absorbent plus de 90% de la chaleur r\u00e9sultant des gaz \u00e0 effet de serre.\u00a0Ne nous r\u00e9fugions pas derri\u00e8re les incertitudes. On en sait assez pour agir sur le climat et d\u00e9terminer l\u2019importance de la biodiversit\u00e9 des grands fonds.\u00a0\u00bb<\/p>\n<p>26 millions de tonnes de poissons p\u00each\u00e9s ill\u00e9galement<\/p>\n<p>Parmi les points chauds de cette conf\u00e9rence organis\u00e9e par la France et le Costa Rica, sous l\u2019\u00e9gide de l\u2019ONU, la ratification d\u2019un trait\u00e9 sur la haute mer appara\u00eet comme une urgence. R\u00e9gie par aucune loi, elle est le th\u00e9\u00e2tre d\u2019une p\u00eache ill\u00e9gale qui repr\u00e9sente 26\u00a0millions de tonnes de captures, soit 15% du march\u00e9 mondial. \u00ab\u00a0Elle fragilise la ressource pour l\u2019humanit\u00e9 et les artisans en plus d\u2019encourager des pratiques proches de l\u2019esclavage\u00a0\u00bb, nous explique la ministre de la Transition \u00e9cologique, <a href=\"https:\/\/www.laprovence.com\/article\/ecoplanete\/3576672178187614\/agnes-pannier-runacher-a-marseille-ce-vendredi-l-ecologie-est-un-combat-de-tous-les-jours\" target=\"_blank\" rel=\"nofollow noopener\">Agn\u00e8s Pannier-Runacher<\/a>. Pour l\u2019heure, seuls 29 pays ont valid\u00e9 l\u2019accord pass\u00e9 en\u00a02023, alors qu\u2019il en faut au moins 60. Si Emmanuel Macron se dit \u00ab\u00a0confiant\u00a0\u00bb, rien n\u2019est jou\u00e9 sur une plan\u00e8te o\u00f9 les \u00c9tats-Unis ont d\u00e9j\u00e0 d\u00e9cid\u00e9 de passer outre tout trait\u00e9. Comme les conventions sur l\u2019exploitation mini\u00e8re qui risque de laisser s\u2019\u00e9chapper le carbone s\u00e9questr\u00e9 au fond des oc\u00e9ans.<\/p>\n<p>\u00ab\u00a0Ce serait une catastrophe, alerte Sabine Roux de B\u00e9zieux, pr\u00e9sidente de la Fondation de la mer. Certains pays comme la Chine ou Nauru, 10\u00a0000 habitants en Oc\u00e9anie, vendent leur droit de vote \u00e0 l\u2019ONU et soutiennent une soci\u00e9t\u00e9 canadienne qui veut exploiter les fonds marins.\u00a0\u00bb Face \u00e0 cela, certains scientifiques comme <a href=\"https:\/\/www.laprovence.com\/article\/region\/5536127984404815\/sa-biodiversite-va-mal-pour-mieux-la-proteger-ce-chercheur-veut-donner-un-statut-juridique-a-la-mediterranee\" target=\"_blank\" rel=\"nofollow noopener\">Victor David<\/a>, \u00e0 l\u2019Institut pour la Recherche et le D\u00e9veloppement (IRD) bas\u00e9 \u00e0 Marseille, plaideront \u00e0 Nice pour la reconnaissance d\u2019une personnalit\u00e9 juridique aux espaces marins.<\/p>\n<p>\u00ab\u00a0Sa biodiversit\u00e9 va mal, elle s&rsquo;acidifie et subit la canicule marine\u00a0\u00bb<\/p>\n<p>\u00ab\u00a0La M\u00e9diterran\u00e9e est tributaire des droits de 21 \u00c9tats souverains cens\u00e9s la respecter, souligne-t-il. Mais les scientifiques sont formels\u00a0: cette mer est l\u2019une, ou sinon la plus pollu\u00e9e au monde. Sa biodiversit\u00e9 va mal, elle s\u2019acidifie et subit la canicule marine. On est arriv\u00e9 \u00e0 une limite des statuts \u00e0 la prot\u00e9ger. Si elle devient un sujet de droit, on viserait une meilleure homog\u00e9n\u00e9it\u00e9\u00a0\u00bb.<\/p>\n<p>On en est loin et le congr\u00e8s onusien va devoir faire mieux que des d\u00e9clarations d\u2019intention face \u00e0 un <a href=\"https:\/\/www.laprovence.com\/article\/region\/5438303736996514\/dans-50-ans-il-ny-aurait-plus-de-port-aux-goudes-les-geometres-sinquietent-de-la-montee-des-eaux\" target=\"_blank\" rel=\"nofollow noopener\">niveau des eaux<\/a> qui a grimp\u00e9 de 23\u00a0cm en un si\u00e8cle. \u00ab\u00a0Nous craignons que les dynamiques g\u00e9opolitiques qui continuent de freiner la coop\u00e9ration internationale ne se reproduisent \u00e0 Nice, grince Fran\u00e7ois Chartier, charg\u00e9 de campagne Oc\u00e9ans chez Greenpeace France. Cela risque de transformer la conf\u00e9rence en un simple forum de discussion. Le dernier projet manque des mesures n\u00e9cessaires sur tous les sujets.\u00a0\u00bb Soyons cyniques alors\u00a0: l\u2019augmentation fin\u00a02023 de 6,9% des primes d\u2019assurance maritime fera peut-\u00eatre bouger les choses.<\/p>\n","protected":false},"excerpt":{"rendered":"Quarante m\u00e8tres de profondeur en apn\u00e9e, le temps d\u2019une respiration et d\u2019un sourire pour Alessia Zecchini. Ce 4&hellip;\n","protected":false},"author":2,"featured_media":160174,"comment_status":"","ping_status":"","sticky":false,"template":"","format":"standard","meta":{"footnotes":""},"categories":[2819],"tags":[17,1111,11,2511,436,29187,1777,674,1011,27,29186,6127,12,2401,12517,4838,15167,882,25],"class_list":{"0":"post-160173","1":"post","2":"type-post","3":"status-publish","4":"format-standard","5":"has-post-thumbnail","7":"category-nice","8":"tag-17","9":"tag-actu","10":"tag-actualites","11":"tag-cest","12":"tag-environnement","13":"tag-erosion","14":"tag-eu","15":"tag-europe","16":"tag-fr","17":"tag-france","18":"tag-illegale","19":"tag-mer","20":"tag-news","21":"tag-nice","22":"tag-ocean","23":"tag-peche","24":"tag-plastiques","25":"tag-provence-alpes-cote-dazur","26":"tag-republique-francaise"},"share_on_mastodon":{"url":"https:\/\/pubeurope.com\/@fr\/114646143746874677","error":""},"_links":{"self":[{"href":"https:\/\/www.europesays.com\/fr\/wp-json\/wp\/v2\/posts\/160173","targetHints":{"allow":["GET"]}}],"collection":[{"href":"https:\/\/www.europesays.com\/fr\/wp-json\/wp\/v2\/posts"}],"about":[{"href":"https:\/\/www.europesays.com\/fr\/wp-json\/wp\/v2\/types\/post"}],"author":[{"embeddable":true,"href":"https:\/\/www.europesays.com\/fr\/wp-json\/wp\/v2\/users\/2"}],"replies":[{"embeddable":true,"href":"https:\/\/www.europesays.com\/fr\/wp-json\/wp\/v2\/comments?post=160173"}],"version-history":[{"count":0,"href":"https:\/\/www.europesays.com\/fr\/wp-json\/wp\/v2\/posts\/160173\/revisions"}],"wp:featuredmedia":[{"embeddable":true,"href":"https:\/\/www.europesays.com\/fr\/wp-json\/wp\/v2\/media\/160174"}],"wp:attachment":[{"href":"https:\/\/www.europesays.com\/fr\/wp-json\/wp\/v2\/media?parent=160173"}],"wp:term":[{"taxonomy":"category","embeddable":true,"href":"https:\/\/www.europesays.com\/fr\/wp-json\/wp\/v2\/categories?post=160173"},{"taxonomy":"post_tag","embeddable":true,"href":"https:\/\/www.europesays.com\/fr\/wp-json\/wp\/v2\/tags?post=160173"}],"curies":[{"name":"wp","href":"https:\/\/api.w.org\/{rel}","templated":true}]}}