{"id":160175,"date":"2025-06-08T05:41:10","date_gmt":"2025-06-08T05:41:10","guid":{"rendered":"https:\/\/www.europesays.com\/fr\/160175\/"},"modified":"2025-06-08T05:41:10","modified_gmt":"2025-06-08T05:41:10","slug":"comment-nice-se-plie-en-quatre-pour-accueillir-le-monde-entier","status":"publish","type":"post","link":"https:\/\/www.europesays.com\/fr\/160175\/","title":{"rendered":"comment Nice se plie en quatre pour accueillir le monde entier"},"content":{"rendered":"<p>Plus de 70 chefs d\u2019\u00c9tat et des milliers de scientifiques sont attendus sur le port de Nice, sp\u00e9cialement r\u00e9am\u00e9nag\u00e9 et ultra-s\u00e9curis\u00e9 pour cette conf\u00e9rence.<\/p>\n<p class=\"fig-paragraph\">En quelques mois, un ancien parking le long de la digue du port de Nice (Alpes-Maritimes) est devenu le lieu d\u2019accueil du sommet de l\u2019ONU sur l\u2019oc\u00e9an, o\u00f9 plus de 70 chefs d\u2019\u00c9tat et de gouvernement ainsi que des milliers d\u2019experts et scientifiques vont se retrouver. Un\u00a0<a href=\"http:\/\/www.lefigaro.fr\/nice\/nice-accouche-de-son-nouveau-centre-de-congres-sur-le-port-en-vue-du-sommet-onusien-sur-l-ocean-20250218\" data-fig-type=\"NewsFlash\" data-gtm-custom-categorie=\"navigation\" data-gtm-custom-action=\"crossclick\" data-gtm-custom-label=\"Contextuel\" data-gtm-event=\"customEventSPE\" data-fig-domain=\"LEFIGARO\" target=\"_blank\" rel=\"noopener\">centre des congr\u00e8s qualifi\u00e9 de \u00absemi-temporaire\u00bb<\/a>\u00a0a \u00e9t\u00e9 \u00e9rig\u00e9 en un temps record dans ce cadre somptueux, et ce malgr\u00e9 les pol\u00e9miques. Le r\u00e9sultat ne ressemble pas vraiment aux premi\u00e8res maquettes pr\u00e9sent\u00e9es et peut laisser \u00e0 d\u00e9sirer par certains aspects, ce qui suscite quelques critiques en termes d\u2019esth\u00e9tique.<\/p>\n<p class=\"fig-paragraph\">Les yeux du monde entier vont \u00eatre riv\u00e9s sur trois b\u00e2timents entre bois et verre assembl\u00e9s sur le quai Amiral Infernet, dont une grande salle de 4500 m\u00e8tres carr\u00e9s qui peut accueillir jusqu\u2019\u00e0 2500 personnes. Deux \u00e9difices annexes et imbriqu\u00e9s se situent juste \u00e0 c\u00f4t\u00e9, avec un toit-terrasse qui offre une vue imprenable sur le port d\u2019un c\u00f4t\u00e9 et la c\u00e9l\u00e8bre baie des Anges de l\u2019autre. Mais la place manque\u00a0: des tentes\u2026<\/p>\n<p class=\"fig-premium-paywall__infos\">\n        Cet article est r\u00e9serv\u00e9 aux abonn\u00e9s.        Il vous reste 79% \u00e0 d\u00e9couvrir.\n    <\/p>\n<p>                <img  data- alt=\"Le Figaro\" class=\"fig-img--complete fig-img\"\/><\/p>\n<p class=\"fig-premium-paywall__title\">Vente Flash<\/p>\n<p class=\"fig-premium-paywall__subtitle\">3,99\u20ac par mois pendant 12 mois. Sans engagement.<\/p>\n<p class=\"fig-premium-paywall__connect\">\n                D\u00e9j\u00e0 abonn\u00e9\u00a0?                <a class=\"fig-premium-paywall__connect-link\" href=\"https:\/\/connect.lefigaro.fr\/login?client=horizon_web&amp;type=main&amp;redirect_uri=https%3A%2F%2Fwww.lefigaro.fr%2Fnice%2Fsommet-de-l-onu-sur-l-ocean-comment-nice-se-plie-en-quatre-pour-accueillir-le-monde-entier-20250608\" data-js-gtm=\"{&quot;customCategorie&quot;: &quot;conversion&quot;, &quot;customAction&quot;: &quot;before_Landing_Connexion_paywall_auto&quot;, &quot;customLabel&quot;: &quot;bGVmaWdhcm8uZnJfXzFmMDQyYWM2LTBjOTYtNmZlNC05MmZhLWRkMjA4OGEyNDEwZl9fTmV3c0ZsYXNo_Sommet de l\u2019ONU sur l\u2019oc\u00e9an\u00a0: comment Nice se plie en quatre pour accueillir le monde entier_419&quot;, &quot;customIDSPE&quot;: &quot;bGVmaWdhcm8uZnJfXzFmMDQyYWM2LTBjOTYtNmZlNC05MmZhLWRkMjA4OGEyNDEwZl9fTmV3c0ZsYXNo&quot;, &quot;event&quot;: &quot;customEventSPE&quot;}\" target=\"_blank\" rel=\"noopener\"><br \/>\n                    Connectez-vous<br \/>\n                <\/a>\n            <\/p>\n","protected":false},"excerpt":{"rendered":"Plus de 70 chefs d\u2019\u00c9tat et des milliers de scientifiques sont attendus sur le port de Nice, sp\u00e9cialement&hellip;\n","protected":false},"author":2,"featured_media":160176,"comment_status":"","ping_status":"","sticky":false,"template":"","format":"standard","meta":{"footnotes":""},"categories":[2819],"tags":[1111,11,2898,2829,2971,2972,2973,2974,436,1777,674,2975,1011,27,2969,2970,2987,2980,11415,12,2401,2897,2976,2977,2978,2985,2986,2979,2981,2982,2983,2984,2991,2992,2993,2994,2996,2997,2998,2999,3000,3001,3002,2995,3003,3004,3005,3007,2268,882,25,2988,2989,2990,656,2968,3006],"class_list":{"0":"post-160175","1":"post","2":"type-post","3":"status-publish","4":"format-standard","5":"has-post-thumbnail","7":"category-nice","8":"tag-actu","9":"tag-actualites","10":"tag-alpes-maritimes","11":"tag-baumettes","12":"tag-carabacel","13":"tag-caucade","14":"tag-cimiez","15":"tag-cremat","16":"tag-environnement","17":"tag-eu","18":"tag-europe","19":"tag-fabron","20":"tag-fr","21":"tag-france","22":"tag-larenas","23":"tag-lariane","24":"tag-le-ray","25":"tag-lingostiere","26":"tag-nations-unies","27":"tag-news","28":"tag-nice","29":"tag-nice-cote-dazur","30":"tag-nice-gairaut","31":"tag-nice-gambetta","32":"tag-nice-jean-medecin","33":"tag-nice-le-piol","34":"tag-nice-le-port","35":"tag-nice-liberation","36":"tag-nice-magnan","37":"tag-nice-mantega-mont-boron","38":"tag-nice-pasteur","39":"tag-nice-pessicart","40":"tag-nice-rue-de-france","41":"tag-nice-saint-antoine","42":"tag-nice-saint-augustin","43":"tag-nice-saint-isidore","44":"tag-nice-saint-maurice","45":"tag-nice-saint-pancrace","46":"tag-nice-saint-philippe","47":"tag-nice-saint-pierre-de-feric","48":"tag-nice-saint-roch","49":"tag-nice-saint-roman-de-bellet","50":"tag-nice-saint-sylvestre","51":"tag-nice-sainte-marguerite","52":"tag-nice-thiers","53":"tag-nice-ventabrun","54":"tag-nice-vernier","55":"tag-nice-vinaigrier","56":"tag-ogc-nice","57":"tag-provence-alpes-cote-dazur","58":"tag-republique-francaise","59":"tag-rimiez","60":"tag-riquier","61":"tag-roquebilliere","62":"tag-securite","63":"tag-sud-est","64":"tag-vieux-nice"},"share_on_mastodon":{"url":"","error":"Validation failed: Text character limit of 500 exceeded"},"_links":{"self":[{"href":"https:\/\/www.europesays.com\/fr\/wp-json\/wp\/v2\/posts\/160175","targetHints":{"allow":["GET"]}}],"collection":[{"href":"https:\/\/www.europesays.com\/fr\/wp-json\/wp\/v2\/posts"}],"about":[{"href":"https:\/\/www.europesays.com\/fr\/wp-json\/wp\/v2\/types\/post"}],"author":[{"embeddable":true,"href":"https:\/\/www.europesays.com\/fr\/wp-json\/wp\/v2\/users\/2"}],"replies":[{"embeddable":true,"href":"https:\/\/www.europesays.com\/fr\/wp-json\/wp\/v2\/comments?post=160175"}],"version-history":[{"count":0,"href":"https:\/\/www.europesays.com\/fr\/wp-json\/wp\/v2\/posts\/160175\/revisions"}],"wp:featuredmedia":[{"embeddable":true,"href":"https:\/\/www.europesays.com\/fr\/wp-json\/wp\/v2\/media\/160176"}],"wp:attachment":[{"href":"https:\/\/www.europesays.com\/fr\/wp-json\/wp\/v2\/media?parent=160175"}],"wp:term":[{"taxonomy":"category","embeddable":true,"href":"https:\/\/www.europesays.com\/fr\/wp-json\/wp\/v2\/categories?post=160175"},{"taxonomy":"post_tag","embeddable":true,"href":"https:\/\/www.europesays.com\/fr\/wp-json\/wp\/v2\/tags?post=160175"}],"curies":[{"name":"wp","href":"https:\/\/api.w.org\/{rel}","templated":true}]}}