{"id":160181,"date":"2025-06-08T05:45:13","date_gmt":"2025-06-08T05:45:13","guid":{"rendered":"https:\/\/www.europesays.com\/fr\/160181\/"},"modified":"2025-06-08T05:45:13","modified_gmt":"2025-06-08T05:45:13","slug":"annecy-bordeaux-le-11-probable-des-girondines-dans-ce-match-decisif","status":"publish","type":"post","link":"https:\/\/www.europesays.com\/fr\/160181\/","title":{"rendered":"Annecy-Bordeaux : le 11 probable des Girondines dans ce match d\u00e9cisif"},"content":{"rendered":"<p><img decoding=\"async\" src=\"https:\/\/www.europesays.com\/fr\/wp-content\/uploads\/2025\/04\/671_7e48caf63899d74ff5fefad5b2ddc246.jpg\" alt=\"Annecy-Bordeaux : le 11 probable des Girondines dans ce match d\u00e9cisif\" class=\"img-responsive mt-3\"\/><\/p>\n<p class=\"text-center mb-3\" style=\"font-size: 14px\">\u00a9 Iconsport<\/p>\n<p style=\"text-align: justify;\">Bordeaux jouera en Division 3 si il gagne, fait match nul ou ne perd pas avec plus de deux buts d&rsquo;\u00e9carts. En cas d&rsquo;\u00e9galit\u00e9 sur les deux matchs, une s\u00e9ance de tirs au but d\u00e9partage les deux \u00e9quipes.<\/p>\n<p>Le 11 probable de Bordeaux :<\/p>\n<p><img decoding=\"async\" src=\"https:\/\/www.europesays.com\/fr\/wp-content\/uploads\/2025\/06\/4-4-2 (13).jpg\" alt=\"4-4-2 (13).jpg (76 KB)\" style=\"width:700px;max-width:100%;\"\/><\/p>\n<p>INTERVIEW &gt;&gt;<strong><a href=\"https:\/\/www.webgirondins.com\/actualite-girondins-romain-vitry-girondins-feminines-on-va-a-annecy-pour-gagner-129345\" target=\"_blank\" rel=\"noopener nofollow\"> Romain Vitry (Girondins f\u00e9minines) : \u00ab\u00a0On va \u00e0 Annecy pour gagner\u00a0\u00bb<\/a><\/strong><\/p>\n<p>Notre podcast court \u00e0 \u00e9couter :<\/p>\n<p>\u00a0<\/p>\n","protected":false},"excerpt":{"rendered":"\u00a9 Iconsport Bordeaux jouera en Division 3 si il gagne, fait match nul ou ne perd pas avec&hellip;\n","protected":false},"author":2,"featured_media":22530,"comment_status":"","ping_status":"","sticky":false,"template":"","format":"standard","meta":{"footnotes":""},"categories":[2817],"tags":[8369,1111,11,7684,3853,14760,1997,1446,7685,6664,8374,1777,674,1011,27,8366,955,12,2219,153,12142,25,8133,60],"class_list":{"0":"post-160181","1":"post","2":"type-post","3":"status-publish","4":"format-standard","5":"has-post-thumbnail","7":"category-bordeaux","8":"tag-accession","9":"tag-actu","10":"tag-actualites","11":"tag-affrontent","12":"tag-annecy","13":"tag-barrage","14":"tag-bordeaux","15":"tag-dans","16":"tag-decisif","17":"tag-dimanche","18":"tag-division","19":"tag-eu","20":"tag-europe","21":"tag-fr","22":"tag-france","23":"tag-girondines","24":"tag-match","25":"tag-news","26":"tag-nouvelle-aquitaine","27":"tag-parc","28":"tag-probable","29":"tag-republique-francaise","30":"tag-retour","31":"tag-sports"},"share_on_mastodon":{"url":"https:\/\/pubeurope.com\/@fr\/114646163512959807","error":""},"_links":{"self":[{"href":"https:\/\/www.europesays.com\/fr\/wp-json\/wp\/v2\/posts\/160181","targetHints":{"allow":["GET"]}}],"collection":[{"href":"https:\/\/www.europesays.com\/fr\/wp-json\/wp\/v2\/posts"}],"about":[{"href":"https:\/\/www.europesays.com\/fr\/wp-json\/wp\/v2\/types\/post"}],"author":[{"embeddable":true,"href":"https:\/\/www.europesays.com\/fr\/wp-json\/wp\/v2\/users\/2"}],"replies":[{"embeddable":true,"href":"https:\/\/www.europesays.com\/fr\/wp-json\/wp\/v2\/comments?post=160181"}],"version-history":[{"count":0,"href":"https:\/\/www.europesays.com\/fr\/wp-json\/wp\/v2\/posts\/160181\/revisions"}],"wp:featuredmedia":[{"embeddable":true,"href":"https:\/\/www.europesays.com\/fr\/wp-json\/wp\/v2\/media\/22530"}],"wp:attachment":[{"href":"https:\/\/www.europesays.com\/fr\/wp-json\/wp\/v2\/media?parent=160181"}],"wp:term":[{"taxonomy":"category","embeddable":true,"href":"https:\/\/www.europesays.com\/fr\/wp-json\/wp\/v2\/categories?post=160181"},{"taxonomy":"post_tag","embeddable":true,"href":"https:\/\/www.europesays.com\/fr\/wp-json\/wp\/v2\/tags?post=160181"}],"curies":[{"name":"wp","href":"https:\/\/api.w.org\/{rel}","templated":true}]}}