{"id":160196,"date":"2025-06-08T05:53:09","date_gmt":"2025-06-08T05:53:09","guid":{"rendered":"https:\/\/www.europesays.com\/fr\/160196\/"},"modified":"2025-06-08T05:53:09","modified_gmt":"2025-06-08T05:53:09","slug":"un-grand-show-de-drones-lumineux-va-eclairer-le-ciel-en-juillet","status":"publish","type":"post","link":"https:\/\/www.europesays.com\/fr\/160196\/","title":{"rendered":"un grand show de drones lumineux va \u00e9clairer le ciel en juillet"},"content":{"rendered":"<p>            Par<br \/>\n        <strong><br \/>\n            <a href=\"https:\/\/actu.fr\/auteur\/ludivine-caporal\" title=\"Consulter tous les articles de Ludivine Caporal\" target=\"_blank\" rel=\"noopener\">Ludivine Caporal<\/a><br \/>\n        <\/strong><\/p>\n<p>        Publi\u00e9 le<\/p>\n<p>            8 juin 2025 \u00e0 7h40        <\/p>\n<p>C\u2019est la premi\u00e8re fois qu\u2019il sera jou\u00e9 en France.<\/p>\n<p class=\" wall-content\">Apr\u00e8s les \u00c9tats-Unis et l\u2019Australie, le spectacle DroneArtShow, un \u00ab\u00a0concert a\u00e9rien m\u00ealant musique classique et technologie\u00a0\u00bb, va d\u00e9barquer dans la m\u00e9tropole de <a href=\"https:\/\/actu.fr\/auvergne-rhone-alpes\/lyon_69123\" target=\"_blank\" rel=\"noopener\">Lyon<\/a>.<\/p>\n<p class=\" wall-content\">Les 11 et 12 juillet prochains, c\u2019est l\u2019Hippodrome de Parilly, \u00e0 <a href=\"https:\/\/actu.fr\/auvergne-rhone-alpes\/bron_69029\" target=\"_blank\" rel=\"noopener\">Bron<\/a>, qui accueillera cette performance in\u00e9dite avec <strong>des centaines de drones lumineux.<\/strong><\/p>\n<p>\u00ab\u00a0Une chor\u00e9graphie millim\u00e9tr\u00e9e\u00a0\u00bb<\/p>\n<p class=\" wall-content\">\u00ab\u00a0Le ciel lyonnais servira de toile de fond \u00e0 cette cr\u00e9ation singuli\u00e8re, \u00e0 la crois\u00e9e de l\u2019art et de la technologie. Deux repr\u00e9sentations sont pr\u00e9vues dans un format en plein air\u00a0\u00bb, pr\u00e9sente la plateforme <strong>Fever<\/strong>, sur laquelle il sera possible de r\u00e9server sa place pour l\u2019\u00e9v\u00e9nement <strong>\u00e0 partir du 12 juin.<\/strong><\/p>\n<blockquote class=\"ac-article-quote wall-content\">\n<p>Con\u00e7u comme une \u0153uvre \u00e9ph\u00e9m\u00e8re, DroneArt Show transforme le ciel en un espace sc\u00e9nique mouvant. Tandis qu\u2019un quatuor \u00e0 cordes interpr\u00e8tera des \u0153uvres majeures du r\u00e9pertoire classique telles que Vivaldi ou Tcha\u00efkovski, des centaines de drones se d\u00e9placeront dans le ciel suivant une chor\u00e9graphie millim\u00e9tr\u00e9e, cr\u00e9ant des motifs lumineux en perp\u00e9tuel mouvement : constellations, figures g\u00e9om\u00e9triques, silhouettes animales\u2026 \u00c0 mi-chemin entre concert et performance visuelle, ce spectacle explore les possibilit\u00e9s de la synchronisation entre la lumi\u00e8re, le son et le mouvement.<\/p>\n<p>    <strong>Fever<\/strong>\n            <\/p><\/blockquote>\n<p>Vid\u00e9os : en ce moment sur Actu\u00c0 partir de 32 \u20ac la place<\/p>\n<p class=\" wall-content\">D\u2019ici l\u2019ouverture de la billetterie, les personnes int\u00e9ress\u00e9es peuvent d\u2019ores-et-d\u00e9j\u00e0 s\u2019inscrire sur une liste d\u2019attente, ce qui leur donnera un \u00ab\u00a0acc\u00e8s anticip\u00e9\u00a0\u00bb pour obtenir une place, vendue \u00e0 partir de <strong>32 \u20ac<\/strong>.<\/p>\n<p>    <a href=\"https:\/\/www.google.com\/maps\/embed?pb=!1m18!1m12!1m3!1d5570.9627741179165!2d4.9074195766175395!3d45.72144001623793!2m3!1f0!2f0!3f0!3m2!1i1024!2i768!4f13.1!3m3!1m2!1s0x47f4c3d61fb01eff%3A0xaa661c5187276388!2sHippodrome%20de%20Parilly!5e0!3m2!1sfr!2sfr!4v1749131944302!5m2!1sfr!2sfr\" title=\"Ouvrie le lien\" target=\"_blank\" rel=\"noopener\">Cliquez ici pour visualiser le contenu<\/a><\/p>\n<p class=\" wall-content\">Le spectacle, gratuit pour les moins de 3 ans et <strong>d\u2019une dur\u00e9e de 65 minutes<\/strong>, d\u00e9butera \u00e0 22h15 les 11 et 12 juillet prochains afin d\u2019attendre que la nuit tombe enti\u00e8rement. Les drones pourront alors prendre la place des \u00e9toiles le temps de l\u2019\u00e9v\u00e9nement\u2026<\/p>\n<p class=\" wall-content\">Suivez toute l\u2019actualit\u00e9 de vos villes et m\u00e9dias favoris en vous inscrivant \u00e0 <a href=\"https:\/\/moncompte.actu.fr\" title=\"D\u00e9couvez Mon Actu\" rel=\"nofollow noopener\" data-trk=\"{&quot;cta&quot;:{&quot;action&quot;:&quot;https:\\\/\\\/moncompte.actu.fr&quot;,&quot;category&quot;:&quot;mon compte&quot;,&quot;from&quot;:&quot;article footer&quot;,&quot;name&quot;:&quot;Mon actu&quot;,&quot;type&quot;:&quot;cta&quot;}}\" target=\"_blank\">Mon Actu<\/a>.<\/p>\n","protected":false},"excerpt":{"rendered":"Par Ludivine Caporal Publi\u00e9 le 8 juin 2025 \u00e0 7h40 C\u2019est la premi\u00e8re fois qu\u2019il sera jou\u00e9 en&hellip;\n","protected":false},"author":2,"featured_media":160197,"comment_status":"","ping_status":"","sticky":false,"template":"","format":"standard","meta":{"footnotes":""},"categories":[1889],"tags":[1111,11,2430,1777,674,1011,27,1652,2428,12,25,853],"class_list":{"0":"post-160196","1":"post","2":"type-post","3":"status-publish","4":"format-standard","5":"has-post-thumbnail","7":"category-lyon","8":"tag-actu","9":"tag-actualites","10":"tag-auvergne-rhone-alpes","11":"tag-eu","12":"tag-europe","13":"tag-fr","14":"tag-france","15":"tag-loisirs-culture","16":"tag-lyon","17":"tag-news","18":"tag-republique-francaise","19":"tag-spectacles"},"share_on_mastodon":{"url":"https:\/\/pubeurope.com\/@fr\/114646194729429348","error":""},"_links":{"self":[{"href":"https:\/\/www.europesays.com\/fr\/wp-json\/wp\/v2\/posts\/160196","targetHints":{"allow":["GET"]}}],"collection":[{"href":"https:\/\/www.europesays.com\/fr\/wp-json\/wp\/v2\/posts"}],"about":[{"href":"https:\/\/www.europesays.com\/fr\/wp-json\/wp\/v2\/types\/post"}],"author":[{"embeddable":true,"href":"https:\/\/www.europesays.com\/fr\/wp-json\/wp\/v2\/users\/2"}],"replies":[{"embeddable":true,"href":"https:\/\/www.europesays.com\/fr\/wp-json\/wp\/v2\/comments?post=160196"}],"version-history":[{"count":0,"href":"https:\/\/www.europesays.com\/fr\/wp-json\/wp\/v2\/posts\/160196\/revisions"}],"wp:featuredmedia":[{"embeddable":true,"href":"https:\/\/www.europesays.com\/fr\/wp-json\/wp\/v2\/media\/160197"}],"wp:attachment":[{"href":"https:\/\/www.europesays.com\/fr\/wp-json\/wp\/v2\/media?parent=160196"}],"wp:term":[{"taxonomy":"category","embeddable":true,"href":"https:\/\/www.europesays.com\/fr\/wp-json\/wp\/v2\/categories?post=160196"},{"taxonomy":"post_tag","embeddable":true,"href":"https:\/\/www.europesays.com\/fr\/wp-json\/wp\/v2\/tags?post=160196"}],"curies":[{"name":"wp","href":"https:\/\/api.w.org\/{rel}","templated":true}]}}