{"id":160198,"date":"2025-06-08T05:55:09","date_gmt":"2025-06-08T05:55:09","guid":{"rendered":"https:\/\/www.europesays.com\/fr\/160198\/"},"modified":"2025-06-08T05:55:09","modified_gmt":"2025-06-08T05:55:09","slug":"ile-de-france-ces-villages-qui-revent-de-retrouver-un-commerce","status":"publish","type":"post","link":"https:\/\/www.europesays.com\/fr\/160198\/","title":{"rendered":"\u00cele-de-France\u00a0: ces villages qui r\u00eavent de retrouver un commerce"},"content":{"rendered":"<p class=\"col subheadline margin_bottom_subheadline widescreen-12 desktop-10\">Apr\u00e8s des d\u00e9cennies sans commerce, certains villages se mobilisent pour permettre la r\u00e9ouverture d\u2019une boutique qui redonne vie \u00e0 leur bourg, comme \u00e0 Br\u00e9an\u00e7on, Attainville ou Le Bellay-en-Vexin dans le Val-d\u2019Oise. \u00c0 Blennes, en Seine-et-Marne, l\u2019\u00e9picerie-bar a fini par trouver sa client\u00e8le.<\/p>\n<p>Par <a href=\"https:\/\/www.leparisien.fr\/auteur\/marie-persidat\/\" class=\"author_link\" rel=\"nofollow noopener\" target=\"_blank\">Marie Persidat<\/a> et\u00a0<a href=\"https:\/\/www.leparisien.fr\/auteur\/hugues-tailliez\/\" class=\"author_link\" rel=\"nofollow noopener\" target=\"_blank\">Hugues Tailliez<\/a>\u00a0<\/p>\n<p>Le 8 juin 2025 \u00e0 07h46<\/p>\n","protected":false},"excerpt":{"rendered":"Apr\u00e8s des d\u00e9cennies sans commerce, certains villages se mobilisent pour permettre la r\u00e9ouverture d\u2019une boutique qui redonne vie&hellip;\n","protected":false},"author":2,"featured_media":160199,"comment_status":"","ping_status":"","sticky":false,"template":"","format":"standard","meta":{"footnotes":""},"categories":[1592],"tags":[1111,11,33,1777,674,1011,27,662,1944,12,626,25,6601],"class_list":{"0":"post-160198","1":"post","2":"type-post","3":"status-publish","4":"format-standard","5":"has-post-thumbnail","7":"category-ile-de-france","8":"tag-actu","9":"tag-actualites","10":"tag-economie","11":"tag-eu","12":"tag-europe","13":"tag-fr","14":"tag-france","15":"tag-ile-de-france","16":"tag-ma-ville","17":"tag-news","18":"tag-paris","19":"tag-republique-francaise","20":"tag-val-d-oise"},"share_on_mastodon":{"url":"https:\/\/pubeurope.com\/@fr\/114646202695082137","error":""},"_links":{"self":[{"href":"https:\/\/www.europesays.com\/fr\/wp-json\/wp\/v2\/posts\/160198","targetHints":{"allow":["GET"]}}],"collection":[{"href":"https:\/\/www.europesays.com\/fr\/wp-json\/wp\/v2\/posts"}],"about":[{"href":"https:\/\/www.europesays.com\/fr\/wp-json\/wp\/v2\/types\/post"}],"author":[{"embeddable":true,"href":"https:\/\/www.europesays.com\/fr\/wp-json\/wp\/v2\/users\/2"}],"replies":[{"embeddable":true,"href":"https:\/\/www.europesays.com\/fr\/wp-json\/wp\/v2\/comments?post=160198"}],"version-history":[{"count":0,"href":"https:\/\/www.europesays.com\/fr\/wp-json\/wp\/v2\/posts\/160198\/revisions"}],"wp:featuredmedia":[{"embeddable":true,"href":"https:\/\/www.europesays.com\/fr\/wp-json\/wp\/v2\/media\/160199"}],"wp:attachment":[{"href":"https:\/\/www.europesays.com\/fr\/wp-json\/wp\/v2\/media?parent=160198"}],"wp:term":[{"taxonomy":"category","embeddable":true,"href":"https:\/\/www.europesays.com\/fr\/wp-json\/wp\/v2\/categories?post=160198"},{"taxonomy":"post_tag","embeddable":true,"href":"https:\/\/www.europesays.com\/fr\/wp-json\/wp\/v2\/tags?post=160198"}],"curies":[{"name":"wp","href":"https:\/\/api.w.org\/{rel}","templated":true}]}}