{"id":160200,"date":"2025-06-08T05:56:15","date_gmt":"2025-06-08T05:56:15","guid":{"rendered":"https:\/\/www.europesays.com\/fr\/160200\/"},"modified":"2025-06-08T05:56:15","modified_gmt":"2025-06-08T05:56:15","slug":"andre-terrail-proprietaire-du-restaurant-gastronomique-la-tour-dargent-je-suis-un-glouton-qui-se-cache","status":"publish","type":"post","link":"https:\/\/www.europesays.com\/fr\/160200\/","title":{"rendered":"Andr\u00e9 Terrail, propri\u00e9taire du restaurant gastronomique la Tour d\u2019Argent\u00a0: \u00ab\u00a0Je suis un glouton qui se cache\u00a0\u00bb"},"content":{"rendered":"<p class=\"paragraph text_align_left\">Depuis <a href=\"https:\/\/www.leparisien.fr\/paris-75\/notre-dame-de-paris-les-images-les-plus-fortes-de-la-ceremonie-de-reouverture-de-la-cathedrale-07-12-2024-GDPLG6X2ARAM5IR4YIWJ5C6RXM.php\" target=\"_blank\" rel=\"noreferrer noopener\">la r\u00e9ouverture de Notre-Dame<\/a> (Paris, IVe), que ses clients peuvent admirer en d\u00e9gustant leur repas, ou en prenant un verre sur le toit de la Tour, son nouveau rooftop, Andr\u00e9 Terrail para\u00eet plus \u00e9panoui que jamais. Troisi\u00e8me g\u00e9n\u00e9ration \u00e0 diriger la Tour d\u2019Argent, l\u2019un des restaurants parisiens les plus connus au monde, dont il a repris les r\u00eanes \u00e0 26 ans, en 2006, apr\u00e8s la disparition de son p\u00e8re, il a r\u00e9ussi une r\u00e9novation ambitieuse.<\/p>\n","protected":false},"excerpt":{"rendered":"Depuis la r\u00e9ouverture de Notre-Dame (Paris, IVe), que ses clients peuvent admirer en d\u00e9gustant leur repas, ou en&hellip;\n","protected":false},"author":2,"featured_media":160201,"comment_status":"","ping_status":"","sticky":false,"template":"","format":"standard","meta":{"footnotes":""},"categories":[1888],"tags":[1111,1928,11,1927,3013,1777,674,1011,27,12,1926,626,1925,25,104],"class_list":{"0":"post-160200","1":"post","2":"type-post","3":"status-publish","4":"format-standard","5":"has-post-thumbnail","7":"category-paris","8":"tag-actu","9":"tag-actu-paris","10":"tag-actualites","11":"tag-actualites-paris","12":"tag-bien-manger","13":"tag-eu","14":"tag-europe","15":"tag-fr","16":"tag-france","17":"tag-news","18":"tag-news-paris","19":"tag-paris","20":"tag-paris-news","21":"tag-republique-francaise","22":"tag-societe"},"share_on_mastodon":{"url":"https:\/\/pubeurope.com\/@fr\/114646206535344653","error":""},"_links":{"self":[{"href":"https:\/\/www.europesays.com\/fr\/wp-json\/wp\/v2\/posts\/160200","targetHints":{"allow":["GET"]}}],"collection":[{"href":"https:\/\/www.europesays.com\/fr\/wp-json\/wp\/v2\/posts"}],"about":[{"href":"https:\/\/www.europesays.com\/fr\/wp-json\/wp\/v2\/types\/post"}],"author":[{"embeddable":true,"href":"https:\/\/www.europesays.com\/fr\/wp-json\/wp\/v2\/users\/2"}],"replies":[{"embeddable":true,"href":"https:\/\/www.europesays.com\/fr\/wp-json\/wp\/v2\/comments?post=160200"}],"version-history":[{"count":0,"href":"https:\/\/www.europesays.com\/fr\/wp-json\/wp\/v2\/posts\/160200\/revisions"}],"wp:featuredmedia":[{"embeddable":true,"href":"https:\/\/www.europesays.com\/fr\/wp-json\/wp\/v2\/media\/160201"}],"wp:attachment":[{"href":"https:\/\/www.europesays.com\/fr\/wp-json\/wp\/v2\/media?parent=160200"}],"wp:term":[{"taxonomy":"category","embeddable":true,"href":"https:\/\/www.europesays.com\/fr\/wp-json\/wp\/v2\/categories?post=160200"},{"taxonomy":"post_tag","embeddable":true,"href":"https:\/\/www.europesays.com\/fr\/wp-json\/wp\/v2\/tags?post=160200"}],"curies":[{"name":"wp","href":"https:\/\/api.w.org\/{rel}","templated":true}]}}