{"id":160206,"date":"2025-06-08T05:59:09","date_gmt":"2025-06-08T05:59:09","guid":{"rendered":"https:\/\/www.europesays.com\/fr\/160206\/"},"modified":"2025-06-08T05:59:09","modified_gmt":"2025-06-08T05:59:09","slug":"de-lecologie-aux-finances-pierre-yves-bournazel-veut-mettre-paris-en-ordre-de-marche","status":"publish","type":"post","link":"https:\/\/www.europesays.com\/fr\/160206\/","title":{"rendered":"de l&rsquo;\u00e9cologie aux finances, Pierre-Yves Bournazel veut \u00ab\u00a0mettre Paris en ordre de marche\u00a0\u00bb"},"content":{"rendered":"<p>            Par<br \/>\n        <strong><br \/>\n            <a href=\"https:\/\/actu.fr\/auteur\/antoine-grotteria02\" title=\"Consulter tous les articles de Antoine Grotteria\" rel=\"nofollow noopener\" target=\"_blank\">Antoine Grotteria<\/a><br \/>\n        <\/strong><\/p>\n<p>        Publi\u00e9 le<\/p>\n<p>            8 juin 2025 \u00e0 7h14        <\/p>\n<p>Ce sera son troisi\u00e8me essai. Et <strong>Pierre-Yves Bournazel<\/strong> l\u2019assure, il \u00ab\u2009sera pr\u00eat\u2009\u00bb. Apr\u00e8s avoir \u00e9chou\u00e9 \u00e0 la primaire de la droite en 2014, puis s\u2019\u00eatre rang\u00e9e derri\u00e8re la candidature macroniste de <a href=\"https:\/\/actu.fr\/tag\/benjamin-griveaux\" rel=\"nofollow noopener\" target=\"_blank\">Benjamin Griveaux<\/a> en 2020, l\u2019ex-d\u00e9put\u00e9 et actuel conseiller du 18e arrondissement de <a href=\"https:\/\/actu.fr\/paris\/\" rel=\"nofollow noopener\" target=\"_blank\">Paris<\/a> va <strong>briguer<\/strong> une nouvelle fois la mairie de la capitale, en 2026. Il se pr\u00e9sentera sous la banni\u00e8re du parti <strong>Horizons<\/strong>, dirig\u00e9 par l\u2019ancien chef du gouvernement, <a href=\"https:\/\/actu.fr\/tag\/edouard-philippe\" rel=\"nofollow noopener\" target=\"_blank\">\u00c9douard Philippe<\/a>. Ce mardi 3\u00a0juin 2025, l\u2019\u00e9lu a esquiss\u00e9 les concours de son programme. Des <strong>finances<\/strong> au <strong>logement<\/strong>, en passant par <strong>l\u2019\u00e9cologie<\/strong>, voici les principales mesures annonc\u00e9es par celui qui <a href=\"https:\/\/actu.fr\/ile-de-france\/paris_75056\/un-cote-macron-a-paris-les-soutiens-de-pierre-yves-bournazel-voient-une-alternative-a-rachida-dati_62726030.html\" rel=\"nofollow noopener\" target=\"_blank\">tentera de s\u00e9duire l\u2019\u00e9lectorat de droite<\/a>, potentiellement siphonn\u00e9 par <a href=\"https:\/\/actu.fr\/tag\/rachida-dati\" rel=\"nofollow noopener\" target=\"_blank\">Rachida Dati<\/a>.<\/p>\n<p>Les finances locales<\/p>\n<p class=\" wall-content\">Au cours de son premier rassemblement, au Trianon, Pierre-Yves Bournazel n\u2019a pas manqu\u00e9 de mettre en avant le sujet de la <a href=\"https:\/\/actu.fr\/ile-de-france\/paris_75056\/explosion-de-la-dette-a-paris-qui-atteint-les-7-7-milliards-d-euros_45213760.html\" rel=\"nofollow noopener\" target=\"_blank\">dette<\/a> parisienne. Estim\u00e9e \u00e0 <strong>9,3\u00a0milliards d\u2019euros<\/strong> \u00e0 la fin 2025, celle-ci demeure l\u2019une de ses principales pr\u00e9occupations. \u00ab\u2009Paris vit \u00e0 cr\u00e9dit\u2009\u00bb, a-t-il tonn\u00e9, avant d\u2019annoncer un <strong>audit<\/strong> financier d\u00e8s \u00ab\u2009mars\u00a02026\u2009\u00bb.<\/p>\n<p class=\" wall-content\">Pour r\u00e9duire la dette, il promet \u00ab\u2009un plan de d\u00e9bureaucratisation\u2009\u00bb de la Ville de Paris. Le journal \u00ab\u2009\u00c0 Paris\u2009\u00bb serait supprim\u00e9, ainsi que les v\u00e9hicules utilis\u00e9s par les agents. Le candidat veut \u00e9galement mettre \u00ab<strong>\u2009fin \u00e0 l\u2019absent\u00e9isme<\/strong>\u2009\u00bb, qui repr\u00e9senterait un co\u00fbt de 250\u00a0millions d\u2019euros. Ainsi, les \u00e9lus et fonctionnaires se verraient \u00ab\u2009valoriser\u2009\u00bb financi\u00e8rement en cas de mobilit\u00e9s. En outre, il s\u2019engage \u00e0 \u00ab\u2009remettre des agents de services de proximit\u00e9 sur le terrain\u2009\u00bb.<\/p>\n<p>L\u2019\u00e9cologie<\/p>\n<p class=\" wall-content\">Pierre-Yves Bournazel se veut clair. \u00ab\u2009Le combat contre le <strong>d\u00e9r\u00e8glement climatique<\/strong> est prioritaire\u2009\u00bb, a-t-il d\u00e9clar\u00e9. \u00ab\u2009Je souhaite embellir les <a href=\"https:\/\/actu.fr\/ile-de-france\/paris_75056\/le-niveau-de-la-seine-monte-a-paris-vigicrues-annonce-le-passage-en-vigilance-jaune_60742280.html\" rel=\"nofollow noopener\" target=\"_blank\">berges<\/a>, cr\u00e9er plus d\u2019espaces verts\u2009\u00bb et <strong>baisser \u00ab\u2009la part du b\u00e9ton<\/strong>\u2009\u00bb dans la ville. Un axiome qu\u2019il escorte d\u2019une vision \u00ab\u2009plus esth\u00e9tique de la ville\u2009\u00bb et moins \u00ab\u2009uniformis\u00e9e\u2009\u00bb.<\/p>\n<p class=\" wall-content\">Concr\u00e8tement, les boulevards des Mar\u00e9chaux feraient l\u2019objet d\u2019une \u00e9tude pour v\u00e9g\u00e9taliser s\u2019il \u00e9tait \u00e9lu. Et la <a href=\"https:\/\/actu.fr\/ile-de-france\/paris_75056\/petite-ceinture-de-paris-dans-quels-arrondissements-vont-ouvrir-les-prochaines-promenades-sur-les-rails_60923348.html\" rel=\"nofollow noopener\" target=\"_blank\">Petite ceinture<\/a> serait \u00ab\u2009le poumon vert de la capitale\u2009\u00bb. Reste \u00e0 savoir quels seront les leviers utilis\u00e9s et le co\u00fbt de ces investissements. Ces mesures devraient \u00eatre pr\u00e9cis\u00e9es dans les <strong>prochains mois<\/strong>.<\/p>\n<p>Le logement<\/p>\n<p class=\" wall-content\">Dans une ville o\u00f9 la <a href=\"https:\/\/actu.fr\/ile-de-france\/paris_75056\/crise-du-logement-a-paris-un-appartement-sur-cinq-est-inoccupe_60514073.html\" rel=\"nofollow noopener\" target=\"_blank\">probl\u00e9matique du logement<\/a> s\u2019av\u00e8re saillante, Pierre-Yves Bournazel fait savoir qu\u2019il veut s\u2019y attaquer avec \u00ab\u2009pragmatisme\u2009\u00bb. C\u2019est notamment le cas des <strong>logements sociaux<\/strong>. L\u2019\u00e9lu du 18e arrondissement assume donner une \u00ab<strong>\u2009priorit\u00e9 aux travailleurs parisiens<\/strong>\u2009\u00bb, comme les \u00ab\u2009personnels soignants, forces de l\u2019ordre, professeurs et les familles pr\u00e9caires\u2009\u00bb. Pour favoriser ses dossiers, il souhaite cr\u00e9er un fonds commun m\u00e9tropolitain de l\u2019habitat.<\/p>\n<p class=\" wall-content\">Concernant <a href=\"https:\/\/actu.fr\/ile-de-france\/paris_75056\/encadrement-des-loyers-a-paris-la-situation-s-ameliore-legerement-en-2023_60169894.html\" rel=\"nofollow noopener\" target=\"_blank\">l\u2019encadrement des loyers<\/a>, une aide serait apport\u00e9e gr\u00e2ce \u00e0 un<strong> fonds de solidarit<\/strong>\u00e9. Mais aucune somme n\u2019a encore \u00e9t\u00e9 fix\u00e9e. L\u2019autre volet de sa politique du logement se fixerait sur la transformation de bureaux usag\u00e9s en logements. Selon <a href=\"https:\/\/www.insee.fr\/fr\/statistiques\/3672867\" rel=\"nofollow noopener\" target=\"_blank\">l\u2019Insee<\/a>, <strong>262\u2009000 logements<\/strong> seraient inoccup\u00e9s dans la capitale.<\/p>\n<p>La s\u00e9curit\u00e9<\/p>\n<p class=\" wall-content\">\u00ab\u2009Nous voulons renforcer nos actions contre les incivilit\u00e9s\u2009\u00bb. Comment faire\u2009? \u00ab\u2009Par <strong>r\u00e9tablir l\u2019ordre<\/strong>\u2009\u00bb. Fid\u00e8le \u00e0 son engagement \u00e0 droite de l\u2019\u00e9chiquier, Pierre-Yves Bournazel souhaite muscler la <a href=\"https:\/\/actu.fr\/ile-de-france\/paris_75056\/police-municipale-a-paris-quel-bilan-deux-ans-apres-sa-creation_60356277.html\" rel=\"nofollow noopener\" target=\"_blank\">police municipale<\/a>. \u00ab\u2009Il faut des <strong>brigadiers mobilisables 24\u00a0heures sur 24<\/strong>\u2009\u00bb, a indiqu\u00e9 celui qui r\u00e9clame une formation \u00ab\u2009\u00e0 <strong>l\u2019armement<\/strong>\u2009\u00bb de ces agents.<\/p>\n<p class=\" wall-content\">Le candidat exprime \u00e9galement le d\u00e9sir de relier la lutte <strong>contre les discriminations<\/strong> \u00e0 un travail de p\u00e9dagogie envers les agents. \u00ab\u2009La police municipale recevra une formation contre les toutes les formes de discrimination\u2009\u00bb, a-t-il fait savoir.<\/p>\n<p>Les transports<\/p>\n<p class=\" wall-content\">Un sujet cl\u00e9 dans la campagne. Pour mettre \u00ab\u2009fin \u00e0 la pagaille\u2009\u00bb, Pierre-Yves Bournazel veut \u00ab\u2009r\u00e9guler\u2009\u00bb les travaux en <strong>mettant la pression<\/strong> sur les op\u00e9rateurs. Ces derniers pourraient \u00eatre <strong>sanctionn\u00e9s financi\u00e8remen<\/strong>t en cas de retard. Mais le montant de ces p\u00e9nalit\u00e9s n\u2019a pas \u00e9t\u00e9 d\u00e9voil\u00e9.<\/p>\n<p class=\" wall-content\">Un autre effort serait destin\u00e9 \u00e0 l\u2019adresse des <a href=\"https:\/\/actu.fr\/ile-de-france\/paris_75056\/paris-comment-le-deploiement-des-bus-electriques-bouleverse-les-infrastructures-de-la-ratp_62212436.html\" rel=\"nofollow noopener\" target=\"_blank\">bus<\/a>. Largement utilis\u00e9 par les personnes \u00e0 mobilit\u00e9 r\u00e9duite, ce moyen de transports reste \u00e0 la <strong>remorque<\/strong> des autres. Un fait que souhaite modifier Pierre-Yves Bournazel en am\u00e9liorant les trajets. Par quel moyen\u2009? Donner la priorit\u00e9 aux bus aux feux de signalisation. Ce chantier ne pourra faire l\u2019\u00e9conomie d\u2019une r\u00e9flexion avec la <a href=\"https:\/\/actu.fr\/tag\/ratp\" rel=\"nofollow noopener\" target=\"_blank\">RATP<\/a> et \u00cele-de-France Mobilit\u00e9s.<\/p>\n<p class=\" wall-content\">Suivez toute l\u2019actualit\u00e9 de vos villes et m\u00e9dias favoris en vous inscrivant \u00e0 <a href=\"https:\/\/moncompte.actu.fr\" title=\"D\u00e9couvez Mon Actu\" rel=\"nofollow noopener\" data-trk=\"{&quot;cta&quot;:{&quot;action&quot;:&quot;https:\\\/\\\/moncompte.actu.fr&quot;,&quot;category&quot;:&quot;mon compte&quot;,&quot;from&quot;:&quot;article footer&quot;,&quot;name&quot;:&quot;Mon actu&quot;,&quot;type&quot;:&quot;cta&quot;}}\" target=\"_blank\">Mon Actu<\/a>.<\/p>\n","protected":false},"excerpt":{"rendered":"Par Antoine Grotteria Publi\u00e9 le 8 juin 2025 \u00e0 7h14 Ce sera son troisi\u00e8me essai. Et Pierre-Yves Bournazel&hellip;\n","protected":false},"author":2,"featured_media":160207,"comment_status":"","ping_status":"","sticky":false,"template":"","format":"standard","meta":{"footnotes":""},"categories":[1888],"tags":[11,4188,436,1777,674,1011,27,1908,2381,12,626,316,25],"class_list":{"0":"post-160206","1":"post","2":"type-post","3":"status-publish","4":"format-standard","5":"has-post-thumbnail","7":"category-paris","8":"tag-actualites","9":"tag-elections-municipales","10":"tag-environnement","11":"tag-eu","12":"tag-europe","13":"tag-fr","14":"tag-france","15":"tag-logement","16":"tag-mairie-de-paris","17":"tag-news","18":"tag-paris","19":"tag-politique","20":"tag-republique-francaise"},"share_on_mastodon":{"url":"https:\/\/pubeurope.com\/@fr\/114646218383171874","error":""},"_links":{"self":[{"href":"https:\/\/www.europesays.com\/fr\/wp-json\/wp\/v2\/posts\/160206","targetHints":{"allow":["GET"]}}],"collection":[{"href":"https:\/\/www.europesays.com\/fr\/wp-json\/wp\/v2\/posts"}],"about":[{"href":"https:\/\/www.europesays.com\/fr\/wp-json\/wp\/v2\/types\/post"}],"author":[{"embeddable":true,"href":"https:\/\/www.europesays.com\/fr\/wp-json\/wp\/v2\/users\/2"}],"replies":[{"embeddable":true,"href":"https:\/\/www.europesays.com\/fr\/wp-json\/wp\/v2\/comments?post=160206"}],"version-history":[{"count":0,"href":"https:\/\/www.europesays.com\/fr\/wp-json\/wp\/v2\/posts\/160206\/revisions"}],"wp:featuredmedia":[{"embeddable":true,"href":"https:\/\/www.europesays.com\/fr\/wp-json\/wp\/v2\/media\/160207"}],"wp:attachment":[{"href":"https:\/\/www.europesays.com\/fr\/wp-json\/wp\/v2\/media?parent=160206"}],"wp:term":[{"taxonomy":"category","embeddable":true,"href":"https:\/\/www.europesays.com\/fr\/wp-json\/wp\/v2\/categories?post=160206"},{"taxonomy":"post_tag","embeddable":true,"href":"https:\/\/www.europesays.com\/fr\/wp-json\/wp\/v2\/tags?post=160206"}],"curies":[{"name":"wp","href":"https:\/\/api.w.org\/{rel}","templated":true}]}}