{"id":160210,"date":"2025-06-08T06:01:10","date_gmt":"2025-06-08T06:01:10","guid":{"rendered":"https:\/\/www.europesays.com\/fr\/160210\/"},"modified":"2025-06-08T06:01:10","modified_gmt":"2025-06-08T06:01:10","slug":"un-mort-dans-un-bombardement-russe-sur-la-region-de-dnipropetrovsk","status":"publish","type":"post","link":"https:\/\/www.europesays.com\/fr\/160210\/","title":{"rendered":"un mort dans un bombardement russe sur la r\u00e9gion de Dnipropetrovsk"},"content":{"rendered":"<p>Cet assaut intervient alors que Moscou et Kiev s\u2019accusent mutuellement de perturber un \u00e9change de prisonniers qui doit avoir lieu ce week-end.<\/p>\n<p class=\"fig-paragraph\">Un\u00a0<a href=\"http:\/\/www.lefigaro.fr\/international\/dossier\/tensions-entre-la-russie-et-l-ukraine-tout-comprendre-a-la-menace-d-une-invasion-russe\" target=\"_blank\" data-fig-type=\"Topic\" rel=\"noopener nofollow\" data-gtm-custom-categorie=\"navigation\" data-gtm-custom-action=\"crossclick\" data-gtm-custom-label=\"Contextuel\" data-gtm-event=\"customEventSPE\" data-fig-domain=\"LEFIGARO\">bombardement russe<\/a>\u00a0sur une localit\u00e9 de la r\u00e9gion de Dnipropetrovsk, dans le centre-est de l&rsquo;Ukraine, a fait au moins un mort, a annonc\u00e9 dimanche 8 juin le gouvernement r\u00e9gional.<\/p>\n<p class=\"fig-paragraph\">La Russie a \u00abfrapp\u00e9 la localit\u00e9 de Mejivska, dans le district de Synelnykivskyi avec une bombe guid\u00e9e. Un homme a \u00e9t\u00e9 tu\u00e9\u00bb, a \u00e9crit sur Telegram le chef du conseil r\u00e9gional de Dnipropetrovsk, Mykola Loukachouk.<\/p>\n<p>Quatre maisons endommag\u00e9es<\/p>\n<p class=\"fig-paragraph\">Il a \u00e9galement fait \u00e9tat d&rsquo;attaques combin\u00e9es sur la zone de Nikopol non loin de l\u00e0, \u00e9voquant \u00abdrones, artillerie et syst\u00e8mes de lance-roquettes multiples \u201cGrad\u201d\u00bb. Des lignes \u00e9lectriques et quatre maisons particuli\u00e8res de la ville ont \u00e9t\u00e9 endommag\u00e9es, a-t-il rapport\u00e9.<\/p>\n<p class=\"fig-paragraph\">Ces assauts interviennent alors que Moscou et Kiev s&rsquo;accusent mutuellement de perturber un \u00e9change de prisonniers qui doit avoir lieu ce week-end, unique r\u00e9sultat concret des pourparlers directs tenus en d\u00e9but de semaine, plus de trois ans apr\u00e8s le lancement de l&rsquo;<a href=\"http:\/\/www.lefigaro.fr\/international\/les-lecons-terribles-de-ce-conflit-russo-urkainien-20250605\" target=\"_blank\" data-fig-type=\"Article\" rel=\"noopener nofollow\" data-gtm-custom-categorie=\"navigation\" data-gtm-custom-action=\"crossclick\" data-gtm-custom-label=\"Contextuel\" data-gtm-event=\"customEventSPE\" data-fig-domain=\"LEFIGARO\">invasion russe en f\u00e9vrier 2022<\/a>.<\/p>\n<p class=\"fig-paragraph\">D&rsquo;importantes frappes russes ont eu lieu la nuit pr\u00e9c\u00e9dente, avec un bilan de dix morts sur le territoire ukrainien. Moscou avait promis une \u00abriposte\u00bb \u00e0 la destruction d&rsquo;une partie de sa flotte de combat a\u00e9rienne par les forces ukrainiennes.<\/p>\n","protected":false},"excerpt":{"rendered":"Cet assaut intervient alors que Moscou et Kiev s\u2019accusent mutuellement de perturber un \u00e9change de prisonniers qui doit&hellip;\n","protected":false},"author":2,"featured_media":160211,"comment_status":"","ping_status":"","sticky":false,"template":"","format":"standard","meta":{"footnotes":""},"categories":[1590],"tags":[259,11,260,1777,674,131,14,261,12,262,132,220],"class_list":{"0":"post-160210","1":"post","2":"type-post","3":"status-publish","4":"format-standard","5":"has-post-thumbnail","7":"category-ukraine","8":"tag-actualite-internationale","9":"tag-actualites","10":"tag-affaires-etrangeres","11":"tag-eu","12":"tag-europe","13":"tag-guerre-en-ukraine","14":"tag-international","15":"tag-ministere-des-affaires-etrangeres","16":"tag-news","17":"tag-politique-etrangere","18":"tag-russie","19":"tag-ukraine"},"share_on_mastodon":{"url":"https:\/\/pubeurope.com\/@fr\/114646226260308838","error":""},"_links":{"self":[{"href":"https:\/\/www.europesays.com\/fr\/wp-json\/wp\/v2\/posts\/160210","targetHints":{"allow":["GET"]}}],"collection":[{"href":"https:\/\/www.europesays.com\/fr\/wp-json\/wp\/v2\/posts"}],"about":[{"href":"https:\/\/www.europesays.com\/fr\/wp-json\/wp\/v2\/types\/post"}],"author":[{"embeddable":true,"href":"https:\/\/www.europesays.com\/fr\/wp-json\/wp\/v2\/users\/2"}],"replies":[{"embeddable":true,"href":"https:\/\/www.europesays.com\/fr\/wp-json\/wp\/v2\/comments?post=160210"}],"version-history":[{"count":0,"href":"https:\/\/www.europesays.com\/fr\/wp-json\/wp\/v2\/posts\/160210\/revisions"}],"wp:featuredmedia":[{"embeddable":true,"href":"https:\/\/www.europesays.com\/fr\/wp-json\/wp\/v2\/media\/160211"}],"wp:attachment":[{"href":"https:\/\/www.europesays.com\/fr\/wp-json\/wp\/v2\/media?parent=160210"}],"wp:term":[{"taxonomy":"category","embeddable":true,"href":"https:\/\/www.europesays.com\/fr\/wp-json\/wp\/v2\/categories?post=160210"},{"taxonomy":"post_tag","embeddable":true,"href":"https:\/\/www.europesays.com\/fr\/wp-json\/wp\/v2\/tags?post=160210"}],"curies":[{"name":"wp","href":"https:\/\/api.w.org\/{rel}","templated":true}]}}