{"id":160223,"date":"2025-06-08T06:08:13","date_gmt":"2025-06-08T06:08:13","guid":{"rendered":"https:\/\/www.europesays.com\/fr\/160223\/"},"modified":"2025-06-08T06:08:13","modified_gmt":"2025-06-08T06:08:13","slug":"en-plein-conclave-les-syndicats-furieux-contre-loption-dun-depart-a-665-ans","status":"publish","type":"post","link":"https:\/\/www.europesays.com\/fr\/160223\/","title":{"rendered":"En plein conclave, les syndicats furieux contre l\u2019option d\u2019un d\u00e9part \u00e0 66,5 ans"},"content":{"rendered":"<p>Les derni\u00e8res propositions du Conseil d\u2019orientation des <a href=\"https:\/\/www.20minutes.fr\/dossier\/reforme_des_retraites\" target=\"_blank\" class=\"color-ultramarine c-link\" rel=\"noopener\">retraites<\/a> (COR) mettent le feu aux n\u00e9gociations. Sugg\u00e9r\u00e9e dans un rapport, l\u2019option de repousser de nouveau l\u2019\u00e2ge de d\u00e9part \u00e0 la retraite suscitait samedi une lev\u00e9e de boucliers des <a href=\"https:\/\/www.20minutes.fr\/dossier\/syndicat\" target=\"_blank\" class=\"color-ultramarine c-link\" rel=\"noopener\">syndicats <\/a>qui bataillent pour revenir sur les 64 ans impos\u00e9s par la tr\u00e8s contest\u00e9e r\u00e9forme de\u00a02023.<\/p>\n<p>S\u2019il ne doit \u00eatre formellement adopt\u00e9 que jeudi prochain par les membres du COR, le rapport annuel de cet organisme rattach\u00e9 \u00e0 Matignon ne passe d\u00e9j\u00e0 pas inaper\u00e7u. Il est accus\u00e9 d\u2019\u00eatre \u00ab\u00a0orient\u00e9\u00a0\u00bb selon la <a href=\"https:\/\/www.20minutes.fr\/dossier\/cgt\" target=\"_blank\" class=\"color-ultramarine c-link\" rel=\"noopener\">CGT<\/a> voire de tenter de \u00ab\u00a0biaiser les travaux\u00a0\u00bb du \u00ab\u00a0conclave\u00a0\u00bb sur les retraites pr\u00e9vus jusqu\u2019au 17\u00a0juin.<\/p>\n<p>Quatre pistes mais une pr\u00e9f\u00e9r\u00e9e par le COR<\/p>\n<p>Dans ce rapport, le COR, pr\u00e9sid\u00e9 par l\u2019\u00e9conomiste Gilbert Cette, revoit \u00e0 la baisse le d\u00e9ficit escompt\u00e9 pour\u00a02030 (6,6\u00a0milliards d\u2019euros) mais \u00e0 la hausse celui \u00e0 long terme (2070). Il \u00e9value surtout quatre pistes pour r\u00e9\u00e9quilibrer le syst\u00e8me.<\/p>\n<\/p>\n<p>Le document qualifie les trois premi\u00e8res mesures \u2013 mod\u00e9ration de la progression des pensions nettes de pr\u00e9l\u00e8vements, hausse des contributions retraites des salari\u00e9s, hausse des contributions retraites des employeurs \u2013 de \u00ab\u00a0r\u00e9cessives\u00a0\u00bb et semble donc encourager la quatri\u00e8me\u00a0: un \u00ab\u00a0recul de l\u2019\u00e2ge de d\u00e9part \u00e0 la retraite qui permet un accroissement des taux d\u2019<a href=\"https:\/\/www.20minutes.fr\/economie\/emploi\/\" target=\"_blank\" class=\"color-ultramarine c-link\" rel=\"noopener\">emploi<\/a>\u00a0\u00bb. \u00ab\u00a0Pour \u00e9quilibrer structurellement le syst\u00e8me de retraite chaque ann\u00e9e jusqu\u2019en\u00a02070 via le seul levier de l\u2019\u00e2ge de d\u00e9part \u00e0 la retraite, il serait n\u00e9cessaire de porter cet \u00e2ge \u00e0 64,3 ans en\u00a02030, 65,9 ans en\u00a02045 et 66,5 ans en\u00a02070\u00a0\u00bb.<\/p>\n<p>Gilbert Cette critiqu\u00e9 par les syndicats<\/p>\n<p>Pour la CGT, Gilbert Cette, est \u00ab\u00a0sorti de son r\u00f4le\u00a0\u00bb. \u00ab\u00a0Il y a un scandale dans le fait de ne fl\u00e9cher qu\u2019une seule pr\u00e9conisation. Jusqu\u2019\u00e0 pr\u00e9sent, le COR \u00e9mettait des hypoth\u00e8ses et aux politiques de trancher. L\u00e0, c\u2019est totalement orient\u00e9\u00a0\u00bb, fustige son repr\u00e9sentant Denis Gravouil, charg\u00e9 de la protection sociale et des retraites. Selon lui, \u00ab\u00a0Gilbert Cette est en mission command\u00e9e par <a href=\"https:\/\/www.20minutes.fr\/politique\/emmanuel-macron\/\" target=\"_blank\" class=\"color-ultramarine c-link\" rel=\"noopener\">Emmanuel Macron<\/a>\u00a0\u00bb.<\/p>\n<p>\u00ab\u00a0Le COR n\u2019existe qu\u2019\u00e0 travers les avis de son conseil, il se r\u00e9unit jeudi. Donc il n\u2019y a aucune orientation sur les retraites qui existe pour l\u2019heure au niveau du COR\u2026 sauf \u00e0 vouloir \u00e9lectriser ou biaiser les travaux du conclave en cours. Ce qui est inadmissible\u00a0\u00bb, a pour sa part grinc\u00e9 Yvan Ricordeau, secr\u00e9taire g\u00e9n\u00e9ral adjoint de la <a href=\"https:\/\/www.20minutes.fr\/dossier\/cfdt\" target=\"_blank\" class=\"color-ultramarine c-link\" rel=\"noopener\">CFDT<\/a>.<\/p>\n<p>La Cour des comptes sur une autre ligne<\/p>\n<p>Soutien d\u2019Emmanuel Macron lors de la pr\u00e9sidentielle de\u00a02017, Gilbert Cette a \u00e9t\u00e9 nomm\u00e9 en octobre\u00a02023, prenant la suite de Pierre-Louis Bras. Ce dernier avait \u00e9t\u00e9 vivement critiqu\u00e9 par l\u2019ex\u00e9cutif en d\u00e9clarant que \u00ab\u00a0les d\u00e9penses de retraites ne d\u00e9rapent pas\u00a0\u00bb.<\/p>\n<p><a href=\"https:\/\/www.20minutes.fr\/dossier\/reforme_des_retraites\" target=\"_blank\" class=\"c-link c-btn c-btn--primary\" rel=\"noopener\">Notre dossier sur la R\u00e9forme des retraites<\/a><\/p>\n<p>Un r\u00e9cent rapport de la Cour des comptes a d\u00e9montr\u00e9 que reculer l\u2019\u00e2ge l\u00e9gal \u00ab\u00a0\u00e9tait efficace financi\u00e8rement \u00e0 tr\u00e8s court terme, sur les deux-trois premi\u00e8res ann\u00e9es, mais que l\u2019effet \u00e9tait assez faible sur du moyen-long terme\u00a0\u00bb, a de son c\u00f4t\u00e9 rappel\u00e9 vendredi sur France Info, Cyril Chabanier, pour la CFTC.<\/p>\n","protected":false},"excerpt":{"rendered":"Les derni\u00e8res propositions du Conseil d\u2019orientation des retraites (COR) mettent le feu aux n\u00e9gociations. Sugg\u00e9r\u00e9e dans un rapport,&hellip;\n","protected":false},"author":2,"featured_media":160224,"comment_status":"","ping_status":"","sticky":false,"template":"","format":"standard","meta":{"footnotes":""},"categories":[2],"tags":[47,11,1270,1271,15721,13851,20115,1073,1011,27,12,316,1268,25,137,11564,133],"class_list":{"0":"post-160223","1":"post","2":"type-post","3":"status-publish","4":"format-standard","5":"has-post-thumbnail","7":"category-actualites","8":"tag-actualite","9":"tag-actualites","10":"tag-cfdt","11":"tag-cgt","12":"tag-cour-des-comptes","13":"tag-deficit-public","14":"tag-dialogue-social","15":"tag-emmanuel-macron","16":"tag-fr","17":"tag-france","18":"tag-news","19":"tag-politique","20":"tag-reforme-des-retraites-2023","21":"tag-republique-francaise","22":"tag-retraite","23":"tag-syndicat","24":"tag-video"},"share_on_mastodon":{"url":"https:\/\/pubeurope.com\/@fr\/114646253756667013","error":""},"_links":{"self":[{"href":"https:\/\/www.europesays.com\/fr\/wp-json\/wp\/v2\/posts\/160223","targetHints":{"allow":["GET"]}}],"collection":[{"href":"https:\/\/www.europesays.com\/fr\/wp-json\/wp\/v2\/posts"}],"about":[{"href":"https:\/\/www.europesays.com\/fr\/wp-json\/wp\/v2\/types\/post"}],"author":[{"embeddable":true,"href":"https:\/\/www.europesays.com\/fr\/wp-json\/wp\/v2\/users\/2"}],"replies":[{"embeddable":true,"href":"https:\/\/www.europesays.com\/fr\/wp-json\/wp\/v2\/comments?post=160223"}],"version-history":[{"count":0,"href":"https:\/\/www.europesays.com\/fr\/wp-json\/wp\/v2\/posts\/160223\/revisions"}],"wp:featuredmedia":[{"embeddable":true,"href":"https:\/\/www.europesays.com\/fr\/wp-json\/wp\/v2\/media\/160224"}],"wp:attachment":[{"href":"https:\/\/www.europesays.com\/fr\/wp-json\/wp\/v2\/media?parent=160223"}],"wp:term":[{"taxonomy":"category","embeddable":true,"href":"https:\/\/www.europesays.com\/fr\/wp-json\/wp\/v2\/categories?post=160223"},{"taxonomy":"post_tag","embeddable":true,"href":"https:\/\/www.europesays.com\/fr\/wp-json\/wp\/v2\/tags?post=160223"}],"curies":[{"name":"wp","href":"https:\/\/api.w.org\/{rel}","templated":true}]}}