{"id":160225,"date":"2025-06-08T06:09:10","date_gmt":"2025-06-08T06:09:10","guid":{"rendered":"https:\/\/www.europesays.com\/fr\/160225\/"},"modified":"2025-06-08T06:09:10","modified_gmt":"2025-06-08T06:09:10","slug":"bresil-france-business-france-signe-un-accord-avec-apexbrasil","status":"publish","type":"post","link":"https:\/\/www.europesays.com\/fr\/160225\/","title":{"rendered":"Br\u00e9sil-France : Business France signe un accord avec ApexBrasil"},"content":{"rendered":"<p><strong>En marge d\u2019un forum d\u2019affaires organis\u00e9 \u00e0 Paris le 6 juin \u00e0 l\u2019occasion de la visite en France du pr\u00e9sident Lula, Business France et ApexBrasil ont sign\u00e9 un M\u00e9morandum d\u2019Entente (MoU) visant \u00e0 structurer un cadre d\u2019actions commun pour dynamiser les \u00e9changes commerciaux et soutenir les investissements entre la France et le Br\u00e9sil.<\/strong><\/p>\n<p>Cet accord sign\u00e9 entre <strong>Business France<\/strong>, l\u2019agence nationale au service de l\u2019internationalisation de l\u2019\u00e9conomie fran\u00e7aise, et <strong>ApexBrasil<\/strong>, l\u2019Agence br\u00e9silienne de promotion des exportations et des investissements, vise \u00e0 \u00ab\u00a0structurer un cadre d\u2019actions commun pour dynamiser les \u00e9changes commerciaux et soutenir les investissements entre la France et le Br\u00e9sil\u00a0\u00bb, pr\u00e9cise un communiqu\u00e9 de Business France.<\/p>\n<p>Il concr\u00e9tise une lettre d\u2019Intention sign\u00e9e en mars 2024, \u00e0 l\u2019occasion de la visite d\u2019\u00c9tat du Pr\u00e9sident <strong>Macron<\/strong> au Br\u00e9sil, entre <strong>Laurent\u00a0Saint-\u00a0Martin<\/strong>, alors directeur g\u00e9n\u00e9ral de Business France, et <strong>Jorge Ney Viana Macedo Neves<\/strong>, pr\u00e9sident d\u2019ApexBrasil. Le MoU a \u00e9t\u00e9 paraph\u00e9, le 6 juin, par ce dernier et <strong>Benoit Trivulce<\/strong>, actuel directeur g\u00e9n\u00e9ral par interim de Business France.<\/p>\n<p>Pour l\u2019agence fran\u00e7aise, cet accord marque \u00ab\u00a0une nouvelle \u00e9tape dans le renforcement du partenariat franco-br\u00e9silien, avec un programme de coop\u00e9ration cibl\u00e9 et des actions conjointes \u00e0 fort potentiel op\u00e9rationnel\u00a0\u00bb. Avec cinq axes prioritaires\u00a0:<\/p>\n<p>-\u00c9<strong>change d\u2019informations et d\u2019intelligence commerciale<\/strong> : mutualisation de donn\u00e9es, de pratiques et d\u2019analyses de march\u00e9 au service de la comp\u00e9titivit\u00e9 des entreprises ;<\/p>\n<p>\u2013<strong>Promotion conjointe du commerce ext\u00e9rieur<\/strong> : identification d\u2019opportunit\u00e9s de collaboration et organisation d\u2019actions de prospection et de communication partag\u00e9es\u00a0;<\/p>\n<p>\u2013<strong>Accompagnement des PME et entreprises dirig\u00e9es par des femmes<\/strong> : programmes d\u00e9di\u00e9s \u00e0 la r\u00e9duction des disparit\u00e9s r\u00e9gionales et \u00e0 l\u2019inclusion \u00e9conomique ;<\/p>\n<p>\u2013<strong>Attractivit\u00e9 et investissements crois\u00e9s<\/strong> : actions coordonn\u00e9es pour valoriser les \u00e9cosyst\u00e8mes d\u2019innovation et les fili\u00e8res prioritaires, notamment dans la transition \u00e9nerg\u00e9tique ;<\/p>\n<p>\u2013<strong>D\u00e9veloppement d\u2019actions conjointes<\/strong> visant \u00e0 promouvoir et renforcer les flux d\u2019investissements entre les deux parties, contribuant ainsi au d\u00e9veloppement des secteurs prioritaires dans les deux pays.<\/p>\n<p>Le communiqu\u00e9 insiste sur le fait que ce partenariat illustre aussi \u00ab\u00a0une vision partag\u00e9e d\u2019un d\u00e9veloppement plus \u00e9quitable et responsable \u00bb. Les deux agences s\u2019engagent, d\u2019apr\u00e8s le le texte, \u00e0 <strong>respecter les standards internationaux<\/strong> en mati\u00e8re de protection des donn\u00e9es, de lutte contre la corruption, et de promotion de l\u2019\u00e9galit\u00e9 de genre dans les \u00e9changes \u00e9conomiques mondiaux.<\/p>\n<p>D\u2019apr\u00e8s Benoit Trivulce, les deux agences publiques ont une \u00ab ambition commune \u00bb de \u00ab mieux <strong>connecter nos \u00e9cosyst\u00e8mes<\/strong>, soutenir nos entreprises dans leur d\u00e9veloppement international et identifier ensemble des leviers concrets de partenariat\u00a0\u00bb. \u00ab\u00a0Le Br\u00e9sil peut, gr\u00e2ce \u00e0 son mix \u00e9nerg\u00e9tique, \u00e0 son peuple et \u00e0 son potentiel, contribuer \u00e0 <strong>construire cette nouvelle \u00e9conomie<\/strong> dont le monde a tant besoin, car c\u2019est un pays qui poss\u00e8de la plus grande biodiversit\u00e9 de la plan\u00e8te\u00a0\u00bb souligne pour sa part Jorge Viana.<\/p>\n","protected":false},"excerpt":{"rendered":"En marge d\u2019un forum d\u2019affaires organis\u00e9 \u00e0 Paris le 6 juin \u00e0 l\u2019occasion de la visite en France&hellip;\n","protected":false},"author":2,"featured_media":160226,"comment_status":"","ping_status":"","sticky":false,"template":"","format":"standard","meta":{"footnotes":""},"categories":[4],"tags":[11,9297,29188,2548,4757,21193,1011,27,12,25],"class_list":{"0":"post-160225","1":"post","2":"type-post","3":"status-publish","4":"format-standard","5":"has-post-thumbnail","7":"category-france","8":"tag-actualites","9":"tag-aides-a-lexport","10":"tag-apexbrasil","11":"tag-bresil","12":"tag-business-france","13":"tag-commerce-exterieur","14":"tag-fr","15":"tag-france","16":"tag-news","17":"tag-republique-francaise"},"share_on_mastodon":{"url":"https:\/\/pubeurope.com\/@fr\/114646257779614708","error":""},"_links":{"self":[{"href":"https:\/\/www.europesays.com\/fr\/wp-json\/wp\/v2\/posts\/160225","targetHints":{"allow":["GET"]}}],"collection":[{"href":"https:\/\/www.europesays.com\/fr\/wp-json\/wp\/v2\/posts"}],"about":[{"href":"https:\/\/www.europesays.com\/fr\/wp-json\/wp\/v2\/types\/post"}],"author":[{"embeddable":true,"href":"https:\/\/www.europesays.com\/fr\/wp-json\/wp\/v2\/users\/2"}],"replies":[{"embeddable":true,"href":"https:\/\/www.europesays.com\/fr\/wp-json\/wp\/v2\/comments?post=160225"}],"version-history":[{"count":0,"href":"https:\/\/www.europesays.com\/fr\/wp-json\/wp\/v2\/posts\/160225\/revisions"}],"wp:featuredmedia":[{"embeddable":true,"href":"https:\/\/www.europesays.com\/fr\/wp-json\/wp\/v2\/media\/160226"}],"wp:attachment":[{"href":"https:\/\/www.europesays.com\/fr\/wp-json\/wp\/v2\/media?parent=160225"}],"wp:term":[{"taxonomy":"category","embeddable":true,"href":"https:\/\/www.europesays.com\/fr\/wp-json\/wp\/v2\/categories?post=160225"},{"taxonomy":"post_tag","embeddable":true,"href":"https:\/\/www.europesays.com\/fr\/wp-json\/wp\/v2\/tags?post=160225"}],"curies":[{"name":"wp","href":"https:\/\/api.w.org\/{rel}","templated":true}]}}