{"id":160269,"date":"2025-06-08T06:34:48","date_gmt":"2025-06-08T06:34:48","guid":{"rendered":"https:\/\/www.europesays.com\/fr\/160269\/"},"modified":"2025-06-08T06:34:48","modified_gmt":"2025-06-08T06:34:48","slug":"sextape-a-saint-etienne-le-maire-sera-juge-pour-chantage-en-septembre-06-06-2025-a-2044","status":"publish","type":"post","link":"https:\/\/www.europesays.com\/fr\/160269\/","title":{"rendered":"\u00ab\u00a0Sextape\u00a0\u00bb \u00e0 Saint-Etienne: le maire sera jug\u00e9 pour chantage en septembre &#8211; 06\/06\/2025 \u00e0 20:44"},"content":{"rendered":"<p>        <img fetchpriority=\"high\" decoding=\"async\" src=\"https:\/\/www.europesays.com\/fr\/wp-content\/uploads\/2025\/06\/4b9f2d59561c9625a8bf0d96e02ad0bb-760x506.jpg\" alt=\"Le maire de Saint-Etienne, Ga\u00ebl Perdriau, le 29 janvier 2024, \u00e0 la mairie de Saint-Etienne, dans la Loire ( AFP \/ JEFF PACHOUD )\" loading=\"eager\" width=\"760\" height=\"506\" style=\"max-width: 100%!important; height: auto;\"\/><\/p>\n<p class=\"c-image-news__legend\">Le maire de Saint-Etienne, Ga\u00ebl Perdriau, le 29 janvier 2024, \u00e0 la mairie de Saint-Etienne, dans la Loire ( AFP \/ JEFF PACHOUD )<\/p>\n<p>\n La justice a ordonn\u00e9 vendredi un proc\u00e8s contre le maire de Saint-Etienne Ga\u00ebl Perdriau, ex-LR, accus\u00e9 d&rsquo;avoir fait chanter son Premier adjoint avec une vid\u00e9o intime, et envisage d&rsquo;organiser un proc\u00e8s \u00e0 Lyon en septembre.\n<\/p>\n<p>\n Pr\u00e8s de trois ans apr\u00e8s l&rsquo;\u00e9closion du scandale, les deux juges d&rsquo;instruction saisis de ce dossier ont rendu leurs conclusions, a annonc\u00e9 \u00e0 l&rsquo;AFP le procureur de Lyon Thierry Dran.\n<\/p>\n<p>\n Ils ordonnent le renvoi de Ga\u00ebl Perdriau devant le tribunal correctionnel pour \u00ab\u00a0chantage, soustraction, d\u00e9tournement de fonds publics par un d\u00e9positaire de l&rsquo;autorit\u00e9 publique et participation \u00e0 une association de malfaiteurs\u00a0\u00bb, un d\u00e9lit puni d&rsquo;au moins cinq ans de prison, a-t-il pr\u00e9cis\u00e9 dans un communiqu\u00e9.\n<\/p>\n<p>\n Sous r\u00e9serve de recours, le proc\u00e8s se tiendra entre le 22 et le 26 septembre, a ajout\u00e9 le procureur.\n<\/p>\n<p>\n L&rsquo;affaire porte sur une vid\u00e9o montrant l&rsquo;ancien Premier adjoint centriste Gilles Artigues, un rival potentiel du maire, en train de se faire masser par un escort-boy dans une chambre d&rsquo;h\u00f4tel \u00e0 Paris en janvier 2015.\n<\/p>\n<p>\n Ga\u00ebl Perdriau, 52 ans, est soup\u00e7onn\u00e9 d&rsquo;avoir exig\u00e9 \u00ab\u00a0la loyaut\u00e9 politique\u00a0\u00bb de Gilles Artigues, \u00ab\u00a0des arbitrages \u00e9lectoraux et son absence d&rsquo;opposition aux d\u00e9cisions du maire\u00a0\u00bb contre la non divulgation de ce film, selon un document judiciaire consult\u00e9 par l&rsquo;AFP.\n<\/p>\n<p>\n Exclu du parti Les R\u00e9publicains et vilipend\u00e9 par ses opposants, le maire a toujours clam\u00e9 son innocence et refus\u00e9 de d\u00e9missionner, m\u00eame s&rsquo;il s&rsquo;est mis en retrait de ses fonctions \u00e0 la m\u00e9tropole. Il n&rsquo;a pas non plus exclu de se repr\u00e9senter aux \u00e9lections municipales de 2026.\n<\/p>\n<p>\n Contact\u00e9 par l&rsquo;AFP vendredi, il n&rsquo;a pas souhait\u00e9 s&rsquo;exprimer et ses avocats n&rsquo;\u00e9taient pas imm\u00e9diatement disponibles.\n<\/p>\n<p> &#8211; Sept co-pr\u00e9venus &#8211;<\/p>\n<p>\n Les magistrats instructeurs demandent que le maire soit jug\u00e9 avec trois anciens proches, accus\u00e9s d&rsquo;avoir organis\u00e9 le tournage de la sextape: son ex-directeur de cabinet, Pierre Gauttieri, son ancien adjoint \u00e0 l&rsquo;\u00c9ducation, Samy Kefi-J\u00e9r\u00f4me, et l&rsquo;ex-compagnon de ce dernier, Gilles Rossary-Lenglet, qui avait r\u00e9v\u00e9l\u00e9 l&rsquo;affaire \u00e0 Mediapart en 2022.\n<\/p>\n<p>\n Contrairement aux r\u00e9quisitions du parquet, les juges ordonnent \u00e9galement le renvoi de deux couples \u00e0 la t\u00eate d&rsquo;associations st\u00e9phanoises soup\u00e7onn\u00e9es d&rsquo;avoir servi \u00e0 r\u00e9mun\u00e9rer les auteurs de la sextape en \u00e9change de prestations fictives financ\u00e9es par la mairie. Ils seront jug\u00e9s pour \u00ab\u00a0abus de confiance\u00a0\u00bb.\n<\/p>\n<p>\n \u00ab\u00a0Je suis satisfait que le proc\u00e8s ait lieu en 2025 (&#8230;) et que tous les protagonistes, y compris les repr\u00e9sentants des associations, soient renvoy\u00e9s devant un tribunal\u00a0\u00bb, a d\u00e9clar\u00e9 \u00e0 l&rsquo;AFP Gilles Rossary-Lenglet. \u00ab\u00a0M\u00eame si je sais que je vais \u00eatre condamn\u00e9, je suis heureux car la v\u00e9rit\u00e9 va gagner \u00e0 la fin\u00a0\u00bb, a ajout\u00e9 celui qui se pr\u00e9sente comme un \u00ab\u00a0lanceur d&rsquo;alerte\u00a0\u00bb.\n<\/p>\n<p>\n L&rsquo;enqu\u00eate comporte un second volet: lors de l&rsquo;instruction, M. Rossary-Lenglet a fourni une vid\u00e9o de juin 2015 dans laquelle est \u00e9voqu\u00e9 un projet de chantage contre l&rsquo;ancien maire de Saint-Etienne Michel Thiolli\u00e8re (UMP-rad, de 1994 \u00e0 2008). L&rsquo;id\u00e9e, selon lui, \u00e9tait de pi\u00e9ger l&rsquo;ancien \u00e9dile avec une prostitu\u00e9e mineure. Mais le plan a \u00e9t\u00e9 abandonn\u00e9.\n<\/p>\n<p> &#8211; \u00ab\u00a0Bonne nouvelle\u00a0\u00bb &#8211;<\/p>\n<p>\n Selon Me Andr\u00e9 Buffard qui repr\u00e9sente les deux victimes, l&rsquo;annonce d&rsquo;un proc\u00e8s constitue \u00ab\u00a0un soulagement\u00a0\u00bb pour Gilles Artigues qui est d\u00e9sormais directeur dioc\u00e9sain de l&rsquo;enseignement catholique du Tarn. Quant \u00e0 Michel Thiolli\u00e8re, il est \u00ab\u00a0heureux d&rsquo;apprendre que les faits le concernant (&#8230;) seront eux-aussi jug\u00e9s\u00a0\u00bb, a ajout\u00e9 l&rsquo;avocat.\n<\/p>\n<p>\n Les \u00e9lus st\u00e9phanois, de droite comme de gauche, ont \u00e9galement salu\u00e9 la tenue d&rsquo;un proc\u00e8s en septembre.\n<\/p>\n<p>\n \u00ab\u00a0C&rsquo;est une tr\u00e8s bonne chose que la justice se prononce avant le d\u00e9marrage de la campagne municipale, qui pourra se d\u00e9rouler sur des bases plus claires\u00a0\u00bb, a ainsi d\u00e9clar\u00e9 Nicole Peycelon, une \u00e9lue LR qui a fait d\u00e9fection de la majorit\u00e9.\n<\/p>\n<p>\n Les \u00e9lections auront lieu \u00ab\u00a0dans un climat plus serein, car les St\u00e9phanois sauront \u00e0 quoi s&rsquo;en tenir\u00a0\u00bb, a rench\u00e9ri l&rsquo;\u00e9cologiste Olivier Longeon.\n<\/p>\n<p>\n C&rsquo;est une \u00ab\u00a0bonne nouvelle pour Saint-Etienne\u00a0\u00bb, \u00ab\u00a0M. Perdriau ne pourra plus se draper derri\u00e8re la seule pr\u00e9somption d&rsquo;innocence pour continuer de nuire aux int\u00e9r\u00eats de notre territoire et de ses habitants\u00a0\u00bb, a ajout\u00e9 l&rsquo;opposition socialiste dans un communiqu\u00e9.<\/p>\n","protected":false},"excerpt":{"rendered":"Le maire de Saint-Etienne, Ga\u00ebl Perdriau, le 29 janvier 2024, \u00e0 la mairie de Saint-Etienne, dans la Loire&hellip;\n","protected":false},"author":2,"featured_media":160270,"comment_status":"","ping_status":"","sticky":false,"template":"","format":"standard","meta":{"footnotes":""},"categories":[9653],"tags":[400,1111,11,2430,398,408,405,1777,674,1011,27,403,402,399,404,12,25,4001,401,406,407],"class_list":{"0":"post-160269","1":"post","2":"type-post","3":"status-publish","4":"format-standard","5":"has-post-thumbnail","7":"category-saint-etienne","8":"tag-action-cac-40","9":"tag-actu","10":"tag-actualites","11":"tag-auvergne-rhone-alpes","12":"tag-bourse-de-paris","13":"tag-boursorama","14":"tag-cotations","15":"tag-eu","16":"tag-europe","17":"tag-fr","18":"tag-france","19":"tag-indices-devises","20":"tag-investir","21":"tag-investissement","22":"tag-marche-boursier","23":"tag-news","24":"tag-republique-francaise","25":"tag-saint-etienne","26":"tag-sicav","27":"tag-trackers","28":"tag-warrants"},"share_on_mastodon":{"url":"https:\/\/pubeurope.com\/@fr\/114646359957190398","error":""},"_links":{"self":[{"href":"https:\/\/www.europesays.com\/fr\/wp-json\/wp\/v2\/posts\/160269","targetHints":{"allow":["GET"]}}],"collection":[{"href":"https:\/\/www.europesays.com\/fr\/wp-json\/wp\/v2\/posts"}],"about":[{"href":"https:\/\/www.europesays.com\/fr\/wp-json\/wp\/v2\/types\/post"}],"author":[{"embeddable":true,"href":"https:\/\/www.europesays.com\/fr\/wp-json\/wp\/v2\/users\/2"}],"replies":[{"embeddable":true,"href":"https:\/\/www.europesays.com\/fr\/wp-json\/wp\/v2\/comments?post=160269"}],"version-history":[{"count":0,"href":"https:\/\/www.europesays.com\/fr\/wp-json\/wp\/v2\/posts\/160269\/revisions"}],"wp:featuredmedia":[{"embeddable":true,"href":"https:\/\/www.europesays.com\/fr\/wp-json\/wp\/v2\/media\/160270"}],"wp:attachment":[{"href":"https:\/\/www.europesays.com\/fr\/wp-json\/wp\/v2\/media?parent=160269"}],"wp:term":[{"taxonomy":"category","embeddable":true,"href":"https:\/\/www.europesays.com\/fr\/wp-json\/wp\/v2\/categories?post=160269"},{"taxonomy":"post_tag","embeddable":true,"href":"https:\/\/www.europesays.com\/fr\/wp-json\/wp\/v2\/tags?post=160269"}],"curies":[{"name":"wp","href":"https:\/\/api.w.org\/{rel}","templated":true}]}}