{"id":160274,"date":"2025-06-08T06:37:09","date_gmt":"2025-06-08T06:37:09","guid":{"rendered":"https:\/\/www.europesays.com\/fr\/160274\/"},"modified":"2025-06-08T06:37:09","modified_gmt":"2025-06-08T06:37:09","slug":"le-festival-de-street-art-redemarre-a-la-seyne-votez-pour-votre-fresque-preferee","status":"publish","type":"post","link":"https:\/\/www.europesays.com\/fr\/160274\/","title":{"rendered":"Le festival de street art red\u00e9marre \u00e0 La Seyne: votez pour votre fresque pr\u00e9f\u00e9r\u00e9e"},"content":{"rendered":"<p>En quelques ann\u00e9es, La Seyne est devenue une place forte du street art dans la r\u00e9gion, avec ses immenses fresques visibles dans le centre-ville et certains quartiers. <a href=\"https:\/\/www.varmatin.com\/arts\/les-street-artistes-de-retour-dans-les-rues-989245\" rel=\"nofollow noopener\" target=\"_blank\">Ce lundi 9 juin, le MiniFest revient pour une cinqui\u00e8me \u00e9dition et donnera carte blanche \u00e0 une quinzaine d\u2019artistes sur des fa\u00e7ades de la ville.<\/a><\/p>\n<p>A cette occasion, nous vous proposons de d\u00e9signer votre \u0153uvre pr\u00e9f\u00e9r\u00e9, parmi celles que nous avons s\u00e9lectionn\u00e9es.<\/p>\n<p>Et si vraiment, le street art n\u2019est pas votre tasse de th\u00e9, vous pouvez \u00e9galement donner votre avis \u00e0 la fin de notre formulaire.<\/p>\n<p>Chargement\u2026<\/p>\n","protected":false},"excerpt":{"rendered":"En quelques ann\u00e9es, La Seyne est devenue une place forte du street art dans la r\u00e9gion, avec ses&hellip;\n","protected":false},"author":2,"featured_media":160275,"comment_status":"","ping_status":"","sticky":false,"template":"","format":"standard","meta":{"footnotes":""},"categories":[9619],"tags":[1111,11,1777,674,1011,27,12,882,25,2310,3366],"class_list":{"0":"post-160274","1":"post","2":"type-post","3":"status-publish","4":"format-standard","5":"has-post-thumbnail","7":"category-toulon","8":"tag-actu","9":"tag-actualites","10":"tag-eu","11":"tag-europe","12":"tag-fr","13":"tag-france","14":"tag-news","15":"tag-provence-alpes-cote-dazur","16":"tag-republique-francaise","17":"tag-toulon","18":"tag-vie-locale"},"share_on_mastodon":{"url":"https:\/\/pubeurope.com\/@fr\/114646367817861794","error":""},"_links":{"self":[{"href":"https:\/\/www.europesays.com\/fr\/wp-json\/wp\/v2\/posts\/160274","targetHints":{"allow":["GET"]}}],"collection":[{"href":"https:\/\/www.europesays.com\/fr\/wp-json\/wp\/v2\/posts"}],"about":[{"href":"https:\/\/www.europesays.com\/fr\/wp-json\/wp\/v2\/types\/post"}],"author":[{"embeddable":true,"href":"https:\/\/www.europesays.com\/fr\/wp-json\/wp\/v2\/users\/2"}],"replies":[{"embeddable":true,"href":"https:\/\/www.europesays.com\/fr\/wp-json\/wp\/v2\/comments?post=160274"}],"version-history":[{"count":0,"href":"https:\/\/www.europesays.com\/fr\/wp-json\/wp\/v2\/posts\/160274\/revisions"}],"wp:featuredmedia":[{"embeddable":true,"href":"https:\/\/www.europesays.com\/fr\/wp-json\/wp\/v2\/media\/160275"}],"wp:attachment":[{"href":"https:\/\/www.europesays.com\/fr\/wp-json\/wp\/v2\/media?parent=160274"}],"wp:term":[{"taxonomy":"category","embeddable":true,"href":"https:\/\/www.europesays.com\/fr\/wp-json\/wp\/v2\/categories?post=160274"},{"taxonomy":"post_tag","embeddable":true,"href":"https:\/\/www.europesays.com\/fr\/wp-json\/wp\/v2\/tags?post=160274"}],"curies":[{"name":"wp","href":"https:\/\/api.w.org\/{rel}","templated":true}]}}