{"id":160290,"date":"2025-06-08T06:45:10","date_gmt":"2025-06-08T06:45:10","guid":{"rendered":"https:\/\/www.europesays.com\/fr\/160290\/"},"modified":"2025-06-08T06:45:10","modified_gmt":"2025-06-08T06:45:10","slug":"voici-la-programmation-de-lete-2025","status":"publish","type":"post","link":"https:\/\/www.europesays.com\/fr\/160290\/","title":{"rendered":"voici la programmation de l&rsquo;\u00e9t\u00e9 2025"},"content":{"rendered":"<p>            Par<br \/>\n        <strong><br \/>\n            <a href=\"https:\/\/actu.fr\/auteur\/clemence-pays02-actu-fr\" title=\"Consulter tous les articles de Cl\u00e9mence Pays\" target=\"_blank\" rel=\"noopener\">Cl\u00e9mence Pays<\/a><br \/>\n        <\/strong><\/p>\n<p>        Publi\u00e9 le<\/p>\n<p>            8 juin 2025 \u00e0 7h40        <\/p>\n<p>Le dispositif Cet \u00e9t\u00e9 \u00e0 Rennes est de retour pour la saison estivale 2025. Du vendredi 27\u00a0juin au dimanche 31\u00a0ao\u00fbt, la Ville et de nombreuses associations se mobilisent pour <a href=\"https:\/\/actu.fr\/bretagne\/rennes_35238\/baignades-roller-disco-cine-en-plein-air-vous-ne-savez-pas-quoi-faire-cet-ete-a-rennes-voici-le-programme_62698004.html\" target=\"_blank\" rel=\"noopener\">proposer des activit\u00e9s au plus grand nombre<\/a> de Rennaises et Rennais. Parmi elles, les s\u00e9ances de cin\u00e9ma en plein air font leur retour.<\/p>\n<p class=\" wall-content\">Cette ann\u00e9e, l\u2019association de promotion du cin\u00e9ma Clair Obscur et les associations de quartiers ont s\u00e9lectionn\u00e9 dix films \u00ab\u2009tout public et gratuits\u2009\u00bb autour de la th\u00e9matique du Vivre ensemble.<\/p>\n<blockquote class=\"ac-article-quote wall-content\">\n<p>Chacun peut\u00a0amener ses transats, ses plaids, pour d\u00e9couvrir confortablement tous types de films, des classiques incontournables\u00a0aux com\u00e9dies en passant par les films d\u2019animation, com\u00e9dies, sur \u00e9crans g\u00e9ants\u00a0au grand\u00a0air.<\/p>\n<p>    <strong>Ville de Rennes<\/strong>\n            <\/p><\/blockquote>\n<p class=\" wall-content\">Actu Rennes fait le point sur la programmation.<\/p>\n<p>Restauration et buvette sur place<\/p>\n<p>En attendant la tomb\u00e9e de la nuit et le d\u00e9but des projections, des animations gratuites sont propos\u00e9es l\u2019apr\u00e8s-midi.\u00a0Une restauration et une buvette sont install\u00e9es sur place.<\/p>\n<p>Vid\u00e9os : en ce moment sur ActuLes films diffus\u00e9s en juillet<\/p>\n<ul class=\" wall-content\">\n<li>Vendredi 4\u00a0juillet, \u00e0 22h30, \u00e0 l\u2019\u00e9tang des Long Champs\u2009: <strong>Le Sens de la f\u00eate, <\/strong>d\u2019\u00c9ric Toledano et Olivier Nakache.<\/li>\n<\/ul>\n<ul class=\" wall-content\">\n<li>Mercredi 9\u00a0juillet, \u00e0 22h30, aux plages de Baud\u2009: <strong>Microbe et Gasoil, <\/strong>de Michel Gondry.<\/li>\n<\/ul>\n<ul class=\" wall-content\">\n<li>Mercredi 16\u00a0juillet, \u00e0 22h30, au Jardin des Vikings (Br\u00e9quigny)\u2009: <strong>La Vache, <\/strong>de Mohamed Hamidi.<\/li>\n<\/ul>\n<ul class=\" wall-content\">\n<li>Jeudi 17\u00a0juillet, \u00e0 22h30, place du Gros-Ch\u00eane (<a href=\"https:\/\/actu.fr\/tag\/maurepas\" target=\"_blank\" rel=\"noopener\">Maurepas<\/a>)\u2009: <strong>\u00c0 l\u2019abordage,<\/strong> de Guillaume Brac.<\/li>\n<\/ul>\n<p>Les films diffus\u00e9s en ao\u00fbt<\/p>\n<ul class=\" wall-content\">\n<li>Mardi 19\u00a0ao\u00fbt, \u00e0 21h30, au parc du Berry (<a href=\"https:\/\/actu.fr\/tag\/villejean\" target=\"_blank\" rel=\"noopener\">Villejean<\/a>)\u2009: <strong>Sirocco et le Royaume des courants d\u2019air, <\/strong>de Beno\u00eet Chieux.<\/li>\n<\/ul>\n<ul class=\" wall-content\">\n<li>Lundi 25\u00a0ao\u00fbt, \u00e0 21h30, au parc des Hautes Ourmes (<a href=\"https:\/\/actu.fr\/tag\/le-blosne\" target=\"_blank\" rel=\"noopener\">Le Blosne<\/a>)\u2009: <strong>Rasta Rockett, <\/strong>de Jon Turteltaub.<\/li>\n<\/ul>\n<ul class=\" wall-content\">\n<li>Mardi 26\u00a0ao\u00fbt, \u00e0 21h30, au beach park Charles-G\u00e9niaux (Moulin du comte)\u2009: <strong>E.T. l\u2019Extra-Terrestre,<\/strong> de Steven Spielberg.<\/li>\n<\/ul>\n<ul class=\" wall-content\">\n<li>Mercredi 27\u00a0ao\u00fbt, \u00e0 21h30, au R\u00e9cipon (Cleunay)\u2009: <strong>Kirikou et les Hommes et les Femmes,<\/strong> de Michel Ocelot.<\/li>\n<\/ul>\n<ul class=\" wall-content\">\n<li>Jeudi 28\u00a0ao\u00fbt, \u00e0 21h30, au parc d\u2019Algarve (Le Blosne)\u2009: <strong>Dounia et la princesse d\u2019Alep,<\/strong> de Marya Zarif et Andr\u00e9 Kadi.<\/li>\n<\/ul>\n<ul class=\" wall-content\">\n<li>Vendredi 29\u00a0ao\u00fbt, \u00e0 21h30, au parc de Beauregard\u2009: <strong>Interdit aux chiens et aux Italiens,<\/strong> d\u2019Alain Ughetto.<\/li>\n<\/ul>\n<p class=\" wall-content\">Suivez toute l\u2019actualit\u00e9 de vos villes et m\u00e9dias favoris en vous inscrivant \u00e0 <a href=\"https:\/\/moncompte.actu.fr\" title=\"D\u00e9couvez Mon Actu\" rel=\"nofollow noopener\" data-trk=\"{&quot;cta&quot;:{&quot;action&quot;:&quot;https:\\\/\\\/moncompte.actu.fr&quot;,&quot;category&quot;:&quot;mon compte&quot;,&quot;from&quot;:&quot;article footer&quot;,&quot;name&quot;:&quot;Mon actu&quot;,&quot;type&quot;:&quot;cta&quot;}}\" target=\"_blank\">Mon Actu<\/a>.<\/p>\n","protected":false},"excerpt":{"rendered":"Par Cl\u00e9mence Pays Publi\u00e9 le 8 juin 2025 \u00e0 7h40 Le dispositif Cet \u00e9t\u00e9 \u00e0 Rennes est de&hellip;\n","protected":false},"author":2,"featured_media":160291,"comment_status":"","ping_status":"","sticky":false,"template":"","format":"standard","meta":{"footnotes":""},"categories":[2821],"tags":[1111,11,1063,829,650,1777,674,1011,27,1652,12,584,25],"class_list":{"0":"post-160290","1":"post","2":"type-post","3":"status-publish","4":"format-standard","5":"has-post-thumbnail","7":"category-rennes","8":"tag-actu","9":"tag-actualites","10":"tag-animations","11":"tag-bretagne","12":"tag-cinema","13":"tag-eu","14":"tag-europe","15":"tag-fr","16":"tag-france","17":"tag-loisirs-culture","18":"tag-news","19":"tag-rennes","20":"tag-republique-francaise"},"share_on_mastodon":{"url":"https:\/\/pubeurope.com\/@fr\/114646399238356054","error":""},"_links":{"self":[{"href":"https:\/\/www.europesays.com\/fr\/wp-json\/wp\/v2\/posts\/160290","targetHints":{"allow":["GET"]}}],"collection":[{"href":"https:\/\/www.europesays.com\/fr\/wp-json\/wp\/v2\/posts"}],"about":[{"href":"https:\/\/www.europesays.com\/fr\/wp-json\/wp\/v2\/types\/post"}],"author":[{"embeddable":true,"href":"https:\/\/www.europesays.com\/fr\/wp-json\/wp\/v2\/users\/2"}],"replies":[{"embeddable":true,"href":"https:\/\/www.europesays.com\/fr\/wp-json\/wp\/v2\/comments?post=160290"}],"version-history":[{"count":0,"href":"https:\/\/www.europesays.com\/fr\/wp-json\/wp\/v2\/posts\/160290\/revisions"}],"wp:featuredmedia":[{"embeddable":true,"href":"https:\/\/www.europesays.com\/fr\/wp-json\/wp\/v2\/media\/160291"}],"wp:attachment":[{"href":"https:\/\/www.europesays.com\/fr\/wp-json\/wp\/v2\/media?parent=160290"}],"wp:term":[{"taxonomy":"category","embeddable":true,"href":"https:\/\/www.europesays.com\/fr\/wp-json\/wp\/v2\/categories?post=160290"},{"taxonomy":"post_tag","embeddable":true,"href":"https:\/\/www.europesays.com\/fr\/wp-json\/wp\/v2\/tags?post=160290"}],"curies":[{"name":"wp","href":"https:\/\/api.w.org\/{rel}","templated":true}]}}