{"id":160301,"date":"2025-06-08T06:52:12","date_gmt":"2025-06-08T06:52:12","guid":{"rendered":"https:\/\/www.europesays.com\/fr\/160301\/"},"modified":"2025-06-08T06:52:12","modified_gmt":"2025-06-08T06:52:12","slug":"le-fc-nantes-attendu-dans-cette-commune-du-morbihan-voici-ou-et-quand","status":"publish","type":"post","link":"https:\/\/www.europesays.com\/fr\/160301\/","title":{"rendered":"le FC Nantes attendu dans cette commune du Morbihan, voici o\u00f9 et quand"},"content":{"rendered":"<p>            Par<br \/>\n        <strong><br \/>\n            <a href=\"https:\/\/actu.fr\/auteur\/journaliste-pl\" title=\"Consulter tous les articles de R\u00e9daction Plo\u00ebrmel\" rel=\"nofollow noopener\" target=\"_blank\">R\u00e9daction Plo\u00ebrmel<\/a><br \/>\n        <\/strong><\/p>\n<p>        Publi\u00e9 le<\/p>\n<p>            8 juin 2025 \u00e0 8h20        <\/p>\n<p>Le stade Patrick Caillaud \u00e0 Plo\u00ebrmel (<b>Morbihan) <\/b>va vibrer au rythme du ballon rond dimanche <b>20\u00a0juillet 2025<\/b>. Les amateurs de <b>football\u00a0<\/b>pourront profiter d\u2019un\u00a0<b>match amical\u00a0<\/b>entre deux \u00e9quipes professionnelles.<\/p>\n<p class=\" wall-content\">Afin de pr\u00e9parer au mieux la prochaine saison, le <a href=\"https:\/\/actu.fr\/tag\/fc-nantes\" rel=\"nofollow noopener\" target=\"_blank\">FC Nantes<\/a> va disputer une s\u00e9rie de matchs amicaux avant la reprise du championnat. L\u2019une des rencontres se d\u00e9roulera \u00e0 Plo\u00ebrmel.<\/p>\n<p class=\" wall-content\">Le dimanche 20 juillet 2025, les Nantes fouleront la pelouse du stade Patrick Caillaud \u00e0 l\u2019occasion du deuxi\u00e8me match amical programm\u00e9 avant la reprise du championnat. Ils affronteront l\u2019<b>En Avant Guingamp<\/b>.<\/p>\n<p class=\" wall-content\">Suivez toute l\u2019actualit\u00e9 de vos villes et m\u00e9dias favoris en vous inscrivant \u00e0 <a href=\"https:\/\/moncompte.actu.fr\" title=\"D\u00e9couvez Mon Actu\" rel=\"nofollow noopener\" data-trk=\"{&quot;cta&quot;:{&quot;action&quot;:&quot;https:\\\/\\\/moncompte.actu.fr&quot;,&quot;category&quot;:&quot;mon compte&quot;,&quot;from&quot;:&quot;article footer&quot;,&quot;name&quot;:&quot;Mon actu&quot;,&quot;type&quot;:&quot;cta&quot;}}\" target=\"_blank\">Mon Actu<\/a>.<\/p>\n<ul class=\"ac-article-tag wall-content\">\n<li><a href=\"https:\/\/actu.fr\/tag\/en-avant-guingamp-eag\" data-trk=\"{&quot;cta&quot;:{&quot;action&quot;:&quot;En Avant Guingamp (EAG)&quot;,&quot;category&quot;:&quot;tag&quot;,&quot;from&quot;:&quot;article footer&quot;,&quot;name&quot;:&quot;En Avant Guingamp (EAG)&quot;,&quot;type&quot;:&quot;cta&quot;}}\" rel=\"nofollow noopener\" target=\"_blank\">#En Avant Guingamp (EAG)<\/a><\/li>\n<li><a href=\"https:\/\/actu.fr\/tag\/fc-nantes\" data-trk=\"{&quot;cta&quot;:{&quot;action&quot;:&quot;FC Nantes&quot;,&quot;category&quot;:&quot;tag&quot;,&quot;from&quot;:&quot;article footer&quot;,&quot;name&quot;:&quot;FC Nantes&quot;,&quot;type&quot;:&quot;cta&quot;}}\" rel=\"nofollow noopener\" target=\"_blank\">#FC Nantes<\/a><\/li>\n<\/ul>\n","protected":false},"excerpt":{"rendered":"Par R\u00e9daction Plo\u00ebrmel Publi\u00e9 le 8 juin 2025 \u00e0 8h20 Le stade Patrick Caillaud \u00e0 Plo\u00ebrmel (Morbihan) va&hellip;\n","protected":false},"author":2,"featured_media":160302,"comment_status":"","ping_status":"","sticky":false,"template":"","format":"standard","meta":{"footnotes":""},"categories":[2818],"tags":[1111,11,29194,1777,674,462,63,1011,27,66,766,12,2636,25,60],"class_list":{"0":"post-160301","1":"post","2":"type-post","3":"status-publish","4":"format-standard","5":"has-post-thumbnail","7":"category-nantes","8":"tag-actu","9":"tag-actualites","10":"tag-en-avant-guingamp-eag","11":"tag-eu","12":"tag-europe","13":"tag-fc-nantes","14":"tag-football","15":"tag-fr","16":"tag-france","17":"tag-ligue-1","18":"tag-nantes","19":"tag-news","20":"tag-pays-de-la-loire","21":"tag-republique-francaise","22":"tag-sports"},"share_on_mastodon":{"url":"https:\/\/pubeurope.com\/@fr\/114646426875119986","error":""},"_links":{"self":[{"href":"https:\/\/www.europesays.com\/fr\/wp-json\/wp\/v2\/posts\/160301","targetHints":{"allow":["GET"]}}],"collection":[{"href":"https:\/\/www.europesays.com\/fr\/wp-json\/wp\/v2\/posts"}],"about":[{"href":"https:\/\/www.europesays.com\/fr\/wp-json\/wp\/v2\/types\/post"}],"author":[{"embeddable":true,"href":"https:\/\/www.europesays.com\/fr\/wp-json\/wp\/v2\/users\/2"}],"replies":[{"embeddable":true,"href":"https:\/\/www.europesays.com\/fr\/wp-json\/wp\/v2\/comments?post=160301"}],"version-history":[{"count":0,"href":"https:\/\/www.europesays.com\/fr\/wp-json\/wp\/v2\/posts\/160301\/revisions"}],"wp:featuredmedia":[{"embeddable":true,"href":"https:\/\/www.europesays.com\/fr\/wp-json\/wp\/v2\/media\/160302"}],"wp:attachment":[{"href":"https:\/\/www.europesays.com\/fr\/wp-json\/wp\/v2\/media?parent=160301"}],"wp:term":[{"taxonomy":"category","embeddable":true,"href":"https:\/\/www.europesays.com\/fr\/wp-json\/wp\/v2\/categories?post=160301"},{"taxonomy":"post_tag","embeddable":true,"href":"https:\/\/www.europesays.com\/fr\/wp-json\/wp\/v2\/tags?post=160301"}],"curies":[{"name":"wp","href":"https:\/\/api.w.org\/{rel}","templated":true}]}}