{"id":160306,"date":"2025-06-08T06:55:10","date_gmt":"2025-06-08T06:55:10","guid":{"rendered":"https:\/\/www.europesays.com\/fr\/160306\/"},"modified":"2025-06-08T06:55:10","modified_gmt":"2025-06-08T06:55:10","slug":"ce-nouveau-restaurant-promet-une-cuisine-typique","status":"publish","type":"post","link":"https:\/\/www.europesays.com\/fr\/160306\/","title":{"rendered":"ce nouveau restaurant promet une cuisine typique"},"content":{"rendered":"<p>            Par<br \/>\n        <strong><br \/>\n            <a href=\"https:\/\/actu.fr\/auteur\/lea-afonso\" title=\"Consulter tous les articles de L\u00e9a Afonso\" target=\"_blank\" rel=\"noopener\">L\u00e9a Afonso<\/a><br \/>\n        <\/strong><\/p>\n<p>        Publi\u00e9 le<\/p>\n<p>            8 juin 2025 \u00e0 8h08        <\/p>\n<p>Feijoada, moqueca de peixe, p\u00e3o de queijo\u2026 \u00c0 tous ceux qui ont le mal du pays d\u2019Am\u00e9rique du Sud,<a href=\"https:\/\/www.instagram.com\/bossanovatoulouse\/\" target=\"_blank\" rel=\"noopener\"> Bossa Nova<\/a>, un tout nouveau<strong> restaurant 100\u2009% br\u00e9silien<\/strong> vient d\u2019ouvrir en plein c\u0153ur de <strong><a href=\"https:\/\/actu.fr\/toulouse\/\" target=\"_blank\" rel=\"noopener\">Toulouse<\/a> <\/strong>mardi 13 mai 2025. Une immersion gustative pour ravir ses papilles\u2009! Rencontre.<\/p>\n<p>Apporter une nouvelle offre \u00e0 Toulouse<\/p>\n<p class=\" wall-content\">Couleurs vertes et jaunes aux murs, <strong>musique live de Bossa Nova<\/strong> certains soirs (style de musique br\u00e9silien), c\u2019est comme si on y \u00e9tait\u2009! Et l\u2019id\u00e9e d\u2019une telle immersion ne vient pas de nulle part. Laura est originaire de Porto Alegre au sud du Br\u00e9sil, quant \u00e0 Vincent, apr\u00e8s avoir pass\u00e9 six mois en \u00e9tudes l\u00e0-bas, il en est tomb\u00e9 amoureux.<\/p>\n<p class=\" wall-content\">Alors quand les deux tourtereaux se sont rendu compte qu\u2019\u00e0 Toulouse, <strong>l\u2019offre<\/strong> n\u2019\u00e9tait <strong>pas assez importante<\/strong> quant \u00e0 la <strong>comida brasileira<\/strong> (la nourriture br\u00e9silienne), leur projet \u00e9tait tout trouv\u00e9. \u00ab\u2009Il manquait un lieu de convivialit\u00e9, avec une ambiance de Boteco, ces petits stands gourmands et musicaux traditionnels, sur Toulouse\u2009\u00bb, explique Vincent.<\/p>\n<p class=\" wall-content\">\u00ab\u2009J\u2019ai vraiment envie de<strong> transmettre ma culture dans ce restaurant,<\/strong> parce qu\u2019elle dispose d\u2019une telle richesse. Cela va bien au-del\u00e0 des clich\u00e9s du Carnaval et de Rio. Il n\u2019y a pas moins de cinq styles musicaux diff\u00e9rents, tellement d\u2019influences europ\u00e9ennes, indig\u00e8ne, afro dans notre nourriture. Au Br\u00e9sil, toutes les cultures sont r\u00e9unies et rassembl\u00e9es autour de la musique et de la nourriture\u2009\u00bb, raconte Laura.<\/p>\n<p>Une soir\u00e9e et un projet<\/p>\n<p class=\" wall-content\">La restauration, ce n\u2019\u00e9tait pas inn\u00e9 pour le couple. Si Laura \u00e9tait d\u00e9j\u00e0 dans le milieu, Vincent lui travaillait dans l\u2019a\u00e9ronautique. Un CAP et trois ann\u00e9es d\u2019exp\u00e9rience plus tard, le voil\u00e0 d\u00e9sormais en cuisine.<\/p>\n<p class=\" wall-content\">\u00ab\u2009Tout a commenc\u00e9 dans une <strong>soir\u00e9e br\u00e9silienne<\/strong> que l\u2019on a faite avec nos amis, chez nous. Tout le monde a trouv\u00e9 que <strong>l\u2019ambiance \u00e9tait bonne<\/strong>, de m\u00eame pour la nourriture. Ils nous ont tous dit qu\u2019il fallait qu\u2019on se lance\u2009\u00bb, explique le couple. Petit \u00e0 petit, le projet a m\u00fbri. Laura et Vincent ont commenc\u00e9 par<strong> vendre des plats<\/strong> typiques sur le<strong> march\u00e9 de<a href=\"https:\/\/actu.fr\/occitanie\/portet-sur-garonne_31433\" target=\"_blank\" rel=\"noopener\"> Portet-sur-Garonne<\/a><\/strong>, puis l\u2019id\u00e9e du restaurant est arriv\u00e9e.<\/p>\n<p class=\" wall-content\">\u00ab\u2009Apr\u00e8s, il a fallu trouver le fonds de commerce, l\u2019argent, les travaux, le doute s\u2019est install\u00e9\u2026 On voulait aussi voir s\u2019il y avait le march\u00e9 \u00e0 Toulouse pour aller plus loin\u2026\u2009\u00bb, continue Vincent.<\/p>\n<p>Plaire aux Toulousains et \u00e0 la communaut\u00e9<\/p>\n<p class=\" wall-content\">Le couple affirme que pour l\u2019instant, <strong>60\u2009% de leur client\u00e8le<\/strong> est issue de la communaut\u00e9 <strong>br\u00e9silienne<\/strong> habitant dans la Ville rose. \u00ab\u2009Donc forc\u00e9ment, on \u00e9tait oblig\u00e9 de<strong> proposer des classiques<\/strong> en termes de <strong>nourriture<\/strong> pour ne pas d\u00e9cevoir. Piqua\u00f1a (viande), feijoada (plat \u00e0 base de haricots), moqueca de peixe (ragout de poisson), p\u00e3o de queijo (pain de fromage) et puis on travaille beaucoup la banane plantain et le manioc\u2009\u00bb.<\/p>\n<p class=\" wall-content\">Mais cela tend \u00e0 \u00e9voluer. \u00ab\u2009La carte change toutes les deux semaines pour que l\u2019on puisse proposer de la diversit\u00e9 dans nos plats et aussi <strong>amener les Toulousains \u00e0 d\u00e9couvrir des saveurs<\/strong> qu\u2019ils ne connaissent peut-\u00eatre pas\u2009\u00bb terminent-ils.<\/p>\n<p>Infos pratiques\u2009:<br \/>Bossa nova, 1 bis Rue du May, 31\u2009000 Toulouse<br \/>Horaires\u2009: du mercredi au samedi de 12\u2009h \u00e0 14\u2009h et de 29\u00a0heures \u00e0 22\u2009h\u2009; le mardi de 19\u2009h \u00e0 22\u2009h et le dimanche de 12\u2009h \u00e0 14\u2009h<br \/>Concerts live certains soirs, dont le 21\u00a0juin pour la f\u00eate de la musique<\/p>\n<p class=\" wall-content\">Suivez toute l\u2019actualit\u00e9 de vos villes et m\u00e9dias favoris en vous inscrivant \u00e0 <a href=\"https:\/\/moncompte.actu.fr\" title=\"D\u00e9couvez Mon Actu\" rel=\"nofollow noopener\" data-trk=\"{&quot;cta&quot;:{&quot;action&quot;:&quot;https:\\\/\\\/moncompte.actu.fr&quot;,&quot;category&quot;:&quot;mon compte&quot;,&quot;from&quot;:&quot;article footer&quot;,&quot;name&quot;:&quot;Mon actu&quot;,&quot;type&quot;:&quot;cta&quot;}}\" target=\"_blank\">Mon Actu<\/a>.<\/p>\n<p>                    <script async src=\"\/\/www.instagram.com\/embed.js\"><\/script><\/p>\n","protected":false},"excerpt":{"rendered":"Par L\u00e9a Afonso Publi\u00e9 le 8 juin 2025 \u00e0 8h08 Feijoada, moqueca de peixe, p\u00e3o de queijo\u2026 \u00c0&hellip;\n","protected":false},"author":2,"featured_media":160307,"comment_status":"","ping_status":"","sticky":false,"template":"","format":"standard","meta":{"footnotes":""},"categories":[2816],"tags":[1111,11,2548,1777,674,1011,27,12,2680,25,1340,2850,104,2312],"class_list":{"0":"post-160306","1":"post","2":"type-post","3":"status-publish","4":"format-standard","5":"has-post-thumbnail","7":"category-toulouse","8":"tag-actu","9":"tag-actualites","10":"tag-bresil","11":"tag-eu","12":"tag-europe","13":"tag-fr","14":"tag-france","15":"tag-news","16":"tag-occitanie","17":"tag-republique-francaise","18":"tag-restaurant","19":"tag-restaurants-de-toulouse","20":"tag-societe","21":"tag-toulouse"},"share_on_mastodon":{"url":"https:\/\/pubeurope.com\/@fr\/114646438603481163","error":""},"_links":{"self":[{"href":"https:\/\/www.europesays.com\/fr\/wp-json\/wp\/v2\/posts\/160306","targetHints":{"allow":["GET"]}}],"collection":[{"href":"https:\/\/www.europesays.com\/fr\/wp-json\/wp\/v2\/posts"}],"about":[{"href":"https:\/\/www.europesays.com\/fr\/wp-json\/wp\/v2\/types\/post"}],"author":[{"embeddable":true,"href":"https:\/\/www.europesays.com\/fr\/wp-json\/wp\/v2\/users\/2"}],"replies":[{"embeddable":true,"href":"https:\/\/www.europesays.com\/fr\/wp-json\/wp\/v2\/comments?post=160306"}],"version-history":[{"count":0,"href":"https:\/\/www.europesays.com\/fr\/wp-json\/wp\/v2\/posts\/160306\/revisions"}],"wp:featuredmedia":[{"embeddable":true,"href":"https:\/\/www.europesays.com\/fr\/wp-json\/wp\/v2\/media\/160307"}],"wp:attachment":[{"href":"https:\/\/www.europesays.com\/fr\/wp-json\/wp\/v2\/media?parent=160306"}],"wp:term":[{"taxonomy":"category","embeddable":true,"href":"https:\/\/www.europesays.com\/fr\/wp-json\/wp\/v2\/categories?post=160306"},{"taxonomy":"post_tag","embeddable":true,"href":"https:\/\/www.europesays.com\/fr\/wp-json\/wp\/v2\/tags?post=160306"}],"curies":[{"name":"wp","href":"https:\/\/api.w.org\/{rel}","templated":true}]}}