{"id":160310,"date":"2025-06-08T06:58:41","date_gmt":"2025-06-08T06:58:41","guid":{"rendered":"https:\/\/www.europesays.com\/fr\/160310\/"},"modified":"2025-06-08T06:58:41","modified_gmt":"2025-06-08T06:58:41","slug":"6-magnifiques-jardins-a-visiter-gratuitement-ce-week-end-dans-le-nord-et-le-pas-de-calais","status":"publish","type":"post","link":"https:\/\/www.europesays.com\/fr\/160310\/","title":{"rendered":"6 magnifiques jardins \u00e0 visiter gratuitement ce week-end dans le Nord et le Pas-de-Calais\u00a0!"},"content":{"rendered":"<p>            Par<br \/>\n        <strong><br \/>\n            <a href=\"https:\/\/actu.fr\/auteur\/redaction-lille\" title=\"Consulter tous les articles de R\u00e9daction Lille\" target=\"_blank\" rel=\"noopener\">R\u00e9daction Lille<\/a><br \/>\n        <\/strong><\/p>\n<p>        Publi\u00e9 le<\/p>\n<p>            6 juin 2025 \u00e0 9h48        <\/p>\n<p>Du vendredi 6 au dimanche 8 juin 2025 aura lieu la 22e \u00e9dition des \u00ab\u00a0<b>Rendez-vous aux jardins<\/b>\u00a0\u00bb organis\u00e9e par le <b>minist\u00e8re de la culture<\/b>. Pour cette occasion, nous avons s\u00e9lectionn\u00e9 pour vous <b>six magnifiques jardins totalement gratuits \u00e0 visiter<\/b> en ce week-end de Pentec\u00f4te dans le <a href=\"https:\/\/actu.fr\/hauts-de-france\/nord_59\" target=\"_blank\" rel=\"noopener\">Nord<\/a> et le <a href=\"https:\/\/actu.fr\/hauts-de-france\/pas-de-calais_62\" target=\"_blank\" rel=\"noopener\">Pas-de-Calais<\/a>.<\/p>\n<p>Six jardins \u00e0 visiter gratuitement dans le Nord et le Pas-de-Calais<\/p>\n<p class=\" wall-content\"><b>1- Jardin du Conservatoire botanique national, Bailleul (Nord)<\/b><\/p>\n<p class=\" wall-content\">\u00c9lu coup de c\u0153ur du minist\u00e8re et labelis\u00e9 jardin remarquable, pour cette \u00e9dition, le Conservatoire vous propose des visites guid\u00e9es, un march\u00e9 de producteurs et d\u2019artisans locaux et m\u00eame des ateliers dessin et aquarelle. Ses portes ouvertes le dimanche 8 juin, tourneront autour des plantes sauvages comestibles et m\u00e9dicinales ainsi que de leur conservation. Partez \u00e0 la d\u00e9couverte d\u2019un site naturel de 25 hectares contenant plus de 1000 esp\u00e8ces de plantes avec deux jardins p\u00e9dagogiques, un de plantes sauvages, l\u2019autre m\u00e9dicinal.<\/p>\n<p class=\" wall-content\"><b>2- Parc de la Citadelle, Lille (Nord)<\/b><\/p>\n<p class=\" wall-content\">On ne vous pr\u00e9sente plus ce parc embl\u00e9matique de la m\u00e9tropole ! Pour ces \u00ab\u00a0Rendez-vous aux jardins\u00a0\u00bb, il vous a concoct\u00e9 un programme charg\u00e9. D\u00e9couverte de la faune nocturne, statues du parc, sortie naturaliste ou encore r\u00f4le de l\u2019eau dans le parc, beaucoup de surprises vous attendent ces samedi 7 et dimanche 8 juin \u00e0 la Citadelle.<\/p>\n<p class=\" wall-content\"><b>3- Le jardin de la Moli\u00e8re, Bouvignies (Nord)<\/b><\/p>\n<p class=\" wall-content\">Prim\u00e9 \u00e0 de nombreuses reprises, le jardin de la Moli\u00e8re est labelis\u00e9 jardin remarquable, Eco-jardin et a aussi remport\u00e9 le prix national des jardins potagers en 2024. Pour cet \u00e9v\u00e8nement, il vous ouvre ses portes du vendredi au dimanche. Au programme, des visites du potager et du verger tout le week-end et m\u00eame une d\u00e9monstration de taille d\u2019\u00e9t\u00e9 des fruitiers. Venez d\u00e9couvrir ce petit coin de paradis qui nourrit toute une famille o\u00f9 espaces fleuris, vergers et potagers entrent en symbiose.<\/p>\n<p class=\" wall-content\"><b>4- Ch\u00e2teau d\u2019Hardelot, Condette (Pas-de-Calais)<\/b><\/p>\n<p class=\" wall-content\">Troc de plantes, visites guid\u00e9es, lecture, jeux et ateliers peinture, jardinage, compostage, samedi et dimanche, le ch\u00e2teau d\u2019Hardelot s\u2019anime en partenariat avec divers professionnels et associations locales. Visitez les jardins paysagers franco-britanniques et les espaces verts de ce ch\u00e2teau fort du XIX\u00e8me si\u00e8cle qui surplombe la r\u00e9serve naturelle du marais de Condette.<\/p>\n<p>Vid\u00e9os : en ce moment sur Actu<\/p>\n<p class=\" wall-content\"><b>5- Parc du Louvre-Lens, Lens (Pas-de-Calais)<\/b><\/p>\n<p class=\" wall-content\">\u00a0\u00bb Rendez-vous aux jardins \u00a0\u00bb s\u2019invite aussi dans le parc du c\u00e9l\u00e8bre Louvre Lens. Autour du mus\u00e9e, le parc paysager de 20 hectares labelis\u00e9 jardin remarquable, m\u00eale nature et architecture contemporaine. Le samedi et le dimanche, sont organis\u00e9es une dict\u00e9e-paysage, un atelier de yoga, et une animation autour de la teinture v\u00e9g\u00e9tale pour ravir petits et grands.<\/p>\n<p class=\" wall-content\"><b>6- Le Touret, cimeti\u00e8re et m\u00e9morial, Richebourg (Pas-de-Calais)<\/b><\/p>\n<p class=\" wall-content\">Prot\u00e9g\u00e9 monument historique, le cimeti\u00e8re et m\u00e9morial de Richebourg ouvre ses portes pour rendre hommage aux soldats britanniques disparus. Samedi 7 juin, d\u00e9couvrez le temps d\u2019une visite le parc paysager et l\u2019entretien exceptionnel du site qui se terminera sur une note musicale avec le concert du groupe Hemiolia.<\/p>\n<p class=\" wall-content\">Certains lieux ne pourront \u00eatre visit\u00e9s que sous r\u00e9servation, pensez-y ! Pour la programmation exacte et les informations pratiques, rendez-vous <a href=\"https:\/\/rendezvousauxjardins.culture.gouv.fr\/programme#\/search@49.8736259,0.6883407,4.13\" target=\"_blank\" rel=\"noopener\">sur le site de l\u2019\u00e9v\u00e8nement<\/a>.<\/p>\n<p class=\" wall-content\"><b>Margaux Salignat<\/b><\/p>\n<p class=\" wall-content\">Suivez toute l\u2019actualit\u00e9 de vos villes et m\u00e9dias favoris en vous inscrivant \u00e0 <a href=\"https:\/\/moncompte.actu.fr\" title=\"D\u00e9couvez Mon Actu\" rel=\"nofollow noopener\" data-trk=\"{&quot;cta&quot;:{&quot;action&quot;:&quot;https:\\\/\\\/moncompte.actu.fr&quot;,&quot;category&quot;:&quot;mon compte&quot;,&quot;from&quot;:&quot;article footer&quot;,&quot;name&quot;:&quot;Mon actu&quot;,&quot;type&quot;:&quot;cta&quot;}}\" target=\"_blank\">Mon Actu<\/a>.<\/p>\n","protected":false},"excerpt":{"rendered":"Par R\u00e9daction Lille Publi\u00e9 le 6 juin 2025 \u00e0 9h48 Du vendredi 6 au dimanche 8 juin 2025&hellip;\n","protected":false},"author":2,"featured_media":160311,"comment_status":"","ping_status":"","sticky":false,"template":"","format":"standard","meta":{"footnotes":""},"categories":[2815],"tags":[1111,11,6557,1777,674,1011,27,811,1307,1652,12,25],"class_list":{"0":"post-160310","1":"post","2":"type-post","3":"status-publish","4":"format-standard","5":"has-post-thumbnail","7":"category-lille","8":"tag-actu","9":"tag-actualites","10":"tag-bon-plan-a-lille","11":"tag-eu","12":"tag-europe","13":"tag-fr","14":"tag-france","15":"tag-hauts-de-france","16":"tag-lille","17":"tag-loisirs-culture","18":"tag-news","19":"tag-republique-francaise"},"share_on_mastodon":{"url":"https:\/\/pubeurope.com\/@fr\/114646450408685616","error":""},"_links":{"self":[{"href":"https:\/\/www.europesays.com\/fr\/wp-json\/wp\/v2\/posts\/160310","targetHints":{"allow":["GET"]}}],"collection":[{"href":"https:\/\/www.europesays.com\/fr\/wp-json\/wp\/v2\/posts"}],"about":[{"href":"https:\/\/www.europesays.com\/fr\/wp-json\/wp\/v2\/types\/post"}],"author":[{"embeddable":true,"href":"https:\/\/www.europesays.com\/fr\/wp-json\/wp\/v2\/users\/2"}],"replies":[{"embeddable":true,"href":"https:\/\/www.europesays.com\/fr\/wp-json\/wp\/v2\/comments?post=160310"}],"version-history":[{"count":0,"href":"https:\/\/www.europesays.com\/fr\/wp-json\/wp\/v2\/posts\/160310\/revisions"}],"wp:featuredmedia":[{"embeddable":true,"href":"https:\/\/www.europesays.com\/fr\/wp-json\/wp\/v2\/media\/160311"}],"wp:attachment":[{"href":"https:\/\/www.europesays.com\/fr\/wp-json\/wp\/v2\/media?parent=160310"}],"wp:term":[{"taxonomy":"category","embeddable":true,"href":"https:\/\/www.europesays.com\/fr\/wp-json\/wp\/v2\/categories?post=160310"},{"taxonomy":"post_tag","embeddable":true,"href":"https:\/\/www.europesays.com\/fr\/wp-json\/wp\/v2\/tags?post=160310"}],"curies":[{"name":"wp","href":"https:\/\/api.w.org\/{rel}","templated":true}]}}