{"id":160314,"date":"2025-06-08T07:00:10","date_gmt":"2025-06-08T07:00:10","guid":{"rendered":"https:\/\/www.europesays.com\/fr\/160314\/"},"modified":"2025-06-08T07:00:10","modified_gmt":"2025-06-08T07:00:10","slug":"dans-les-calanques-de-marseille-les-pompiers-sentrainent-a-lutter-contre-des-feux-extremes","status":"publish","type":"post","link":"https:\/\/www.europesays.com\/fr\/160314\/","title":{"rendered":"dans les calanques de Marseille, les pompiers s\u2019entra\u00eenent \u00e0 lutter contre des feux \u00abextr\u00eames\u00bb"},"content":{"rendered":"<p><strong>EN IMAGES &#8211;<\/strong> Ce jeudi, et pour la premi\u00e8re fois depuis dix ans, le bataillon des marins-pompiers de Marseille a r\u00e9alis\u00e9 un exercice grandeur nature dans la tr\u00e8s fr\u00e9quent\u00e9e calanque de Sormiou. Une \u00e9vacuation de la zone, en raison d\u2019un suppos\u00e9 feu d\u2019une grande s\u00e9v\u00e9rit\u00e9, a \u00e9t\u00e9 effectu\u00e9e.<\/p>\n<p class=\"fig-paragraph\">\u00abOn est avis\u00e9 de l\u2019\u00e9vacuation de la calanque de\u00a0<a href=\"http:\/\/www.lefigaro.fr\/marseille\/calanques-de-marseille-un-armateur-juge-pour-mouillages-sur-des-herbiers-de-posidonie-20250425\" data-fig-type=\"NewsFlash\" data-gtm-custom-categorie=\"navigation\" data-gtm-custom-action=\"crossclick\" data-gtm-custom-label=\"Contextuel\" data-gtm-event=\"customEventSPE\" data-fig-domain=\"LEFIGARO\" target=\"_blank\" rel=\"noopener\">Sormiou\u00a0<\/a> par la mer. Il n\u2019y a pour le moment aucune progression du\u00a0<a href=\"http:\/\/www.lefigaro.fr\/flash-actu\/batiments-detruits-commerces-en-flammes-les-images-apocalyptiques-des-incendies-au-canada-20250605\" data-fig-type=\"NewsFlash\" data-gtm-custom-categorie=\"navigation\" data-gtm-custom-action=\"crossclick\" data-gtm-custom-label=\"Contextuel\" data-gtm-event=\"customEventSPE\" data-fig-domain=\"LEFIGARO\" target=\"_blank\" rel=\"noopener\">feu<\/a> .\u00bb Le talkie-walkie annonce ce que beaucoup redoutent ici. Un\u00a0<a href=\"http:\/\/www.lefigaro.fr\/marseille\/marseille-trois-marins-pompiers-agresses-a-l-arme-blanche-lors-d-une-intervention-20250603\" data-fig-type=\"NewsFlash\" data-gtm-custom-categorie=\"navigation\" data-gtm-custom-action=\"crossclick\" data-gtm-custom-label=\"Contextuel\" data-gtm-event=\"customEventSPE\" data-fig-domain=\"LEFIGARO\" target=\"_blank\" rel=\"noopener\">marin-pompier<\/a>\u00a0fait le point sur la situation, en cette belle journ\u00e9e aux allures estivales. Dans la calanque de Sormiou, qui comprend 130 cabanons dont certains habit\u00e9s \u00e0 l\u2019ann\u00e9e, les militaires mobilis\u00e9s ont regroup\u00e9 sur le port la trentaine de personnes sur place. La calanque n\u2019est accessible que par les lacets d\u2019une route \u00e0 sens unique, impraticable en raison des flammes. Les habitants n\u2019ont pas le choix\u00a0: ils doivent \u00eatre \u00e9vacu\u00e9s par la mer. Au large, plusieurs bateaux les attendent, dont un b\u00e2timent de la marine d\u2019une capacit\u00e9 de 1000 personnes et une embarcation utilis\u00e9e habituellement par le parc des calanques pour faire des visites touristiques et r\u00e9quisitionn\u00e9e pour l\u2019occasion. Quatre chiens doivent \u00e9galement quitter les lieux en urgence.<\/p>\n<p class=\"fig-paragraph\">Les habitants sont toutefois tr\u00e8s calmes. Et pour cause\u00a0: ce n\u2019est qu\u2019un exercice. Ce jeudi, plus de 200 marins-pompiers ont \u00e9t\u00e9 mobilis\u00e9s dans les calanques de Marseille pour une simulation de grande ampleur d\u2019un feu agressif aux portes de la ville. Un \u00absc\u00e9nario extr\u00eame\u00bb, selon le vice-amiral Lionel Mathieu qui commande le bataillon, mais \u00abredout\u00e9\u00bb, en raison de la difficult\u00e9 d\u2019acc\u00e8s \u00e0 la zone. Pendant plusieurs heures, les soldats du feu ont lutt\u00e9 contre un incendie de v\u00e9hicule qui se serait propag\u00e9 rapidement jusque dans la tr\u00e8s touristique calanque de Sormiou. Les pompiers y d\u00e9broussaillent chaque ann\u00e9e, \u00abpr\u00e9parant l\u2019espace naturel\u00bb afin de pr\u00e9venir le risque d\u2019embrasement. Mais \u00absi le feu s\u2019empare de la route, tout devient diff\u00e9rent\u00bb, explique le vice-amiral.<\/p>\n<p class=\"fig-slideshow__title\">\n                    Exercice de grande ampleur dans les calanques de Marseille\n                <\/p>\n<p>Acc\u00e9der au diaporama (5)<\/p>\n<p>\u00abDix ans qu\u2019on r\u00e9clamait un tel exercice\u00bb<\/p>\n<p class=\"fig-paragraph\">\u00abCette calanque, c\u2019est une sourici\u00e8re, abonde Alain, habitant depuis 25 ans \u00e0 Sormiou et que tout le monde ici surnomme L\u00e9pine. Il faut faire ces exercices pour \u00eatre rassur\u00e9, et que l\u2019\u00e9vacuation devienne faisable m\u00eame dans l\u2019affolement g\u00e9n\u00e9ral. S\u2019il y avait eu vraiment le feu, on serait d\u00e9j\u00e0 en train d\u2019essayer de sauver nos propres cabanons\u00a0! On vit ici avec la peur du feu. On a d\u00e9j\u00e0 eu des incendies tr\u00e8s m\u00e9chants dans le pass\u00e9. Bon, pour moi, \u00e7a ne sera pas un probl\u00e8me, car j\u2019ai un bateau et je m\u2019en irai avec\u00a0! Mais les gens qui n\u2019ont pas de bateau seront d\u00e9pendants de ceux qui en ont un, ou oblig\u00e9s de se jeter \u00e0 l\u2019eau s\u2019ils ne veulent pas se retrouver \u00e0 la merci des flammes!\u00bb<\/p>\n<p class=\"fig-paragraph\">\u00abCela faisait dix ans qu\u2019on r\u00e9clamait un tel exercice, applaudit Andr\u00e9, un autre habitant de la calanque de Sormiou. On avait eu deux grands feux en 1974 et 1979. J\u2019\u00e9tais l\u00e0 et je m\u2019en souviens!\u00a0\u00bb Aujourd\u2019hui, le risque d\u2019incendie demeure bien r\u00e9el m\u00eame si les derniers mois ont \u00e9t\u00e9 marqu\u00e9s par une pluie inhabituellement abondante \u00e0 Marseille. \u00abCela a fait pousser une v\u00e9g\u00e9tation qui est aujourd\u2019hui assez haute, note le ma\u00eetre Johanne. Chaque intervention est diff\u00e9rente, donc ce genre d\u2019exercices est tr\u00e8s important pour \u00eatre pr\u00eats.\u00bb Pr\u00e8s d\u2019elle, un avion survole la zone pour larguer de l\u2019eau, contraignant les marins-pompiers \u00e0 composer avec les moyens a\u00e9riens, mais aussi les policiers venus en appui. \u00abL\u2019id\u00e9e, c\u2019est de r\u00e9p\u00e9ter nos gammes en termes de coordination\u00bb, r\u00e9sume le vice-amiral Lionel Mathieu.<\/p>\n<p class=\"fig-paragraph\">\u00c0 l\u2019issue de cet exercice, les diff\u00e9rents acteurs se r\u00e9uniront pour identifier les points forts et ceux \u00e0 am\u00e9liorer si le sc\u00e9nario se reproduisait r\u00e9ellement. \u00abOn a pu voir que la qualit\u00e9 de transmission du signal \u00e9tait faible \u00e0 certains endroits et qu\u2019on avait donc du mal \u00e0 communiquer, liste-t-il. Certains \u00e9l\u00e9ments du paysage ont aussi chang\u00e9.\u00bb Pour Andr\u00e9, une inconnue demeure: \u00abL\u00e0, \u00e7a fonctionne bien parce qu\u2019on est seulement une trentaine. Mais comment cela peut-il se passer quand on a du monde en plein \u00e9t\u00e9, comme le week-end dernier o\u00f9 on a eu jusqu\u2019\u00e0 8000 personnes\u00a0?\u00bb<\/p>\n","protected":false},"excerpt":{"rendered":"EN IMAGES &#8211; Ce jeudi, et pour la premi\u00e8re fois depuis dix ans, le bataillon des marins-pompiers de&hellip;\n","protected":false},"author":2,"featured_media":160315,"comment_status":"","ping_status":"","sticky":false,"template":"","format":"standard","meta":{"footnotes":""},"categories":[2814],"tags":[1111,11,885,1182,1180,1181,1777,674,27571,1011,27,1184,1185,884,12,1177,1176,149,1311,1186,882,25,1178,1183,1179],"class_list":{"0":"post-160314","1":"post","2":"type-post","3":"status-publish","4":"format-standard","5":"has-post-thumbnail","7":"category-marseille","8":"tag-actu","9":"tag-actualites","10":"tag-bouches-du-rhone","11":"tag-calanques","12":"tag-canebiere","13":"tag-cite-phoceenne","14":"tag-eu","15":"tag-europe","16":"tag-feux-de-foret","17":"tag-fr","18":"tag-france","19":"tag-la-timone","20":"tag-les-baumettes-mediterranee","21":"tag-marseille","22":"tag-news","23":"tag-notre-dame-de-la-garde","24":"tag-olympique-de-marseille","25":"tag-om","26":"tag-pompiers","27":"tag-provence","28":"tag-provence-alpes-cote-dazur","29":"tag-republique-francaise","30":"tag-saint-charles","31":"tag-sormiou","32":"tag-vieux-port"},"share_on_mastodon":{"url":"https:\/\/pubeurope.com\/@fr\/114646458261945728","error":""},"_links":{"self":[{"href":"https:\/\/www.europesays.com\/fr\/wp-json\/wp\/v2\/posts\/160314","targetHints":{"allow":["GET"]}}],"collection":[{"href":"https:\/\/www.europesays.com\/fr\/wp-json\/wp\/v2\/posts"}],"about":[{"href":"https:\/\/www.europesays.com\/fr\/wp-json\/wp\/v2\/types\/post"}],"author":[{"embeddable":true,"href":"https:\/\/www.europesays.com\/fr\/wp-json\/wp\/v2\/users\/2"}],"replies":[{"embeddable":true,"href":"https:\/\/www.europesays.com\/fr\/wp-json\/wp\/v2\/comments?post=160314"}],"version-history":[{"count":0,"href":"https:\/\/www.europesays.com\/fr\/wp-json\/wp\/v2\/posts\/160314\/revisions"}],"wp:featuredmedia":[{"embeddable":true,"href":"https:\/\/www.europesays.com\/fr\/wp-json\/wp\/v2\/media\/160315"}],"wp:attachment":[{"href":"https:\/\/www.europesays.com\/fr\/wp-json\/wp\/v2\/media?parent=160314"}],"wp:term":[{"taxonomy":"category","embeddable":true,"href":"https:\/\/www.europesays.com\/fr\/wp-json\/wp\/v2\/categories?post=160314"},{"taxonomy":"post_tag","embeddable":true,"href":"https:\/\/www.europesays.com\/fr\/wp-json\/wp\/v2\/tags?post=160314"}],"curies":[{"name":"wp","href":"https:\/\/api.w.org\/{rel}","templated":true}]}}