{"id":160316,"date":"2025-06-08T07:01:09","date_gmt":"2025-06-08T07:01:09","guid":{"rendered":"https:\/\/www.europesays.com\/fr\/160316\/"},"modified":"2025-06-08T07:01:09","modified_gmt":"2025-06-08T07:01:09","slug":"la-metropole-de-lyon-lance-un-nouveau-dispositif-pour-augmenter-le-temps-de-lecture-des-plus-jeunes","status":"publish","type":"post","link":"https:\/\/www.europesays.com\/fr\/160316\/","title":{"rendered":"La M\u00e9tropole de Lyon lance un nouveau dispositif pour augmenter le temps de lecture des plus jeunes"},"content":{"rendered":"<p>La M\u00e9tropole de Lyon lance un nouveau dispositif pour augmenter le temps de lecture des plus jeunes &#8211; DR<\/p>\n<p itemprop=\"description\"><strong><strong>Nomm\u00e9 \u00ab\u00a0Premi\u00e8res pages\u00a0\u00bb, ce nouveau dispositif va \u00eatre exp\u00e9riment\u00e9 par la M\u00e9tropole de Lyon.<\/strong><\/strong><\/p>\n<p style=\"text-align:start\">Lanc\u00e9 dans tout l\u2019Hexagone et soutenu par le minist\u00e8re de la Culture, le dispositif \u00ab\u00a0Premi\u00e8res pages\u00a0\u00bb permet de distribuer \u00e0 une famille un lot constitu\u00e9 d\u2019un album et de conseils de lecture d\u00e8s la naissance ou l\u2019adoption d\u2019un enfant. L\u2019objectif \u00e0 travers ce geste est de sensibiliser \u00e0 la lecture d\u00e8s le plus jeune \u00e2ge.<\/p>\n<p style=\"text-align:start\">La M\u00e9tropole de Lyon a fait appel \u00e0 la biblioth\u00e8que des Sources \u00e0 \u00c9cully pour exp\u00e9rimenter le dispositif, afin de \u00ab\u00a0faire de la culture un levier d\u2019inclusion sociale\u00a0\u00bb et de d\u00e9velopper \u00ab\u00a0l\u2019offre culturelle sur son territoire\u00a0\u00bb. L\u2019album \u00ab\u00a0Ce petit moment, \u00e0 lire d\u00e8s la naissance\u00a0\u00bb d\u2019Elo a \u00e9t\u00e9 distribu\u00e9 aux familles du quartier des Sources. Environ 300 livres seront distribu\u00e9s dans des accueils PMI.<\/p>\n<p style=\"text-align:start\">\u00ab\u00a0Ce projet est une initiative cl\u00e9 alors car le livre est un \u00e9l\u00e9ment essentiel de l\u2019\u00e9ducation. La lecture influe sur ce que nous sommes, elle aide \u00e0 lutter contre les in\u00e9galit\u00e9s, \u00e0 briser la barri\u00e8re de la langue. Lancer ce dispositif dans le quartier des Sources est un symbole de notre engagement \u00e0 garantir une culture pour tous\u00a0\u00bb, a d\u00e9clar\u00e9 Bruno Bernard, pr\u00e9sident de la M\u00e9tropole de Lyon.<\/p>\n<p style=\"text-align:start\">\u00ab\u00a0Premi\u00e8res pages\u00a0\u00bb va ensuite \u00eatre \u00e9tendu dans d\u2019autres biblioth\u00e8ques de la r\u00e9gion lyonnaise.<\/p>\n","protected":false},"excerpt":{"rendered":"La M\u00e9tropole de Lyon lance un nouveau dispositif pour augmenter le temps de lecture des plus jeunes &#8211;&hellip;\n","protected":false},"author":2,"featured_media":160317,"comment_status":"","ping_status":"","sticky":false,"template":"","format":"standard","meta":{"footnotes":""},"categories":[1889],"tags":[1111,11,2813,2190,2430,1109,251,1112,2811,1777,674,118,1011,27,1922,1110,1114,2428,2810,12,241,316,25,2812,517,800],"class_list":{"0":"post-160316","1":"post","2":"type-post","3":"status-publish","4":"format-standard","5":"has-post-thumbnail","7":"category-lyon","8":"tag-actu","9":"tag-actualites","10":"tag-article","11":"tag-asvel","12":"tag-auvergne-rhone-alpes","13":"tag-breves","14":"tag-culture","15":"tag-depeches","16":"tag-economique","17":"tag-eu","18":"tag-europe","19":"tag-faits-divers","20":"tag-fr","21":"tag-france","22":"tag-info","23":"tag-informations","24":"tag-infos","25":"tag-lyon","26":"tag-lyonmag","27":"tag-news","28":"tag-ol","29":"tag-politique","30":"tag-republique-francaise","31":"tag-sociale","32":"tag-sport","33":"tag-transports"},"share_on_mastodon":{"url":"https:\/\/pubeurope.com\/@fr\/114646462548944130","error":""},"_links":{"self":[{"href":"https:\/\/www.europesays.com\/fr\/wp-json\/wp\/v2\/posts\/160316","targetHints":{"allow":["GET"]}}],"collection":[{"href":"https:\/\/www.europesays.com\/fr\/wp-json\/wp\/v2\/posts"}],"about":[{"href":"https:\/\/www.europesays.com\/fr\/wp-json\/wp\/v2\/types\/post"}],"author":[{"embeddable":true,"href":"https:\/\/www.europesays.com\/fr\/wp-json\/wp\/v2\/users\/2"}],"replies":[{"embeddable":true,"href":"https:\/\/www.europesays.com\/fr\/wp-json\/wp\/v2\/comments?post=160316"}],"version-history":[{"count":0,"href":"https:\/\/www.europesays.com\/fr\/wp-json\/wp\/v2\/posts\/160316\/revisions"}],"wp:featuredmedia":[{"embeddable":true,"href":"https:\/\/www.europesays.com\/fr\/wp-json\/wp\/v2\/media\/160317"}],"wp:attachment":[{"href":"https:\/\/www.europesays.com\/fr\/wp-json\/wp\/v2\/media?parent=160316"}],"wp:term":[{"taxonomy":"category","embeddable":true,"href":"https:\/\/www.europesays.com\/fr\/wp-json\/wp\/v2\/categories?post=160316"},{"taxonomy":"post_tag","embeddable":true,"href":"https:\/\/www.europesays.com\/fr\/wp-json\/wp\/v2\/tags?post=160316"}],"curies":[{"name":"wp","href":"https:\/\/api.w.org\/{rel}","templated":true}]}}