{"id":160333,"date":"2025-06-08T07:10:10","date_gmt":"2025-06-08T07:10:10","guid":{"rendered":"https:\/\/www.europesays.com\/fr\/160333\/"},"modified":"2025-06-08T07:10:10","modified_gmt":"2025-06-08T07:10:10","slug":"avec-son-talon-dachille-la-lituanie-sera-t-elle-la-prochaine-cible-de-la-russie","status":"publish","type":"post","link":"https:\/\/www.europesays.com\/fr\/160333\/","title":{"rendered":"Avec son \u00ab\u00a0talon d\u2019Achille\u00a0\u00bb, la Lituanie sera-t-elle la prochaine cible de la Russie\u00a0?"},"content":{"rendered":"<p>A Kalvarija, chacun le sait\u00a0: la menace est l\u00e0. Tapie \u00e0 moins de quinze kilom\u00e8tres. En sortant du supermarch\u00e9 Maxima de la commune <a href=\"https:\/\/www.20minutes.fr\/dossier\/lituanie\" class=\"color-ultramarine c-link\" target=\"_blank\" rel=\"noopener\">lituanienne<\/a>, il suffit aux habitants de tourner leur regard vers le sud pour la sentir. L\u2019ennemi ne vient pas vraiment de l\u2019autre c\u00f4t\u00e9 de la fronti\u00e8re, en <a href=\"https:\/\/www.20minutes.fr\/dossier\/pologne\" class=\"color-ultramarine c-link\" target=\"_blank\" rel=\"noopener\">Pologne<\/a>, mais plus \u00e0 l\u2019Est. Car les habitants de Kalvarija sont en plein \u00ab\u00a0corridor de Suwa\u0142ki\u00a0\u00bb, infortune qu\u2019ils partagent d\u2019ailleurs avec leurs voisins polonais. Ce corridor est l\u2019un des endroits les plus surveill\u00e9s de <a href=\"https:\/\/www.20minutes.fr\/monde\/otan\/\" class=\"color-ultramarine c-link\" target=\"_blank\" rel=\"noopener\">l\u2019Otan<\/a> tant il est strat\u00e9gique, et l\u2019une des raisons pour lesquelles la Lituanie pourrait bien faire partie du bingo imp\u00e9rialiste mortif\u00e8re de <a href=\"https:\/\/www.20minutes.fr\/monde\/vladimir_poutine\/\" class=\"color-ultramarine c-link\" target=\"_blank\" rel=\"noopener\">Vladimir Poutine<\/a>.<\/p>\n<\/p>\n<p>Cette bande de terre d\u2019environ 65 kilom\u00e8tres, coinc\u00e9e entre la <a href=\"https:\/\/www.20minutes.fr\/monde\/bielorussie\/\" class=\"color-ultramarine c-link\" target=\"_blank\" rel=\"noopener\">Bi\u00e9lorussie <\/a>et l\u2019enclave <a href=\"https:\/\/www.20minutes.fr\/monde\/russie\/\" class=\"color-ultramarine c-link\" target=\"_blank\" rel=\"noopener\">russe <\/a>de Kaliningrad, \u00ab\u00a0est un point de faiblesse depuis des ann\u00e9es\u00a0\u00bb, explique Zivile Kalibataite, adjointe au chef du d\u00e9partement de l\u2019Institut des hautes \u00e9tudes de d\u00e9fense nationale (IHEDN). \u00ab\u00a0Les alli\u00e9s de l\u2019Otan travaillent depuis tr\u00e8s longtemps \u00e0 renforcer la d\u00e9fense et la protection de ce territoire. S\u2019il venait \u00e0 \u00eatre coup\u00e9, \u00e7a isolerait les pays baltes du reste du continent europ\u00e9en\u00a0\u00bb, rendant ainsi difficile tout ravitaillement militaire. Coup\u00e9s de leurs alli\u00e9s, les pays baltes pourraient alors devenir une cible de choix pour Moscou, dont le flanc ouest est accol\u00e9 \u00e0 l\u2019Estonie et la Lettonie.<\/p>\n<p>Le \u00ab\u00a0talon d\u2019Achille de l\u2019Otan\u00a0\u00bb<\/p>\n<p>De son c\u00f4t\u00e9, la Lituanie embrasse \u00e0 la fois l\u2019enclave russe de Kaliningrad, point n\u00e9vralgique des op\u00e9rations russes en Mer Baltique, et la Bi\u00e9lorussie, pays alli\u00e9 de Moscou. \u00ab\u00a0Le corridor de Suwa\u0142ki est un v\u00e9ritable talon d\u2019Achille pour l\u2019Otan. Du point de vue du d\u00e9terminisme g\u00e9ographique, on comprend tout \u00e0 fait pourquoi la Lituanie se sent en danger\u00a0\u00bb, poursuit Andr\u00e9 Filler. Le professeur des universit\u00e9s \u00e0 Paris-8 rappelle par ailleurs qu\u2019avec ses moins de 3\u00a0millions d\u2019habitants, la Lituanie n\u2019est qu\u2019un \u00ab\u00a0tout petit pays\u00a0\u00bb \u00e0 c\u00f4t\u00e9 du g\u00e9ant russe. Alors, comme nombre d\u2019anciens pays sovi\u00e9tiques, elle a appris \u00e0 vivre avec cette \u00e9p\u00e9e de Damocl\u00e8s.<\/p>\n<p>\u00ab\u00a0Les tensions sont historiquement profondes entre la Lituanie et la Russie. Comme les autres pays baltes, elle a \u00e9t\u00e9 occup\u00e9e par l\u2019URSS \u00e0 la suite de la <a href=\"https:\/\/www.20minutes.fr\/dossier\/seconde_guerre_mondiale\" class=\"color-ultramarine c-link\" target=\"_blank\" rel=\"noopener\">Seconde Guerre mondiale<\/a> et jusqu\u2019aux ann\u00e9es\u00a01990. De plus, avec leurs mouvements ind\u00e9pendantistes, ces pays ont contribu\u00e9 \u00e0 faire chuter l\u2019URSS\u00a0\u00bb, rappelle Zivile Kalibataite. Or pour Vladimir Poutine, la chute de l\u2019URSS \u00ab\u00a0est la plus grande catastrophe g\u00e9opolitique du XXe\u00a0si\u00e8cle\u00a0\u00bb. Le chef d\u2019Etat russe cultive aussi une certaine amertume vis-\u00e0-vis des pays du bloc sovi\u00e9tique d\u00e9sormais tourn\u00e9s vers l\u2019Occident. \u00ab\u00a0Aujourd\u2019hui, il suffit de regarder la carte pour voir comment les pays occidentaux ont \u00ab\u00a0tenu\u00a0\u00bb leur promesse de ne pas laisser l\u2019OTAN progresser vers l\u2019est\u00a0\u00bb, grin\u00e7ait-il quelques jours avant l\u2019invasion massive de l\u2019Ukraine, en f\u00e9vrier\u00a02022.<\/p>\n<\/p>\n<p>Le \u00ab\u00a0mauvais candidat\u00a0\u00bb lituanien<\/p>\n<p>Cette histoire commune pourrait servir le discours de Vladimir Poutine, qui \u00ab\u00a0aime toujours justifier son projet imp\u00e9rialiste, quitte \u00e0 plonger dans l\u2019histoire m\u00e9di\u00e9vale\u00a0\u00bb, rappelle Andr\u00e9 Filler. Dans le cadre de l\u2019invasion de l\u2019Ukraine, le <a href=\"https:\/\/www.20minutes.fr\/dossier\/kremlin\" class=\"color-ultramarine c-link\" target=\"_blank\" rel=\"noopener\">Kremlin<\/a> a beaucoup insist\u00e9 sur les Russophones, soi-disant discrimin\u00e9s par Kiev. Et environ un tiers des populations de <a href=\"https:\/\/www.20minutes.fr\/dossier\/lettonie\" class=\"color-ultramarine c-link\" target=\"_blank\" rel=\"noopener\">Lettonie<\/a> et d\u2019Estonie est russophone. \u00ab\u00a0La Russie pourrait donc instrumentaliser ces minorit\u00e9s et affirmer qu\u2019elles sont opprim\u00e9es (m\u00eame si ce n\u2019est pas le cas) pour cr\u00e9er un chaos en interne ou justifier leurs actions\u00a0\u00bb, note Zivile Kalibataite.<\/p>\n<p>Mais avec moins de 10\u00a0% de russophones en Lituanie, l\u2019argument vacille. \u00ab\u00a0Pour les russophones de Lituanie, dont une partie est polonaise de surcro\u00eet, on a du mal \u00e0 imaginer comment une telle invasion se justifierait\u00a0\u00bb, glisse Andr\u00e9 Filler. Reste que le pays fait office d\u2019avant base de l\u2019Otan. Alors, pour Zivile Kalibataite, \u00ab\u00a0le sc\u00e9nario d\u2019une invasion russe de la Lituanie n\u2019est pas absurde, c\u2019est la fronti\u00e8re orientale de l\u2019Otan et de l\u2019Union europ\u00e9enne.\u00a0\u00bb Un sentiment partag\u00e9 par les autorit\u00e9s et la population lituanienne. Vilnius a d\u2019ailleurs d\u00e9cid\u00e9 de porter ses d\u00e9penses militaires \u00e0 <a href=\"https:\/\/fr.euronews.com\/my-europe\/2025\/01\/17\/la-lituanie-sengage-a-porter-ses-depenses-de-defense-a-5-6-du-pib-pour-lutter-contre-la-me\" rel=\"nofollow noopener\" target=\"_blank\" class=\"color-ultramarine c-link\">5 \u00e0 6\u00a0% du PIB pour la p\u00e9riode allant de\u00a02026 \u00e0\u00a02030<\/a>.<\/p>\n<p><a href=\"https:\/\/www.20minutes.fr\/monde\/ukraine\/\" class=\"c-link c-btn c-btn--primary\" target=\"_blank\" rel=\"noopener\">Tous nos articles sur la guerre en Ukraine<\/a><\/p>\n<p>Pour attaquer la Lituanie, <a href=\"https:\/\/www.20minutes.fr\/monde\/moscou\/\" class=\"color-ultramarine c-link\" target=\"_blank\" rel=\"noopener\">Moscou<\/a> devrait passer par la Bi\u00e9lorussie &#8211; en plus de Kaliningrad. Si ce sc\u00e9nario est loin d\u2019\u00eatre improbable &#8211; en\u00a02022, les chars russes s\u2019\u00e9taient offert un d\u00e9tour sur le territoire de Loukachenko \u2013, <a href=\"https:\/\/www.20minutes.fr\/dossier\/minsk\" class=\"color-ultramarine c-link\" target=\"_blank\" rel=\"noopener\">Minsk<\/a> s\u2019est toujours refus\u00e9 \u00e0 envoyer des troupes actives en Ukraine. Et surtout, \u00ab\u00a0Vladimir Poutine entrerait l\u00e0 sur le territoire de l\u2019<a href=\"https:\/\/www.20minutes.fr\/monde\/otan\/\" class=\"color-ultramarine c-link\" target=\"_blank\" rel=\"noopener\">Otan<\/a>. L\u2019Alliance pourrait d\u00e9cider de r\u00e9agir en cas d\u2019invasion de l\u2019un de ses membres\u00a0\u00bb, note Andr\u00e9 Filler. \u00ab\u00a0Selon moi, la Lituanie est un mauvais candidat, explique-t-il. Une invasion de la <a href=\"https:\/\/www.20minutes.fr\/dossier\/moldavie\" class=\"color-ultramarine c-link\" target=\"_blank\" rel=\"noopener\">Moldavie<\/a> ou de la G\u00e9orgie me semble dix mille fois plus probable.\u00a0\u00bb Malgr\u00e9 l\u2019inqui\u00e9tude, les habitants de Kalvarija peuvent se rassurer\u00a0: jusqu\u2019ici, l\u2019Ukraine r\u00e9siste, et leur nom n\u2019est pas en haut de la liste.<\/p>\n","protected":false},"excerpt":{"rendered":"A Kalvarija, chacun le sait\u00a0: la menace est l\u00e0. Tapie \u00e0 moins de quinze kilom\u00e8tres. En sortant du&hellip;\n","protected":false},"author":2,"featured_media":160334,"comment_status":"","ping_status":"","sticky":false,"template":"","format":"standard","meta":{"footnotes":""},"categories":[1590],"tags":[47,11,1909,1777,674,131,7776,2050,74,12,132,220],"class_list":{"0":"post-160333","1":"post","2":"type-post","3":"status-publish","4":"format-standard","5":"has-post-thumbnail","7":"category-ukraine","8":"tag-actualite","9":"tag-actualites","10":"tag-estonie","11":"tag-eu","12":"tag-europe","13":"tag-guerre-en-ukraine","14":"tag-lettonie","15":"tag-lituanie","16":"tag-monde","17":"tag-news","18":"tag-russie","19":"tag-ukraine"},"share_on_mastodon":{"url":"https:\/\/pubeurope.com\/@fr\/114646497707357942","error":""},"_links":{"self":[{"href":"https:\/\/www.europesays.com\/fr\/wp-json\/wp\/v2\/posts\/160333","targetHints":{"allow":["GET"]}}],"collection":[{"href":"https:\/\/www.europesays.com\/fr\/wp-json\/wp\/v2\/posts"}],"about":[{"href":"https:\/\/www.europesays.com\/fr\/wp-json\/wp\/v2\/types\/post"}],"author":[{"embeddable":true,"href":"https:\/\/www.europesays.com\/fr\/wp-json\/wp\/v2\/users\/2"}],"replies":[{"embeddable":true,"href":"https:\/\/www.europesays.com\/fr\/wp-json\/wp\/v2\/comments?post=160333"}],"version-history":[{"count":0,"href":"https:\/\/www.europesays.com\/fr\/wp-json\/wp\/v2\/posts\/160333\/revisions"}],"wp:featuredmedia":[{"embeddable":true,"href":"https:\/\/www.europesays.com\/fr\/wp-json\/wp\/v2\/media\/160334"}],"wp:attachment":[{"href":"https:\/\/www.europesays.com\/fr\/wp-json\/wp\/v2\/media?parent=160333"}],"wp:term":[{"taxonomy":"category","embeddable":true,"href":"https:\/\/www.europesays.com\/fr\/wp-json\/wp\/v2\/categories?post=160333"},{"taxonomy":"post_tag","embeddable":true,"href":"https:\/\/www.europesays.com\/fr\/wp-json\/wp\/v2\/tags?post=160333"}],"curies":[{"name":"wp","href":"https:\/\/api.w.org\/{rel}","templated":true}]}}