{"id":160339,"date":"2025-06-08T07:13:11","date_gmt":"2025-06-08T07:13:11","guid":{"rendered":"https:\/\/www.europesays.com\/fr\/160339\/"},"modified":"2025-06-08T07:13:11","modified_gmt":"2025-06-08T07:13:11","slug":"football-de-la-desillusion-en-demie-a-la-petite-finale-lallemagne-est-revenue-sur-terre","status":"publish","type":"post","link":"https:\/\/www.europesays.com\/fr\/160339\/","title":{"rendered":"Football. De la d\u00e9sillusion en demie \u00e0 la petite finale, l&rsquo;Allemagne est revenue sur terre"},"content":{"rendered":"<p>Cette semaine, la s\u00e9lection allemande aurait pr\u00e9f\u00e9r\u00e9 ne pas mettre les pieds \u00e0 Stuttgart. Pas \u00e0 cause des travaux, qui s\u2019invitent dans presque chaque rue, ou des embouteillages monstres qui enserrent la ville. Plut\u00f4t parce que l\u2019hypoth\u00e8se d\u2019une petite finale de Ligue des nations contre la France n\u2019emballe personne. \u00ab\u00a0Mais si on a besoin de motivation pour jouer ce match, il faut peut-\u00eatre changer d\u2019\u00e9quipe\u00a0\u00bb, raille Julian Nagelsmann.<\/p>\n<p>L\u2019Allemagne n\u2019est pas un pays de foot comme les autres et le s\u00e9lectionneur de 37 ans l\u2019a appris \u00e0 ses d\u00e9pens ces jours-ci. Arriv\u00e9 il y a deux ans au chevet d\u2019une Mannschaft  tr\u00e8s malade, l\u2019ancien entra\u00eeneur du Bayern Munich avait op\u00e9r\u00e9 un redressement spectaculaire, tant et si bien que son \u00e9quipe avait plut\u00f4t r\u00e9ussi son Euro, \u00e9chouant de justesse \u00e0 faire tomber l\u2019Espagne en quart de finale.<\/p>\n<p>Dans la foul\u00e9e, la phase de groupes de la Ligue des nations avait confirm\u00e9 l\u2019embellie, avec une premi\u00e8re place et la meilleure attaque parmi toutes les grosses nations europ\u00e9ennes. Oui mais voil\u00e0, pour sa premi\u00e8re demi-finale depuis l\u2019Euro 2016, l\u2019Allemagne attendait autre chose de son choc contre le Portugal mercredi.<\/p>\n<p>  Des probl\u00e8mes d\u00e9fensifs<\/p>\n<p><a href=\"https:\/\/www.ledauphine.com\/sport\/2025\/06\/04\/ligue-des-nations-le-portugal-dispose-de-l-allemagne-et-attend-la-france-en-finale\" target=\"_blank\" rel=\"noopener\">Battus (2-1) \u00e0 cause d\u2019une mauvaise deuxi\u00e8me p\u00e9riode<\/a>, Wirtz et ses partenaires se sont attir\u00e9 les foudres du public, principalement agac\u00e9 par le choix de Nagelsmann d\u2019aligner une d\u00e9fense \u00e0 trois. \u00ab\u00a0C\u2019\u00e9tait li\u00e9 \u00e0 l\u2019adversaire, se d\u00e9fend l\u2019int\u00e9ress\u00e9. Contre la France, nous essayerons de r\u00e9cup\u00e9rer le ballon plus haut et nous nous adapterons \u00e0 nouveau.\u00a0\u00bb Les Allemands ne devraient pas insister avec cette ligne de trois, qui a pris l\u2019eau en fin de match, le Portugal g\u00e2chant plusieurs occasions de donner \u00e0 sa victoire des airs de gifle. Comme pour les Bleus, c\u2019est donc derri\u00e8re que le b\u00e2t blesse, et la vitesse des attaquants fran\u00e7ais fait peur outre-Rhin.<\/p>\n<p>Encore plus en l\u2019absence de R\u00fcdiger, tr\u00e8s critiqu\u00e9 au pays apr\u00e8s son p\u00e9tage de plombs de la fin de saison au Real Madrid, mais qui reste le seul d\u00e9fenseur faisant partie du gotha mondial. Tah, qui \u00e9voluera bient\u00f4t au Bayern Munich mais qui a d\u00e9j\u00e0 29 ans, n\u2019incarne m\u00eame pas l\u2019avenir dans un secteur o\u00f9 les autres recours s\u2019appellent Kehrer, Koch ou Anton.<\/p>\n","protected":false},"excerpt":{"rendered":"Cette semaine, la s\u00e9lection allemande aurait pr\u00e9f\u00e9r\u00e9 ne pas mettre les pieds \u00e0 Stuttgart. Pas \u00e0 cause des&hellip;\n","protected":false},"author":2,"featured_media":160340,"comment_status":"","ping_status":"","sticky":false,"template":"","format":"standard","meta":{"footnotes":""},"categories":[1587],"tags":[11,672,1804,1805,1803,6713,1777,674,107,63,1801,12,1802,517,1947],"class_list":{"0":"post-160339","1":"post","2":"type-post","3":"status-publish","4":"format-standard","5":"has-post-thumbnail","7":"category-allemagne","8":"tag-actualites","9":"tag-allemagne","10":"tag-bundesrepublik-deutschland","11":"tag-de","12":"tag-deutschland","13":"tag-equipe-de-france-de-football","14":"tag-eu","15":"tag-europe","16":"tag-fil-info","17":"tag-football","18":"tag-germany","19":"tag-news","20":"tag-republique-federale-dallemagne","21":"tag-sport","22":"tag-sport-national"},"share_on_mastodon":{"url":"https:\/\/pubeurope.com\/@fr\/114646509649026382","error":""},"_links":{"self":[{"href":"https:\/\/www.europesays.com\/fr\/wp-json\/wp\/v2\/posts\/160339","targetHints":{"allow":["GET"]}}],"collection":[{"href":"https:\/\/www.europesays.com\/fr\/wp-json\/wp\/v2\/posts"}],"about":[{"href":"https:\/\/www.europesays.com\/fr\/wp-json\/wp\/v2\/types\/post"}],"author":[{"embeddable":true,"href":"https:\/\/www.europesays.com\/fr\/wp-json\/wp\/v2\/users\/2"}],"replies":[{"embeddable":true,"href":"https:\/\/www.europesays.com\/fr\/wp-json\/wp\/v2\/comments?post=160339"}],"version-history":[{"count":0,"href":"https:\/\/www.europesays.com\/fr\/wp-json\/wp\/v2\/posts\/160339\/revisions"}],"wp:featuredmedia":[{"embeddable":true,"href":"https:\/\/www.europesays.com\/fr\/wp-json\/wp\/v2\/media\/160340"}],"wp:attachment":[{"href":"https:\/\/www.europesays.com\/fr\/wp-json\/wp\/v2\/media?parent=160339"}],"wp:term":[{"taxonomy":"category","embeddable":true,"href":"https:\/\/www.europesays.com\/fr\/wp-json\/wp\/v2\/categories?post=160339"},{"taxonomy":"post_tag","embeddable":true,"href":"https:\/\/www.europesays.com\/fr\/wp-json\/wp\/v2\/tags?post=160339"}],"curies":[{"name":"wp","href":"https:\/\/api.w.org\/{rel}","templated":true}]}}