{"id":160345,"date":"2025-06-08T07:16:08","date_gmt":"2025-06-08T07:16:08","guid":{"rendered":"https:\/\/www.europesays.com\/fr\/160345\/"},"modified":"2025-06-08T07:16:08","modified_gmt":"2025-06-08T07:16:08","slug":"que-signifie-vraiment-cette-fete-chretienne-celebree-ce-dimanche-8-juin-2025","status":"publish","type":"post","link":"https:\/\/www.europesays.com\/fr\/160345\/","title":{"rendered":"que signifie vraiment cette f\u00eate chr\u00e9tienne c\u00e9l\u00e9br\u00e9e ce dimanche 8 juin 2025\u00a0?"},"content":{"rendered":"<p>            Par<br \/>\n        <strong><br \/>\n            <a href=\"https:\/\/actu.fr\/auteur\/lea-giandomenico\" title=\"Consulter tous les articles de L\u00e9a Giandomenico\" rel=\"nofollow noopener\" target=\"_blank\">L\u00e9a Giandomenico<\/a><br \/>\n        <\/strong><\/p>\n<p>        Publi\u00e9 le<\/p>\n<p>            8 juin 2025 \u00e0 7h02        <\/p>\n<p>La Pentec\u00f4te, c\u00e9l\u00e9br\u00e9e dans la <a href=\"https:\/\/actu.fr\/tag\/religion\" rel=\"nofollow noopener\" target=\"_blank\">religion<\/a> catholique \u00e0 une date diff\u00e9rente chaque ann\u00e9e, tombe en 2025 ce <strong>dimanche 8 juin.<\/strong><\/p>\n<p class=\" wall-content\">Si certaines f\u00eates religieuses sont bien connues, celle-ci est plus n\u00e9buleuse : que c\u00e9l\u00e8bre-t-on dans la religion catholique \u00e0 la Pentec\u00f4te ?<\/p>\n<p>La venue de l\u2019Esprit Saint sur les ap\u00f4tres<\/p>\n<p class=\" wall-content\">La f\u00eate de la Pentec\u00f4te c\u00e9l\u00e8bre la venue de l\u2019Esprit Saint sur les ap\u00f4tres le cinquanti\u00e8me jour apr\u00e8s P\u00e2ques, <a href=\"https:\/\/eglise.catholique.fr\/approfondir-sa-foi\/la-celebration-de-la-foi\/les-grandes-fetes-chretiennes\/la-pentecote\/\" rel=\"nofollow noopener\" target=\"_blank\">explique le site de l\u2019\u00c9glise catholique.<\/a><\/p>\n<blockquote class=\"ac-article-quote wall-content\">\n<p>Avant de monter au Ciel (\u00e0 l\u2019Ascension), le Christ avait annonc\u00e9 aux ap\u00f4tres : \u00ab Vous allez recevoir une force quand le Saint-Esprit viendra sur vous ; vous serez alors mes t\u00e9moins \u00e0 J\u00e9rusalem, dans toute la Jud\u00e9e et la Samarie, et jusqu\u2019aux extr\u00e9mit\u00e9s de la terre \u00bb.<\/p>\n<p>    <strong>\u00c9glise catholique<\/strong>\n            <\/p><\/blockquote>\n<p class=\" wall-content\">L\u2019\u00e9v\u00e9nement de la Pentec\u00f4te ne peut \u00eatre compris qu\u2019<strong>en lien avec P\u00e2ques et l\u2019Ascension<\/strong>. En fait, pour les catholiques, \u00e0 la Pentec\u00f4te, c\u2019est<strong> Dieu qui envoie aux hommes l\u2019Esprit de son fils.<\/strong> Car J\u00e9sus donc \u00ab\u00a0est mort pour le salut du monde (le Vendredi Saint), ressuscit\u00e9 (le jour de P\u00e2ques) et parti rejoindre le P\u00e8re (\u00e0 l\u2019Ascension). Cette f\u00eate cl\u00f4t le temps pascal, qui dure sept semaines, et dont elle est le couronnement\u00a0\u00bb, explique l\u2019\u00c9glise catholique.<\/p>\n<p>Vid\u00e9os : en ce moment sur ActuQuid du lundi de Pentec\u00f4te ?<\/p>\n<p class=\" wall-content\">Cette f\u00eate int\u00e9resse nombre de salari\u00e9s, car le lundi de Pentec\u00f4te, le lendemain du jour de la Pentec\u00f4te donc, est f\u00e9ri\u00e9 puisqu\u2019il fait partie des 11 jours f\u00e9ri\u00e9s l\u00e9gaux (mais il n\u2019est pas forc\u00e9ment non travaill\u00e9).<\/p>\n<p class=\" wall-content\">En fait, le lundi de Pentec\u00f4te est f\u00e9ri\u00e9 parce que traditionnellement, \u00ab\u00a0l\u2019\u00c9glise s\u2019adressait <strong>aux nouveaux baptis\u00e9s et aux nouveaux confirm\u00e9s<\/strong> pour leur annoncer la grandeur de leur nouvel \u00e9tat\u00a0\u00bb, selon le site de l\u2019\u00c9glise catholique. Et donc consacrait ce jour \u00e0 la foi.\u00a0<\/p>\n<p>Semaine de Pentec\u00f4te<\/p>\n<p>Avant la R\u00e9volution, toute la semaine qui suivait la f\u00eate de la Pentec\u00f4te \u00e9tait f\u00e9ri\u00e9e. Le Concordat en 1802 a r\u00e9duit le caract\u00e8re f\u00e9ri\u00e9 et ch\u00f4m\u00e9 au seul lundi de Pentec\u00f4te. Mais, depuis une loi de 2004 et des dispositions prises en 2008, il s\u2019agit d\u00e9sormais d\u2019un jour f\u00e9ri\u00e9 pouvant \u00eatre travaill\u00e9 de mani\u00e8re non r\u00e9mun\u00e9r\u00e9e.<\/p>\n<p class=\" wall-content\">Durant tout ce week-end, et <strong>notamment le lundi<\/strong>, des p\u00e8lerinages nationaux et locaux, des f\u00eates dioc\u00e9saines, de grands rassemblements de jeunes dans tous les dioc\u00e8ses de France, ont lieu.<\/p>\n<p>Journ\u00e9e de solidarit\u00e9<\/p>\n<p class=\" wall-content\">D\u00e9sormais, ce lundi de Pentec\u00f4te est donc f\u00e9ri\u00e9, mais pas forc\u00e9ment non travaill\u00e9 : il a \u00e9t\u00e9 instaur\u00e9 comme <strong>journ\u00e9e de solidarit\u00e9,<\/strong> comme nous l\u2019expliquions dans un pr\u00e9c\u00e9dent article. Elle a \u00e9t\u00e9 mise en place en 2004 pour\u00a0financer des actions en faveur de l\u2019autonomie des <a href=\"https:\/\/actu.fr\/tag\/seniors\" rel=\"nofollow noopener\" target=\"_blank\">personnes \u00e2g\u00e9es<\/a> ou <a href=\"https:\/\/actu.fr\/tag\/handicap\" rel=\"nofollow noopener\" target=\"_blank\">handicap\u00e9es<\/a>, et concerne tous les actifs.\u00a0<\/p>\n<p class=\" wall-content\">En r\u00e8gle g\u00e9n\u00e9rale, dans le priv\u00e9 comme dans le public, la journ\u00e9e de solidarit\u00e9 prend la forme d\u2019une journ\u00e9e de travail suppl\u00e9mentaire sur l\u2019ann\u00e9e, cette journ\u00e9e n\u2019\u00e9tant pas r\u00e9mun\u00e9r\u00e9e.<\/p>\n<p class=\" wall-content\">Suivez toute l\u2019actualit\u00e9 de vos villes et m\u00e9dias favoris en vous inscrivant \u00e0 <a href=\"https:\/\/moncompte.actu.fr\" title=\"D\u00e9couvez Mon Actu\" rel=\"nofollow noopener\" data-trk=\"{&quot;cta&quot;:{&quot;action&quot;:&quot;https:\\\/\\\/moncompte.actu.fr&quot;,&quot;category&quot;:&quot;mon compte&quot;,&quot;from&quot;:&quot;article footer&quot;,&quot;name&quot;:&quot;Mon actu&quot;,&quot;type&quot;:&quot;cta&quot;}}\" target=\"_blank\">Mon Actu<\/a>.<\/p>\n","protected":false},"excerpt":{"rendered":"Par L\u00e9a Giandomenico Publi\u00e9 le 8 juin 2025 \u00e0 7h02 La Pentec\u00f4te, c\u00e9l\u00e9br\u00e9e dans la religion catholique \u00e0&hellip;\n","protected":false},"author":2,"featured_media":160346,"comment_status":"","ping_status":"","sticky":false,"template":"","format":"standard","meta":{"footnotes":""},"categories":[2],"tags":[11,1011,27,12,4020,25,104],"class_list":{"0":"post-160345","1":"post","2":"type-post","3":"status-publish","4":"format-standard","5":"has-post-thumbnail","7":"category-actualites","8":"tag-actualites","9":"tag-fr","10":"tag-france","11":"tag-news","12":"tag-religion","13":"tag-republique-francaise","14":"tag-societe"},"share_on_mastodon":{"url":"https:\/\/pubeurope.com\/@fr\/114646521209391749","error":""},"_links":{"self":[{"href":"https:\/\/www.europesays.com\/fr\/wp-json\/wp\/v2\/posts\/160345","targetHints":{"allow":["GET"]}}],"collection":[{"href":"https:\/\/www.europesays.com\/fr\/wp-json\/wp\/v2\/posts"}],"about":[{"href":"https:\/\/www.europesays.com\/fr\/wp-json\/wp\/v2\/types\/post"}],"author":[{"embeddable":true,"href":"https:\/\/www.europesays.com\/fr\/wp-json\/wp\/v2\/users\/2"}],"replies":[{"embeddable":true,"href":"https:\/\/www.europesays.com\/fr\/wp-json\/wp\/v2\/comments?post=160345"}],"version-history":[{"count":0,"href":"https:\/\/www.europesays.com\/fr\/wp-json\/wp\/v2\/posts\/160345\/revisions"}],"wp:featuredmedia":[{"embeddable":true,"href":"https:\/\/www.europesays.com\/fr\/wp-json\/wp\/v2\/media\/160346"}],"wp:attachment":[{"href":"https:\/\/www.europesays.com\/fr\/wp-json\/wp\/v2\/media?parent=160345"}],"wp:term":[{"taxonomy":"category","embeddable":true,"href":"https:\/\/www.europesays.com\/fr\/wp-json\/wp\/v2\/categories?post=160345"},{"taxonomy":"post_tag","embeddable":true,"href":"https:\/\/www.europesays.com\/fr\/wp-json\/wp\/v2\/tags?post=160345"}],"curies":[{"name":"wp","href":"https:\/\/api.w.org\/{rel}","templated":true}]}}