{"id":160365,"date":"2025-06-08T07:28:12","date_gmt":"2025-06-08T07:28:12","guid":{"rendered":"https:\/\/www.europesays.com\/fr\/160365\/"},"modified":"2025-06-08T07:28:12","modified_gmt":"2025-06-08T07:28:12","slug":"bayley-rend-visite-au-fiance-de-lyra-valkyria","status":"publish","type":"post","link":"https:\/\/www.europesays.com\/fr\/160365\/","title":{"rendered":"Bayley rend visite au fianc\u00e9 de Lyra Valkyria"},"content":{"rendered":"<p>\u00a0<\/p>\n<p style=\"text-align: justify;\">Malgr\u00e9 son absence de la WWE depuis l\u2019attaque subie aux mains de Becky Lynch lors de WrestleMania 41 Saturday, Bayley reste active en donnant de sa personne du c\u00f4t\u00e9 de la West Coast Pro o\u00f9 elle a rendu visite au fianc\u00e9 de Lyra Walkyria, LJ Cleary, entre autres, mais aussi aux \u00e9l\u00e8ves et catcheurs de cette f\u00e9d\u00e9ration ind\u00e9pendante. QT Marshall \u00e9tait aussi de la partie pour enseigner aux \u00e9l\u00e8ves de la WCP.<\/p>\n<p style=\"text-align: justify;\">En plus des entra\u00eenements, LJ Cleary a aussi eu le luxe de se faire accompagner sur le ring par Bayley lors du show de la Big Time Wrestling face \u00e0 Aaron Solo.<\/p>\n<p style=\"text-align: justify;\">Plus r\u00e9cemment, Bayley a donn\u00e9 de ses nouvelles en nous disant que nous sommes entr\u00e9s dans la saison des \u201cComeback\u201d.<\/p>\n<p style=\"text-align: justify;\">Un retour pour prendre sa revanche face \u00e0 Becky Lynch ce soir pourrait-il \u00eatre dans les plans ? Rendez-vous cette nuit pour le PLE Money In The Bank dont <a href=\"https:\/\/catch-newz.com\/wwe\/newz\/47809-carte-wwe-money-in-the-bank-2025\" rel=\"nofollow noopener\" target=\"_blank\">vous pouvez retrouver la carte juste ici<\/a>, et que vous pourrez vivre en notre compagnie sur <a href=\"https:\/\/www.twitch.tv\/catchnewz\" rel=\"nofollow noopener\" target=\"_blank\">Twitch<\/a> et <a href=\"https:\/\/nordvpn.com\/fr\/special\/?utm_medium=affiliate&amp;utm_term=&amp;utm_content&amp;utm_campaign=off20&amp;utm_source=aff111770\" rel=\"nofollow noopener\" target=\"_blank\">gr\u00e2ce \u00e0 Nord VPN<\/a>.<\/p>\n<blockquote class=\"twitter-tweet\">\n<p lang=\"en\" dir=\"ltr\">Thank you to Bayley and QT Marshall for stopping by <a href=\"https:\/\/twitter.com\/hashtag\/TheCoast?src=hash&amp;ref_src=twsrc%5Etfw\" rel=\"nofollow noopener\" target=\"_blank\">#TheCoast<\/a> to talk with and train our students \u2014 it meant the world to them. <a href=\"https:\/\/t.co\/LC41ulHG3W\" rel=\"nofollow\">pic.twitter.com\/LC41ulHG3W<\/a><\/p>\n<p>\u2014 West Coast Pro (@WCProOfficial) <a href=\"https:\/\/twitter.com\/WCProOfficial\/status\/1930871735269879909?ref_src=twsrc%5Etfw\" rel=\"nofollow noopener\" target=\"_blank\">June 6, 2025<\/a><\/p><\/blockquote>\n<blockquote class=\"twitter-tweet\">\n<p lang=\"en\" dir=\"ltr\">Bayley not only took away Becky&rsquo;s little sister but also her future brother-in-law\ud83d\ude02\ud83d\ude08. <\/p>\n<p>(2nd clip is from Bayley and LJ new stories.) <a href=\"https:\/\/t.co\/kqjSLnfGRS\" rel=\"nofollow\">pic.twitter.com\/kqjSLnfGRS<\/a><\/p>\n<p>\u2014 Juhi (@mamiologist) <a href=\"https:\/\/twitter.com\/mamiologist\/status\/1931250402902569447?ref_src=twsrc%5Etfw\" rel=\"nofollow noopener\" target=\"_blank\">June 7, 2025<\/a><\/p><\/blockquote>\n<blockquote class=\"twitter-tweet\">\n<p lang=\"en\" dir=\"ltr\">One of the kindest people I\u2019ve ever met on this journey! <\/p>\n<p>A pleasure to train alongside <a href=\"https:\/\/twitter.com\/itsBayleyWWE?ref_src=twsrc%5Etfw\" rel=\"nofollow noopener\" target=\"_blank\">@itsBayleyWWE<\/a> at <a href=\"https:\/\/twitter.com\/WCProOfficial?ref_src=twsrc%5Etfw\" rel=\"nofollow noopener\" target=\"_blank\">@WCProOfficial<\/a> in San Francisco last night! <a href=\"https:\/\/t.co\/0vwQ51Xzgb\" rel=\"nofollow\">pic.twitter.com\/0vwQ51Xzgb<\/a><\/p>\n<p>\u2014 LJ Cleary &#8211; LJ\u30fb\u30af\u30ea\u30a2\u30ea\u30fc (@LJ_Cleary) <a href=\"https:\/\/twitter.com\/LJ_Cleary\/status\/1931070862356250732?ref_src=twsrc%5Etfw\" rel=\"nofollow noopener\" target=\"_blank\">June 6, 2025<\/a><\/p><\/blockquote>\n<p style=\"text-align: right;\">Cr\u00e9dit photo : Twitter : @LJ_Cleary<\/p>\n<p>                    <script async src=\"https:\/\/platform.twitter.com\/widgets.js\" charset=\"utf-8\"><\/script><\/p>\n","protected":false},"excerpt":{"rendered":"\u00a0 Malgr\u00e9 son absence de la WWE depuis l\u2019attaque subie aux mains de Becky Lynch lors de WrestleMania&hellip;\n","protected":false},"author":2,"featured_media":160366,"comment_status":"","ping_status":"","sticky":false,"template":"","format":"standard","meta":{"footnotes":""},"categories":[1359],"tags":[47,58,59,1011,27,12,2043,2054,973,2055,2052,2057,2058,2053,2059,2056,2051],"class_list":{"0":"post-160365","1":"post","2":"type-post","3":"status-publish","4":"format-standard","5":"has-post-thumbnail","7":"category-people","8":"tag-actualite","9":"tag-divertissement","10":"tag-entertainment","11":"tag-fr","12":"tag-france","13":"tag-news","14":"tag-nouvelle","15":"tag-nxt","16":"tag-people","17":"tag-ppv","18":"tag-raw","19":"tag-royal","20":"tag-rumble","21":"tag-smackdown","22":"tag-summerslam","23":"tag-wrestlemania","24":"tag-wwe"},"share_on_mastodon":{"url":"https:\/\/pubeurope.com\/@fr\/114646568371392686","error":""},"_links":{"self":[{"href":"https:\/\/www.europesays.com\/fr\/wp-json\/wp\/v2\/posts\/160365","targetHints":{"allow":["GET"]}}],"collection":[{"href":"https:\/\/www.europesays.com\/fr\/wp-json\/wp\/v2\/posts"}],"about":[{"href":"https:\/\/www.europesays.com\/fr\/wp-json\/wp\/v2\/types\/post"}],"author":[{"embeddable":true,"href":"https:\/\/www.europesays.com\/fr\/wp-json\/wp\/v2\/users\/2"}],"replies":[{"embeddable":true,"href":"https:\/\/www.europesays.com\/fr\/wp-json\/wp\/v2\/comments?post=160365"}],"version-history":[{"count":0,"href":"https:\/\/www.europesays.com\/fr\/wp-json\/wp\/v2\/posts\/160365\/revisions"}],"wp:featuredmedia":[{"embeddable":true,"href":"https:\/\/www.europesays.com\/fr\/wp-json\/wp\/v2\/media\/160366"}],"wp:attachment":[{"href":"https:\/\/www.europesays.com\/fr\/wp-json\/wp\/v2\/media?parent=160365"}],"wp:term":[{"taxonomy":"category","embeddable":true,"href":"https:\/\/www.europesays.com\/fr\/wp-json\/wp\/v2\/categories?post=160365"},{"taxonomy":"post_tag","embeddable":true,"href":"https:\/\/www.europesays.com\/fr\/wp-json\/wp\/v2\/tags?post=160365"}],"curies":[{"name":"wp","href":"https:\/\/api.w.org\/{rel}","templated":true}]}}