{"id":160375,"date":"2025-06-08T07:33:11","date_gmt":"2025-06-08T07:33:11","guid":{"rendered":"https:\/\/www.europesays.com\/fr\/160375\/"},"modified":"2025-06-08T07:33:11","modified_gmt":"2025-06-08T07:33:11","slug":"un-nouveau-defi-passionnant-apres-avatar-3-james-cameron-adapte-un-best-seller-de-lhorreur","status":"publish","type":"post","link":"https:\/\/www.europesays.com\/fr\/160375\/","title":{"rendered":"\u00ab\u00a0Un nouveau d\u00e9fi passionnant\u00a0\u00bb\u00a0:\u00a0apr\u00e8s Avatar 3, James Cameron adapte un best-seller de l\u2019horreur"},"content":{"rendered":"<p>Le cin\u00e9aste canadien s\u2019associe \u00e0 l\u2019\u00e9crivain britannique Joe Abercombrie pour l\u2019\u00e9criture d\u2019un film inspir\u00e9 du roman The Devils, en t\u00eate des ventes au Royaume-Uni.<\/p>\n<p class=\"fig-paragraph\"><a href=\"http:\/\/www.lefigaro.fr\/cinema\/deborde-par-ses-idees-geniales-james-cameron-annonce-qu-avatar-3-sera-le-plus-long-de-la-saga-20250310\" data-fig-type=\"Article\" data-gtm-custom-categorie=\"navigation\" data-gtm-custom-action=\"crossclick\" data-gtm-custom-label=\"Contextuel\" data-gtm-event=\"customEventSPE\" data-fig-domain=\"LEFIGARO\" target=\"_blank\" rel=\"noopener\">James Cameron\u00a0<\/a>a trouv\u00e9 sa nouvelle bo\u00eete de Pandore. Apr\u00e8s la sortie du\u00a0<a href=\"http:\/\/www.lefigaro.fr\/cinema\/une-nouvelle-image-d-avatar-3-devoilee-avec-une-zoe-saldana-incandescente-20250510\" data-fig-type=\"NewsFlash\" data-gtm-custom-categorie=\"navigation\" data-gtm-custom-action=\"crossclick\" data-gtm-custom-label=\"Contextuel\" data-gtm-event=\"customEventSPE\" data-fig-domain=\"LEFIGARO\" target=\"_blank\" rel=\"noopener\">troisi\u00e8me volet de la saga Avatar<\/a>, pr\u00e9vue en d\u00e9cembre prochain, le r\u00e9alisateur canadien s\u2019attellera \u00e0 l\u2019\u00e9criture d\u2019une adaptation cin\u00e9matographique du roman The Devils. Parue le mois dernier, l\u2019\u0153uvre class\u00e9e dans le genre horreur de l\u2019\u00e9crivain et sc\u00e9nariste Joe Abercrombie occupe la premi\u00e8re place des ventes au Royaume-Uni et la cinqui\u00e8me au classement du New York Times.<\/p>\n<p class=\"fig-paragraph\">Un best-seller qui enthousiasme et inspire James Cameron. Dans un message relay\u00e9 sur ses r\u00e9seaux sociaux, le cin\u00e9aste confie avoir \u00ab\u00a0h\u00e2te de commencer le travail d\u2019\u00e9criture\u00a0\u00bb avec Joe Abercrombie et se dit \u00ab\u00a0s\u00fbr que le sc\u00e9nario s\u2019\u00e9crira presque tout seul\u00a0\u00bb. \u00ab\u00a0Joe a une plume tr\u00e8s visuelle, presque d\u00e9j\u00e0 d\u00e9coup\u00e9e en sc\u00e8nes, avec une structure incroyablement cin\u00e9matographique, poursuit-il. Ce sera pour moi un nouveau d\u00e9fi passionnant. J\u2019ai h\u00e2te de donner vie \u00e0 ces personnages inoubliables.\u00a0\u00bb<\/p>\n<p>Cameron fan de Joe Abercrombie<\/p>\n<p class=\"fig-paragraph\">Il r\u00e9v\u00e8le aussi avoir \u00ab\u00a0d\u00e9vor\u00e9 tous les romans\u00a0\u00bb, dont ceux \u00ab\u00a0du cycle\u00a0First Law, notamment\u00a0Best Served Cold et la trilogie\u00a0Age of Madness\u00a0\u00bb, de l\u2019\u00e9crivain britannique, \u00e9galement signataire des sc\u00e9narios de\u00a0<a href=\"http:\/\/www.lefigaro.fr\/cinema\/borderlands-un-blockbuster-sans-surprise-que-l-on-prefere-ragequit-20240808\" data-fig-type=\"Article\" data-gtm-custom-categorie=\"navigation\" data-gtm-custom-action=\"crossclick\" data-gtm-custom-label=\"Contextuel\" data-gtm-event=\"customEventSPE\" data-fig-domain=\"LEFIGARO\" target=\"_blank\" rel=\"noopener\">Borderlands<\/a> . Pour The Devils, James Cameron estime que Joe Abercrombie est \u00ab\u00a0au sommet de son art\u00a0\u00bb et qu\u2019il \u00ab\u00a0d\u00e9ploie ici un tout nouvel univers peupl\u00e9 de personnages aussi d\u00e9lectables qu\u2019inqui\u00e9tants\u00a0\u00bb. Dans le livre, il raconte l\u2019histoire d\u2019un pr\u00eatre envoy\u00e9 en mission sacr\u00e9e. Ce dernier d\u00e9couvre que les gens qui l\u2019accompagnent sont des assassins, des adeptes de la magie noire et des monstres.<\/p>\n<blockquote class=\"fig-quote&#10;    \">\n<p class=\"fig-quote__text\">Les rebondissements s\u2019encha\u00eenent comme des loopings, port\u00e9s par l\u2019humour noir et le style ac\u00e9r\u00e9 de Joe<\/p>\n<p>            James Cameron \u00e0 propos de The Devils\n    <\/p><\/blockquote>\n<p class=\"fig-paragraph\">\u00ab\u00a0Les rebondissements s\u2019encha\u00eenent comme des loopings, port\u00e9s par l\u2019humour noir et le style ac\u00e9r\u00e9 de Joe, d\u00e9crit, admiratif, James Cameron. The Devils refl\u00e8te sa vision cynique de la nature humaine, sombre, \u00e9go\u00efste, impitoyable et racont\u00e9e \u00e0 travers des cr\u00e9atures pas franchement humaines.\u00a0\u00bb Ce sont ces signes litt\u00e9raires qui ont donn\u00e9 l\u2019envie au cin\u00e9aste, hier \u00e0 la baguette de Titanic et Terminator, de racheter, via sa soci\u00e9t\u00e9 Lightstorm Entertainmen, les droits du roman horrifique. \u00ab\u00a0C\u2019est l\u2019originalit\u00e9 de l\u2019univers et des personnages [&#8230;] qui m\u2019a pouss\u00e9 \u00e0 franchir le pas\u00a0\u00bb, explique-t-il.<\/p>\n<p>\u00ab\u00a0Je ne vois pas de meilleur r\u00e9alisateur\u00a0\u00bb<\/p>\n<p class=\"fig-paragraph\">Dans un communiqu\u00e9, Joe Abercrombie a couvert d\u2019\u00e9loges James Cameron, lui qui \u00ab\u00a0fait r\u00eaver le public depuis plus de quarante ans, en mettant \u00e0 l\u2019\u00e9cran l\u2019impossible\u00a0\u00bb. Il \u00e9crit\u00a0:\u00a0\u00ab\u00a0Personne ne sait mieux que lui combiner spectacle et \u00e9motions d\u00e9vastatrices. Je ne vois pas de meilleur r\u00e9alisateur pour donner vie \u00e0 ce livre aussi \u00e9trange que merveilleux. Il n\u2019y a pas plus gros poisson dans le milieu.\u00a0\u00bb\u00a0<\/p>\n<p class=\"fig-body-link\">\n            \u00c0 lire aussi<br \/>\n        <a class=\"fig-body-link__link fig-premium-mark\" href=\"https:\/\/www.lefigaro.fr\/cinema\/james-cameron-titanic-a-ete-pour-moi-un-grand-8-emotionnel-20230207\" data-fig-type=\"Article\" data-gtm-custom-categorie=\"navigation\" data-gtm-custom-action=\"crossclick\" data-gtm-custom-label=\"Contextuel\" data-gtm-event=\"customEventSPE\" data-fig-domain=\"LEFIGARO\" target=\"_blank\" rel=\"noopener\">James Cameron: \u00abTitanic a \u00e9t\u00e9 pour moi un grand 8 \u00e9motionnel\u00bb<br \/>\n    <\/a>\n<\/p>\n<p class=\"fig-paragraph\">Pour le moment, les deux hommes n\u2019ont pas communiqu\u00e9 de date de sortie ni de tournage du film. Une chose est s\u00fbre, il para\u00eetra apr\u00e8s Avatar\u00a0:\u00a0Fire and Ash, et probablement avant le quatri\u00e8me volet de la saga, annonc\u00e9 pour d\u00e9cembre 2029, et le cinqui\u00e8me pour d\u00e9cembre 2031.<\/p>\n","protected":false},"excerpt":{"rendered":"Le cin\u00e9aste canadien s\u2019associe \u00e0 l\u2019\u00e9crivain britannique Joe Abercombrie pour l\u2019\u00e9criture d\u2019un film inspir\u00e9 du roman The Devils,&hellip;\n","protected":false},"author":2,"featured_media":160376,"comment_status":"","ping_status":"","sticky":false,"template":"","format":"standard","meta":{"footnotes":""},"categories":[1354],"tags":[2084,13618,2083,2080,650,58,59,2081,1346,1011,27,28114,1360,2004,2082],"class_list":{"0":"post-160375","1":"post","2":"type-post","3":"status-publish","4":"format-standard","5":"has-post-thumbnail","7":"category-films","8":"tag-affiche","9":"tag-avatar","10":"tag-bandes-annonces","11":"tag-box-office","12":"tag-cinema","13":"tag-divertissement","14":"tag-entertainment","15":"tag-film","16":"tag-films","17":"tag-fr","18":"tag-france","19":"tag-james-cameron","20":"tag-movies","21":"tag-roman","22":"tag-salles"},"share_on_mastodon":{"url":"https:\/\/pubeurope.com\/@fr\/114646587977832239","error":""},"_links":{"self":[{"href":"https:\/\/www.europesays.com\/fr\/wp-json\/wp\/v2\/posts\/160375","targetHints":{"allow":["GET"]}}],"collection":[{"href":"https:\/\/www.europesays.com\/fr\/wp-json\/wp\/v2\/posts"}],"about":[{"href":"https:\/\/www.europesays.com\/fr\/wp-json\/wp\/v2\/types\/post"}],"author":[{"embeddable":true,"href":"https:\/\/www.europesays.com\/fr\/wp-json\/wp\/v2\/users\/2"}],"replies":[{"embeddable":true,"href":"https:\/\/www.europesays.com\/fr\/wp-json\/wp\/v2\/comments?post=160375"}],"version-history":[{"count":0,"href":"https:\/\/www.europesays.com\/fr\/wp-json\/wp\/v2\/posts\/160375\/revisions"}],"wp:featuredmedia":[{"embeddable":true,"href":"https:\/\/www.europesays.com\/fr\/wp-json\/wp\/v2\/media\/160376"}],"wp:attachment":[{"href":"https:\/\/www.europesays.com\/fr\/wp-json\/wp\/v2\/media?parent=160375"}],"wp:term":[{"taxonomy":"category","embeddable":true,"href":"https:\/\/www.europesays.com\/fr\/wp-json\/wp\/v2\/categories?post=160375"},{"taxonomy":"post_tag","embeddable":true,"href":"https:\/\/www.europesays.com\/fr\/wp-json\/wp\/v2\/tags?post=160375"}],"curies":[{"name":"wp","href":"https:\/\/api.w.org\/{rel}","templated":true}]}}