{"id":160381,"date":"2025-06-08T07:36:17","date_gmt":"2025-06-08T07:36:17","guid":{"rendered":"https:\/\/www.europesays.com\/fr\/160381\/"},"modified":"2025-06-08T07:36:17","modified_gmt":"2025-06-08T07:36:17","slug":"elle-sest-mise-en-sous-vetements-des-coiffeurs-racontent-leurs-pires-experiences-avec-des-clients","status":"publish","type":"post","link":"https:\/\/www.europesays.com\/fr\/160381\/","title":{"rendered":"\u00ab\u00a0Elle s&rsquo;est mise en sous-v\u00eatements\u00a0\u00bb : des coiffeurs racontent leurs pires exp\u00e9riences avec des clients"},"content":{"rendered":"<p align=\"justify\">C\u2019est un m\u00e9tier manuel\u2026 mais tout aussi psychologique. <a href=\"https:\/\/www.aufeminin.com\/cheveux\/je-suis-coiffeuse-et-voici-mon-meilleur-conseil-pour-les-femmes-de-50-ans-qui-veulent-les-cheveux-courts-s4106352.html\" target=\"_blank\" rel=\"noopener nofollow\">Plusieurs coiffeurs se sont livr\u00e9s<\/a> \u00e0 nos cons\u0153urs du Journal des Femmes au sujet d\u2019exp\u00e9riences loufoques qu\u2019ils ont pu vivre tout au long de leur carri\u00e8re. En effet, <a href=\"https:\/\/www.aufeminin.com\/cheveux\/cheveux-apres-50-ans-pire-coupe-memerisante-qui-vieillit-le-plus-le-visage-selon-un-coiffeur-s4103424.html\" target=\"_blank\" rel=\"noopener nofollow\">si leur m\u00e9tier est, \u00e0 l\u2019origine, de couper des cheveux<\/a>, r\u00e9aliser de belles coiffures, et prendre soin plus g\u00e9n\u00e9ralement de la chevelure de leurs clients, il est devenu tr\u00e8s th\u00e9rapeutique pour certains d\u2019entre eux.<\/p>\n<p align=\"justify\">En effet, les clientes et clients aiment \u00e9norm\u00e9ment papoter chez le coiffeur, c\u2019est bien connu. C\u2019est \u00e0 eux qu\u2019ils racontent leurs anecdotes, les derniers potins, leurs doutes parfois, leur vie, en g\u00e9n\u00e9ral. Les coiffeurs doivent ainsi savoir \u00e9couter, parfois hocher la t\u00eate suffit, mais aussi conseiller par moment. Et, des situations voire exp\u00e9riences particuli\u00e8res, beaucoup en ont v\u00e9cues. C\u2019est le cas de Sullyvan, un coiffeur bordelais, ou encore de Jordan, coiffeur depuis 13 ans, qui ont racont\u00e9 plusieurs anecdotes au site du Journal des Femmes.<\/p>\n<p> Des dr\u00f4les de pratiques impos\u00e9es aux coiffeurs <\/p>\n<p align=\"justify\">Le coiffeur Sullyvan a d\u00e9j\u00e0 livr\u00e9\u00a0: \u00ab\u00a0On pourrait \u00e9crire des livres avec tout ce qu\u00a0\u00bbon entend. Les femmes les plus discr\u00e8tes, les plus \u00e9l\u00e9gantes, sont souvent celles qui racontent les histoires les plus franches, toujours avec une certaine gr\u00e2ce\u00a0\u00bb, a-t-il d\u00e9clar\u00e9. Il a alors racont\u00e9 une pratique peu commune, du moins pas aujourd\u2019hui, qu\u2019une cliente lui a expliqu\u00e9\u00a0: \u00ab\u00a0Une cliente \u00e2g\u00e9e est all\u00e9e se changer discr\u00e8tement. Quand elle est revenue, elle portait seulement des dessous sous son peignoir\u00a0\u00bb. Elle lui a alors expliqu\u00e9 que cela se faisait autrefois dans quelques salons.<\/p>\n<p align=\"justify\">Sullyvan a \u00e9galement racont\u00e9 la fois o\u00f9 trois clients r\u00e9guliers sont arriv\u00e9s en m\u00eame temps. Il s\u2019agissait d\u2019une femme, son mari, et sa ma\u00eetresse. Il y a eu une erreur de rendez-vous qui a provoqu\u00e9 cette rencontre inattendue\u00a0: \u00ab\u00a0Les deux femmes se sont mises \u00e0 se disputer. L&rsquo;homme, lui, ne savait plus o\u00f9 se mettre. Mais notre r\u00f4le n&rsquo;est pas d&rsquo;intervenir dans leur vie priv\u00e9e\u00a0\u00bb, a expliqu\u00e9 Sullyvan.<\/p>\n<p align=\"justify\"><img loading=\"lazy\" itemprop=\"thumbnailUrl\" decoding=\"async\" class=\"alignnone size-large wp-image-2598850 img-responsive  pinit-here\" src=\"https:\/\/www.europesays.com\/fr\/wp-content\/uploads\/2025\/06\/2-3-1024x496.jpg\" alt=\"&lt;p&gt;coiffeurs&lt;\/p&gt;\" width=\"1024\" height=\"496\" data-pin-media=\"https:\/\/sf2.afcdn.com\/wp-content\/uploads\/aufeminin\/2025\/06\/2-3-736x357.jpg\"\/> \u00a9  Shutterstock<\/p>\n<p> La demande farfelue d\u2019une coupe faite \u00e0 la hache <\/p>\n<p align=\"justify\">Quant \u00e0 lui, Jordan est coiffeur depuis treize ans, et a beaucoup d\u2019histoires \u00e0 raconter. Comme la fois o\u00f9 une cliente, en Bretagne, lui a demand\u00e9 qu\u2019il proc\u00e8de de la m\u00eame fa\u00e7on qu\u2019une vid\u00e9o vue sur internet\u00a0: lui couper les cheveux avec une hache. Ce qu\u2019il a \u00e9videmment refus\u00e9. Une autre cliente lui avait \u00e9galement fait une demande confuse, \u00e0 Paris\u00a0: un carr\u00e9, ras\u00e9 sur les c\u00f4t\u00e9s avec une frange tr\u00e8s tr\u00e8s courte.<\/p>\n<p align=\"justify\">Il explique\u00a0: \u00ab\u00a0Elle avait commenc\u00e9 \u00e0 se raser le cr\u00e2ne seule, de mani\u00e8re al\u00e9atoire\u00a0\u00bb. La cliente n\u2019\u00e9tant pas dans son \u00e9tat normal, Jordan lui a fait sign\u00e9 un document pour prouver son accord. Elle est revenue le lendemain au salon avec de gros regrets. Le coiffeur a toutefois donn\u00e9 une anecdote plus mignonne\u00a0: une mamie de 80 ans \u00e0 Londres, qui avait les cheveux roses et surnomm\u00e9e \u2018Madame Tagada\u2019, lui avait lanc\u00e9 un d\u00e9fi. Au vu de sa difficult\u00e9 \u00e0 trouver des fraises tagada \u00e0 Londres, elle lui a propos\u00e9 qu\u2019il se teigne aussi les cheveux en rose si elle lui en rapportait au salon\u00a0: \u00ab\u00a0Elle est revenue quelques heures plus tard avec plusieurs sachets. J&rsquo;ai tenu parole. Apr\u00e8s \u00e7a, on nous appelait &lsquo;mamie et petit-fils Tagada'\u00a0\u00bb, a-t-il d\u00e9clar\u00e9.<\/p>\n","protected":false},"excerpt":{"rendered":"C\u2019est un m\u00e9tier manuel\u2026 mais tout aussi psychologique. Plusieurs coiffeurs se sont livr\u00e9s \u00e0 nos cons\u0153urs du Journal&hellip;\n","protected":false},"author":2,"featured_media":160382,"comment_status":"","ping_status":"","sticky":false,"template":"","format":"standard","meta":{"footnotes":""},"categories":[8],"tags":[29196,58,59,1011,27,17932],"class_list":{"0":"post-160381","1":"post","2":"type-post","3":"status-publish","4":"format-standard","5":"has-post-thumbnail","7":"category-divertissement","8":"tag-coiffeurs","9":"tag-divertissement","10":"tag-entertainment","11":"tag-fr","12":"tag-france","13":"tag-temoignages"},"share_on_mastodon":{"url":"https:\/\/pubeurope.com\/@fr\/114646599872749428","error":""},"_links":{"self":[{"href":"https:\/\/www.europesays.com\/fr\/wp-json\/wp\/v2\/posts\/160381","targetHints":{"allow":["GET"]}}],"collection":[{"href":"https:\/\/www.europesays.com\/fr\/wp-json\/wp\/v2\/posts"}],"about":[{"href":"https:\/\/www.europesays.com\/fr\/wp-json\/wp\/v2\/types\/post"}],"author":[{"embeddable":true,"href":"https:\/\/www.europesays.com\/fr\/wp-json\/wp\/v2\/users\/2"}],"replies":[{"embeddable":true,"href":"https:\/\/www.europesays.com\/fr\/wp-json\/wp\/v2\/comments?post=160381"}],"version-history":[{"count":0,"href":"https:\/\/www.europesays.com\/fr\/wp-json\/wp\/v2\/posts\/160381\/revisions"}],"wp:featuredmedia":[{"embeddable":true,"href":"https:\/\/www.europesays.com\/fr\/wp-json\/wp\/v2\/media\/160382"}],"wp:attachment":[{"href":"https:\/\/www.europesays.com\/fr\/wp-json\/wp\/v2\/media?parent=160381"}],"wp:term":[{"taxonomy":"category","embeddable":true,"href":"https:\/\/www.europesays.com\/fr\/wp-json\/wp\/v2\/categories?post=160381"},{"taxonomy":"post_tag","embeddable":true,"href":"https:\/\/www.europesays.com\/fr\/wp-json\/wp\/v2\/tags?post=160381"}],"curies":[{"name":"wp","href":"https:\/\/api.w.org\/{rel}","templated":true}]}}