{"id":160393,"date":"2025-06-08T07:43:10","date_gmt":"2025-06-08T07:43:10","guid":{"rendered":"https:\/\/www.europesays.com\/fr\/160393\/"},"modified":"2025-06-08T07:43:10","modified_gmt":"2025-06-08T07:43:10","slug":"le-cure-de-la-cathedrale-saint-etienne-tire-sa-reverence-son-successeur-designe","status":"publish","type":"post","link":"https:\/\/www.europesays.com\/fr\/160393\/","title":{"rendered":"le cur\u00e9 de la cath\u00e9drale Saint-\u00c9tienne tire sa r\u00e9v\u00e9rence, son successeur d\u00e9sign\u00e9"},"content":{"rendered":"<p>            Par<br \/>\n        <strong><br \/>\n            <a href=\"https:\/\/actu.fr\/auteur\/guillaume-laurens\" title=\"Consulter tous les articles de Guillaume Laurens\" rel=\"nofollow noopener\" target=\"_blank\">Guillaume Laurens<\/a><br \/>\n        <\/strong><\/p>\n<p>        Publi\u00e9 le<\/p>\n<p>            8 juin 2025 \u00e0 9h38        <\/p>\n<p>Il officie depuis <strong>dix ans<\/strong> en la cath\u00e9drale Saint-\u00c9tienne de <a href=\"https:\/\/actu.fr\/toulouse\/\" rel=\"nofollow noopener\" target=\"_blank\"><strong>Toulouse<\/strong><\/a>. L\u2019abb\u00e9 <strong>Simon d\u2019Artigue<\/strong>, figure de la Ville rose, va tirer sa r\u00e9v\u00e9rence. Ce passionn\u00e9 de rugby s\u2019appr\u00eate en effet \u00e0 raccrocher les crampons, et son successeur a \u00e9t\u00e9 d\u00e9sign\u00e9.<\/p>\n<p>Une ann\u00e9e de \u00ab\u2009ressourcement spirituel\u2009\u00bb<\/p>\n<p class=\" wall-content\">Cur\u00e9 de l\u2019ensemble paroissial Saint-\u00c9tienne (qui regroupe la paroisse de la cath\u00e9drale de Toulouse, mais aussi celles de Notre-Dame de la Dalbade, Notre-Dame de la Daurade et Saint-Aubin), Simon d\u2019Artigue vient en effet d\u2019\u00eatre autoris\u00e9 par <a href=\"https:\/\/actu.fr\/occitanie\/toulouse_31555\/qui-est-mgr-guy-de-kerimel-le-nouvel-archeveque-de-toulouse-nomme-par-le-pape-francois_47094333.html\" rel=\"nofollow noopener\" target=\"_blank\">Mgr Guy de Kerimel, archev\u00eaque de Toulouse,<\/a> \u00e0 prendre\u2026 <strong>une ann\u00e9e sabbatique<\/strong>.<\/p>\n<p class=\" wall-content\">\u00ab\u2009On appelle \u00e7a une ann\u00e9e sabbatique, mais ce n\u2019est pas <strong>une ann\u00e9e de vacances\u2009\u00bb,<\/strong> temp\u00e8re le pr\u00eatre, qui quittera ses fonctions <strong>mi-juillet.<\/strong> \u00ab\u2009C\u2019est plut\u00f4t une forme de <strong>retraite\u2009\u00bb<\/strong>. Un <strong>\u00ab\u2009ressourcement spirituel\u2009\u00bb<\/strong> qui tombe \u00e0 point nomm\u00e9 pour ce cur\u00e9, car \u00ab\u2009cela fait 20\u00a0ans que je suis pr\u00eatre\u2009\u00bb.<\/p>\n<p>Simon d\u2019Artigue va marcher un an jusqu\u2019\u00e0 J\u00e9rusalem<\/p>\n<p class=\" wall-content\">Au programme de Simon d\u2019Artigue, cette ann\u00e9e\u2009? \u00ab\u2009Je vais partir<strong> en p\u00e8lerinage \u00e0 pied \u00e0 J\u00e9rusalem\u2009\u00bb,<\/strong> raconte cet abb\u00e9 qui cultive une vraie passion\u2026 pour le <strong>rugby<\/strong>. Il confesse d\u2019ailleurs lire avec autant de plaisir l\u2019\u00c9vangile\u2026 que le Midol. Pendant un an, ce supporter inv\u00e9t\u00e9r\u00e9 des Rouge et Noir va donc aussi s\u2019\u00e9loigner de son club de c\u0153ur.<\/p>\n<blockquote class=\"ac-article-quote wall-content\">\n<p>Je ne suivrai pas le Stade Toulousain pendant un an, \u00e7a me manquera certainement, mais une bonne d\u00e9connexion, c&rsquo;est bien aussi !\n<\/p>\n<p>    <strong>L&rsquo;abb\u00e9 Simon d&rsquo;Artigue<\/strong><br \/>\n        Cur\u00e9 de la cath\u00e9drale Saint-\u00c9tienne de Toulouse    <\/p><\/blockquote>\n<p>Vid\u00e9os : en ce moment sur Actu<\/p>\n<p class=\" wall-content\">\u00c0 l\u2019issue de son p\u00e8lerinage, les Toulousains recroiseront-ils Simon d\u2019Artigue\u2009? \u00ab\u2009Je serai de retour dans un an dans le dioc\u00e8se de Toulouse, et je prendrai la mission que l\u2019\u00e9v\u00eaque me donnera\u2009\u00bb.<\/p>\n<p>    <img   decoding=\"async\" loading=\"lazy\" src=\"https:\/\/www.europesays.com\/fr\/wp-content\/uploads\/2025\/06\/cure-cathedrale-saint-etienne-toulouse-abbe-simon-dartigue-gl-2-960x640.jpg\" alt=\"Simon d'Artigue est pr\u00eatre mais aussi fervent supporter du Stade Toulousain\" width=\"960\" height=\"640\"\/><br \/>\n    Simon d\u2019Artigue est pr\u00eatre mais aussi fervent supporter du Stade Toulousain (\u00a9Guillaume Laurens \/ Actu Toulouse)Dix ans apr\u00e8s, un successeur venu\u2026 de Balma<\/p>\n<p class=\" wall-content\">Aux commandes de l\u2019une des 14 cath\u00e9drales d\u2019Occitanie, Simon d\u2019Artigue sera officiellement remplac\u00e9 d\u00e8s le 1er\u00a0septembre 2025, soit <strong>dix ans jour pour jour<\/strong> apr\u00e8s sa nomination, par un autre pr\u00eatre du dioc\u00e8se de Toulouse, <strong>l\u2019abb\u00e9 Vincent Gallois<\/strong>.<\/p>\n<p class=\" wall-content\">Actuellement cur\u00e9 de <strong>l\u2019Ensemble paroissial Porte du Lauragais<\/strong> (qui couvre Balma et une quinzaine de communes de son arri\u00e8re-pays), ce natif de Montauban, juriste de formation, conna\u00eet bien la Ville rose pour y avoir \u00e9t\u00e9 ordonn\u00e9 pr\u00eatre en 2002, et pour avoir \u00e9t\u00e9 <strong>cur\u00e9 de Saint-Sernin<\/strong> entre\u00a02009 et\u00a02020.<\/p>\n<p class=\" wall-content\">Suivez toute l\u2019actualit\u00e9 de vos villes et m\u00e9dias favoris en vous inscrivant \u00e0 <a href=\"https:\/\/moncompte.actu.fr\" title=\"D\u00e9couvez Mon Actu\" rel=\"nofollow noopener\" data-trk=\"{&quot;cta&quot;:{&quot;action&quot;:&quot;https:\\\/\\\/moncompte.actu.fr&quot;,&quot;category&quot;:&quot;mon compte&quot;,&quot;from&quot;:&quot;article footer&quot;,&quot;name&quot;:&quot;Mon actu&quot;,&quot;type&quot;:&quot;cta&quot;}}\" target=\"_blank\">Mon Actu<\/a>.<\/p>\n","protected":false},"excerpt":{"rendered":"Par Guillaume Laurens Publi\u00e9 le 8 juin 2025 \u00e0 9h38 Il officie depuis dix ans en la cath\u00e9drale&hellip;\n","protected":false},"author":2,"featured_media":160394,"comment_status":"","ping_status":"","sticky":false,"template":"","format":"standard","meta":{"footnotes":""},"categories":[9653],"tags":[1111,11,2430,1777,674,1011,27,12,4020,25,4001,104],"class_list":{"0":"post-160393","1":"post","2":"type-post","3":"status-publish","4":"format-standard","5":"has-post-thumbnail","7":"category-saint-etienne","8":"tag-actu","9":"tag-actualites","10":"tag-auvergne-rhone-alpes","11":"tag-eu","12":"tag-europe","13":"tag-fr","14":"tag-france","15":"tag-news","16":"tag-religion","17":"tag-republique-francaise","18":"tag-saint-etienne","19":"tag-societe"},"share_on_mastodon":{"url":"https:\/\/pubeurope.com\/@fr\/114646627410573046","error":""},"_links":{"self":[{"href":"https:\/\/www.europesays.com\/fr\/wp-json\/wp\/v2\/posts\/160393","targetHints":{"allow":["GET"]}}],"collection":[{"href":"https:\/\/www.europesays.com\/fr\/wp-json\/wp\/v2\/posts"}],"about":[{"href":"https:\/\/www.europesays.com\/fr\/wp-json\/wp\/v2\/types\/post"}],"author":[{"embeddable":true,"href":"https:\/\/www.europesays.com\/fr\/wp-json\/wp\/v2\/users\/2"}],"replies":[{"embeddable":true,"href":"https:\/\/www.europesays.com\/fr\/wp-json\/wp\/v2\/comments?post=160393"}],"version-history":[{"count":0,"href":"https:\/\/www.europesays.com\/fr\/wp-json\/wp\/v2\/posts\/160393\/revisions"}],"wp:featuredmedia":[{"embeddable":true,"href":"https:\/\/www.europesays.com\/fr\/wp-json\/wp\/v2\/media\/160394"}],"wp:attachment":[{"href":"https:\/\/www.europesays.com\/fr\/wp-json\/wp\/v2\/media?parent=160393"}],"wp:term":[{"taxonomy":"category","embeddable":true,"href":"https:\/\/www.europesays.com\/fr\/wp-json\/wp\/v2\/categories?post=160393"},{"taxonomy":"post_tag","embeddable":true,"href":"https:\/\/www.europesays.com\/fr\/wp-json\/wp\/v2\/tags?post=160393"}],"curies":[{"name":"wp","href":"https:\/\/api.w.org\/{rel}","templated":true}]}}