{"id":160416,"date":"2025-06-08T07:58:51","date_gmt":"2025-06-08T07:58:51","guid":{"rendered":"https:\/\/www.europesays.com\/fr\/160416\/"},"modified":"2025-06-08T07:58:51","modified_gmt":"2025-06-08T07:58:51","slug":"un-week-end-pour-decouvrir-lassociation-catmon-doux-2","status":"publish","type":"post","link":"https:\/\/www.europesays.com\/fr\/160416\/","title":{"rendered":"un week-end pour d\u00e9couvrir l\u2019association Cat\u2019Mon Doux"},"content":{"rendered":"<p>Fond\u00e9e en 2008, l\u2019association Cat\u2019Mon Doux \u0153uvre dans tout le Bas-Rhin\u00a0: st\u00e9rilisation, soins, nourrissage, adoptions et <a href=\"https:\/\/www.dna.fr\/societe\/2022\/04\/27\/le-dispositif-chats-libres-pour-reguler-les-colonies-de-chats-errants\" target=\"_blank\" rel=\"noopener\">rel\u00e2ches en milieu prot\u00e9g\u00e9<\/a>. En 2024, l\u2019association a recueilli 391 chats et en a fait st\u00e9riliser 276. Elle a aussi nourri 350 \u00ab\u00a0chats libres\u00a0\u00bb.<\/p>\n<p>La manifestation a pour but de faire conna\u00eetre ses actions, recruter des b\u00e9n\u00e9voles et des familles d\u2019accueil, collecter des fonds pour les soins v\u00e9t\u00e9rinaires, mettre en avant les chats \u00e0 l\u2019adoption ou au parrainage. C\u2019est aussi l\u2019occasion d\u2019\u00e9changer avec les b\u00e9n\u00e9voles, de participer \u00e0 des animations solidaires et de s\u2019engager concr\u00e8tement pour cette cause.<\/p>\n<p>Ce contenu est bloqu\u00e9 car vous n&rsquo;avez pas accept\u00e9 les cookies et autres traceurs.<\/p>\n<p>En cliquant sur \u00ab J\u2019accepte \u00bb, les cookies et autres traceurs seront d\u00e9pos\u00e9s et vous pourrez visualiser les contenus  (<a href=\"\" class=\"consentModule_policy\" target=\"_blank\" title=\"Consulter la politique de protection des donn\u00e9es du fournisseur\">plus d&rsquo;informations<\/a>).<\/p>\n<p>En cliquant sur \u00ab J\u2019accepte tous les cookies \u00bb, vous autorisez des d\u00e9p\u00f4ts de cookies et autres traceurs pour le stockage de vos donn\u00e9es sur nos sites et applications \u00e0 des fins de personnalisation et de ciblage publicitaire.<\/p>\n<p class=\"consentModule_secondaryText\">Vous gardez la possibilit\u00e9 de retirer votre consentement \u00e0 tout moment en consultant notre <a href=\"https:\/\/www.dna.fr\/protection-des-donnees\" target=\"_blank\" title=\"Consulter notre politique de protection des donn\u00e9es\" rel=\"noopener\">politique de protection des donn\u00e9es<\/a>. <br \/>&#13;<br \/>\n            <a href=\"https:\/\/www.dna.fr\/culture-loisirs\/2025\/06\/06\/javascript:Didomi.notice.show()\" class=\"consentModule_cmp\" target=\"_blank\" rel=\"noopener\">G\u00e9rer mes choix<\/a>&#13;\n        <\/p>\n<p>&#13;<br \/>\n                        J&rsquo;accepte&#13;<br \/>\n            J&rsquo;accepte tous les cookies&#13;\n        <\/p>\n<p>  Pas de chats sur place : leur bien-\u00eatre prime<\/p>\n<p>On pourra se faire conseiller en vue d\u2019une adoption, \u00e9changer avec des comportementalistes, mieux conna\u00eetre la notion de \u00ab\u00a0chat libre\u00a0\u00bb. Il n\u2019y aura pas de chats sur place, mais leur pr\u00e9sentation via affiches pour des adoptions ou parrainages.<\/p>\n<p>Des objets faits \u00e0 la main par les b\u00e9n\u00e9voles seront mis en vente, une tombola organis\u00e9e, ainsi que des jeux et ateliers pour enfants (dont la fabrication de badges le samedi)\u2026 Le tout dans une ambiance musicale assur\u00e9e par un groupe \u00ab\u00a0en live\u00a0\u00bb.<\/p>\n<p class=\"note\">Samedi 14\u00a0juin de 11\u00a0h \u00e0 18\u00a0h et dimanche 15\u00a0juin de 11\u00a0h \u00e0 17\u00a0h, \u00e0 la salle des f\u00eates municipale d\u2019Illkirch-Graffenstaden (160, route de Lyon). Terminus tram A. Restauration et buvette. Entr\u00e9e libre. Informations\u00a0: www.catmondoux.org<\/p>\n","protected":false},"excerpt":{"rendered":"Fond\u00e9e en 2008, l\u2019association Cat\u2019Mon Doux \u0153uvre dans tout le Bas-Rhin\u00a0: st\u00e9rilisation, soins, nourrissage, adoptions et rel\u00e2ches en&hellip;\n","protected":false},"author":2,"featured_media":156567,"comment_status":"","ping_status":"","sticky":false,"template":"","format":"standard","meta":{"footnotes":""},"categories":[2820],"tags":[1111,11,2389,2649,1687,2880,1777,674,3326,107,1011,27,775,3088,12,25,640,3089],"class_list":{"0":"post-160416","1":"post","2":"type-post","3":"status-publish","4":"format-standard","5":"has-post-thumbnail","7":"category-strasbourg","8":"tag-actu","9":"tag-actualites","10":"tag-alsace","11":"tag-bas-rhin","12":"tag-culture-loisirs","13":"tag-edition-strasbourg","14":"tag-eu","15":"tag-europe","16":"tag-fete-locale","17":"tag-fil-info","18":"tag-fr","19":"tag-france","20":"tag-grand-est","21":"tag-illkirch-graffenstaden","22":"tag-news","23":"tag-republique-francaise","24":"tag-strasbourg","25":"tag-strasbourg-sud"},"share_on_mastodon":{"url":"https:\/\/pubeurope.com\/@fr\/114646690270752593","error":""},"_links":{"self":[{"href":"https:\/\/www.europesays.com\/fr\/wp-json\/wp\/v2\/posts\/160416","targetHints":{"allow":["GET"]}}],"collection":[{"href":"https:\/\/www.europesays.com\/fr\/wp-json\/wp\/v2\/posts"}],"about":[{"href":"https:\/\/www.europesays.com\/fr\/wp-json\/wp\/v2\/types\/post"}],"author":[{"embeddable":true,"href":"https:\/\/www.europesays.com\/fr\/wp-json\/wp\/v2\/users\/2"}],"replies":[{"embeddable":true,"href":"https:\/\/www.europesays.com\/fr\/wp-json\/wp\/v2\/comments?post=160416"}],"version-history":[{"count":0,"href":"https:\/\/www.europesays.com\/fr\/wp-json\/wp\/v2\/posts\/160416\/revisions"}],"wp:featuredmedia":[{"embeddable":true,"href":"https:\/\/www.europesays.com\/fr\/wp-json\/wp\/v2\/media\/156567"}],"wp:attachment":[{"href":"https:\/\/www.europesays.com\/fr\/wp-json\/wp\/v2\/media?parent=160416"}],"wp:term":[{"taxonomy":"category","embeddable":true,"href":"https:\/\/www.europesays.com\/fr\/wp-json\/wp\/v2\/categories?post=160416"},{"taxonomy":"post_tag","embeddable":true,"href":"https:\/\/www.europesays.com\/fr\/wp-json\/wp\/v2\/tags?post=160416"}],"curies":[{"name":"wp","href":"https:\/\/api.w.org\/{rel}","templated":true}]}}