{"id":160423,"date":"2025-06-08T08:02:09","date_gmt":"2025-06-08T08:02:09","guid":{"rendered":"https:\/\/www.europesays.com\/fr\/160423\/"},"modified":"2025-06-08T08:02:09","modified_gmt":"2025-06-08T08:02:09","slug":"nantes-parmi-les-dix-meilleures-villes-etudiantes-de-france-selon-un-classement","status":"publish","type":"post","link":"https:\/\/www.europesays.com\/fr\/160423\/","title":{"rendered":"Nantes parmi les dix meilleures villes \u00e9tudiantes de France, selon un classement"},"content":{"rendered":"<p>            Par<br \/>\n        <strong><br \/>\n            <a href=\"https:\/\/actu.fr\/auteur\/thomas-bernard\" title=\"Consulter tous les articles de Thomas Bernard\" target=\"_blank\" rel=\"noopener\">Thomas Bernard<\/a><br \/>\n        <\/strong><\/p>\n<p>        Publi\u00e9 le<\/p>\n<p>            8 juin 2025 \u00e0 9h06        <\/p>\n<p>Le m\u00e9dia <a href=\"https:\/\/www.letudiant.fr\/classements\/classement-des-villes-etudiantes.html\" target=\"_blank\" rel=\"noopener\">L\u2019\u00c9tudiant<\/a> a publi\u00e9, ce vendredi 6\u00a0juin 2025, son classement annuel des meilleures villes \u00e9tudiantes en France.<\/p>\n<p class=\" wall-content\">Pour \u00e9tablir ce classement, le <strong>m\u00e9dia a compar\u00e9 47 villes fran\u00e7aises qui accueillent plus de 8\u2009000 \u00e9tudiants<\/strong>. Pour cette 20e \u00e9dition du classement, L\u2019\u00c9tudiant s\u2019est bas\u00e9 sur 13 crit\u00e8res r\u00e9partis en cinq grandes th\u00e9matiques\u2009: attractivit\u00e9, logement, formation, vie \u00e9tudiante, cadre de vie et emploi.<\/p>\n<p class=\" wall-content\">L\u2019\u00e9dition 2025 est domin\u00e9e par <a href=\"https:\/\/actu.fr\/toulouse\/\" target=\"_blank\" rel=\"noopener\">Toulouse<\/a> qui devance Besan\u00e7on et Montpellier. <a href=\"https:\/\/actu.fr\/pays-de-la-loire\/nantes_44109\/nantes-dans-le-top-10-des-meilleures-villes-etudiantes-de-france_61301369.html\" target=\"_blank\" rel=\"noopener\">Class\u00e9e \u00e0 la dixi\u00e8me place en 2024<\/a>, Nantes progresse et se hisse \u00e0 la <strong>huiti\u00e8me position du classement de 2025<\/strong>.<\/p>\n<p>Transports et \u00ab\u2009dynamisme de l\u2019emploi\u2009\u00bb<\/p>\n<p class=\" wall-content\">Selon <a href=\"https:\/\/www.letudiant.fr\/classements\/classement-des-villes-etudiantes\/laureat\/nantes.html\" target=\"_blank\" rel=\"noopener\">les donn\u00e9es de L\u2019\u00c9tudiant<\/a>, <strong>67\u2009436 \u00e9tudiants sont scolaris\u00e9s \u00e0 Nantes<\/strong>. Parmi les crit\u00e8res mis, on retrouve\u2009: les transports en commun (gratuit\u00e9 week-end, service pour les noctambules) , \u00ab\u2009le fort dynamisme de l\u2019emploi\u2009\u00bb ou bien \u00ab\u2009l\u2019environnement am\u00e9nag\u00e9\u2009\u00bb avec les pistes cyclables.<\/p>\n<p class=\" wall-content\">Nantes obtient une note\u00a0de<strong> 8,5 (sur 10) pour l\u2019offre culturelle, <\/strong>de\u00a09,5 (sur 11) pour les transports et mobilit\u00e9 et de 9 (sur 10) pour l\u2019offre de formation \u00ab\u2009pr\u00e9pas et grandes \u00e9coles\u2009\u00bb.<\/p>\n<p>Vid\u00e9os : en ce moment sur Actu<\/p>\n<p class=\" wall-content\">En revanche, la cit\u00e9 des ducs de Bretagne obtient une note moyenne de 5 (sur 10) pour <a href=\"https:\/\/actu.fr\/pays-de-la-loire\/nantes_44109\/immobilier-a-nantes-quel-quartier-est-le-moins-cher-pour-acheter-un-logement_61788140.html\" target=\"_blank\" rel=\"noopener\">l\u2019offre de logement<\/a> et de 2,5 (sur 5) pour la sant\u00e9.<\/p>\n<p>Nantes moins recommand\u00e9e par les \u00e9tudiants<\/p>\n<p class=\" wall-content\">En compl\u00e9ment, le m\u00e9dia L\u2019\u00c9tudiant a sorti<a href=\"https:\/\/www.letudiant.fr\/lifestyle\/classement-2025-des-villes-preferees-des-etudiants.html\" target=\"_blank\" rel=\"noopener\"> un second classement bas\u00e9 sur l\u2019avis d\u2019\u00e9tudiants<\/a> ayant r\u00e9pondu \u00e0 un questionnaire. Il r\u00e9v\u00e8le<strong> les\u00a0villes pr\u00e9f\u00e9r\u00e9es des \u00e9tudiants<\/strong>.<\/p>\n<p class=\" wall-content\">Budget, logement ou encore ambiance ont \u00e9t\u00e9 analys\u00e9s. C\u2019est la ville voisine d\u2019Angers (Maine-et-Loire) qui est la meilleure ville fran\u00e7aise pour les \u00e9tudiants interrog\u00e9s.<strong> Nantes arrive en 22e position<\/strong> avec un taux de recommandation de 85,71\u2009%.<\/p>\n<p class=\" wall-content\">Suivez toute l\u2019actualit\u00e9 de vos villes et m\u00e9dias favoris en vous inscrivant \u00e0 <a href=\"https:\/\/moncompte.actu.fr\" title=\"D\u00e9couvez Mon Actu\" rel=\"nofollow noopener\" data-trk=\"{&quot;cta&quot;:{&quot;action&quot;:&quot;https:\\\/\\\/moncompte.actu.fr&quot;,&quot;category&quot;:&quot;mon compte&quot;,&quot;from&quot;:&quot;article footer&quot;,&quot;name&quot;:&quot;Mon actu&quot;,&quot;type&quot;:&quot;cta&quot;}}\" target=\"_blank\">Mon Actu<\/a>.<\/p>\n<ul class=\"ac-article-tag wall-content\">\n<li><a href=\"https:\/\/actu.fr\/tag\/logement\" data-trk=\"{&quot;cta&quot;:{&quot;action&quot;:&quot;Logement&quot;,&quot;category&quot;:&quot;tag&quot;,&quot;from&quot;:&quot;article footer&quot;,&quot;name&quot;:&quot;Logement&quot;,&quot;type&quot;:&quot;cta&quot;}}\" target=\"_blank\" rel=\"noopener\">#Logement<\/a><\/li>\n<li><a href=\"https:\/\/actu.fr\/tag\/precarite-etudiante\" data-trk=\"{&quot;cta&quot;:{&quot;action&quot;:&quot;Pr\\u00e9carit\\u00e9 \\u00e9tudiante&quot;,&quot;category&quot;:&quot;tag&quot;,&quot;from&quot;:&quot;article footer&quot;,&quot;name&quot;:&quot;Pr\\u00e9carit\\u00e9 \\u00e9tudiante&quot;,&quot;type&quot;:&quot;cta&quot;}}\" target=\"_blank\" rel=\"noopener\">#Pr\u00e9carit\u00e9 \u00e9tudiante<\/a><\/li>\n<\/ul>\n","protected":false},"excerpt":{"rendered":"Par Thomas Bernard Publi\u00e9 le 8 juin 2025 \u00e0 9h06 Le m\u00e9dia L\u2019\u00c9tudiant a publi\u00e9, ce vendredi 6\u00a0juin&hellip;\n","protected":false},"author":2,"featured_media":160424,"comment_status":"","ping_status":"","sticky":false,"template":"","format":"standard","meta":{"footnotes":""},"categories":[2818],"tags":[1111,11,1777,674,1011,27,1908,766,12,2636,11090,25,104],"class_list":{"0":"post-160423","1":"post","2":"type-post","3":"status-publish","4":"format-standard","5":"has-post-thumbnail","7":"category-nantes","8":"tag-actu","9":"tag-actualites","10":"tag-eu","11":"tag-europe","12":"tag-fr","13":"tag-france","14":"tag-logement","15":"tag-nantes","16":"tag-news","17":"tag-pays-de-la-loire","18":"tag-precarite-etudiante","19":"tag-republique-francaise","20":"tag-societe"},"share_on_mastodon":{"url":"https:\/\/pubeurope.com\/@fr\/114646702067317915","error":""},"_links":{"self":[{"href":"https:\/\/www.europesays.com\/fr\/wp-json\/wp\/v2\/posts\/160423","targetHints":{"allow":["GET"]}}],"collection":[{"href":"https:\/\/www.europesays.com\/fr\/wp-json\/wp\/v2\/posts"}],"about":[{"href":"https:\/\/www.europesays.com\/fr\/wp-json\/wp\/v2\/types\/post"}],"author":[{"embeddable":true,"href":"https:\/\/www.europesays.com\/fr\/wp-json\/wp\/v2\/users\/2"}],"replies":[{"embeddable":true,"href":"https:\/\/www.europesays.com\/fr\/wp-json\/wp\/v2\/comments?post=160423"}],"version-history":[{"count":0,"href":"https:\/\/www.europesays.com\/fr\/wp-json\/wp\/v2\/posts\/160423\/revisions"}],"wp:featuredmedia":[{"embeddable":true,"href":"https:\/\/www.europesays.com\/fr\/wp-json\/wp\/v2\/media\/160424"}],"wp:attachment":[{"href":"https:\/\/www.europesays.com\/fr\/wp-json\/wp\/v2\/media?parent=160423"}],"wp:term":[{"taxonomy":"category","embeddable":true,"href":"https:\/\/www.europesays.com\/fr\/wp-json\/wp\/v2\/categories?post=160423"},{"taxonomy":"post_tag","embeddable":true,"href":"https:\/\/www.europesays.com\/fr\/wp-json\/wp\/v2\/tags?post=160423"}],"curies":[{"name":"wp","href":"https:\/\/api.w.org\/{rel}","templated":true}]}}