{"id":160427,"date":"2025-06-08T08:04:09","date_gmt":"2025-06-08T08:04:09","guid":{"rendered":"https:\/\/www.europesays.com\/fr\/160427\/"},"modified":"2025-06-08T08:04:09","modified_gmt":"2025-06-08T08:04:09","slug":"il-appartenait-a-des-religieuses","status":"publish","type":"post","link":"https:\/\/www.europesays.com\/fr\/160427\/","title":{"rendered":"il appartenait \u00e0 des religieuses"},"content":{"rendered":"<p>            Par<br \/>\n        <strong><br \/>\n            <a href=\"https:\/\/actu.fr\/auteur\/redaction-bordeaux\" title=\"Consulter tous les articles de R\u00e9daction Bordeaux\" target=\"_blank\" rel=\"noopener\">R\u00e9daction Bordeaux<\/a><br \/>\n        <\/strong><\/p>\n<p>        Publi\u00e9 le<\/p>\n<p>            8 juin 2025 \u00e0 9h32        <\/p>\n<p>Bonne nouvelle pour les Bordelais qui souhaitent \u00e9viter le Jardin public bond\u00e9 : un <strong>nouvel espace vert<\/strong> vient d\u2019ouvrir dans la m\u00e9tropole. Situ\u00e9 \u00e0 B\u00e8gles, <a href=\"https:\/\/www.google.fr\/maps\/place\/Parc+des+Soeurs\/@44.8014605,-0.5698023,473m\/data=!3m1!1e3!4m6!3m5!1s0xd5527002780de5b:0x5a33439e773ebe73!8m2!3d44.800802!4d-0.567163!16s%2Fg%2F11ycg56rnv?entry=ttu&amp;g_ep=EgoyMDI1MDYwMS4wIKXMDSoASAFQAw%3D%3D\" target=\"_blank\" rel=\"noopener\">le parc des Soeurs<\/a> s\u2019\u00e9tend sur 3,5 hectares de verdure, \u00e0 deux pas de la route de Toulouse.<\/p>\n<p class=\" wall-content\">Il a \u00e9t\u00e9 laiss\u00e9 en \u00e9tat <strong>\u00ab\u00a0le plus naturel possible\u00a0\u00bb<\/strong>, avec une grande prairie, une promenade ombrag\u00e9e et au fond, un \u00ab\u00a0jardin-for\u00eat\u00a0\u00bb.<\/p>\n<p>Il appartenait \u00e0 des religieuses<\/p>\n<p class=\" wall-content\">L\u2019ouverture de ce nouveau parc est le r\u00e9sultat de longues n\u00e9gociations avec les anciennes propri\u00e9taires du terrain : les soeurs de la congr\u00e9gation religieuse de Saint-Vincent-de-Paul. Elles l\u2019utilisaient comme lieu de retraite, et ont finalement c\u00e9d\u00e9 \u00e0 le vendre <strong>pour 3 millions d\u2019euros \u00e0 mairie<\/strong>, avec participation d\u20191,5 millions d\u2019euros de <a href=\"https:\/\/actu.fr\/tag\/bordeaux-metropole\" target=\"_blank\" rel=\"noopener\">Bordeaux M\u00e9tropole<\/a>.<\/p>\n<p class=\" wall-content\">\u00ab\u00a0Ce projet pr\u00e9voit par ailleurs la cr\u00e9ation de logements sociaux pour personnes handicap\u00e9es\u00a0\u00bb, pr\u00e9cise le maire de B\u00e8gles, Cl\u00e9ment Rossignol-Puech. \u00ab\u00a0Dans <strong>un second temps<\/strong>, l\u2019enti\u00e8ret\u00e9 du parc sera ouverte au public et des am\u00e9nagements compl\u00e8teront l\u2019\u00e9quipement\u00a0\u00bb, indique la mairie.\u00a0<\/p>\n<p class=\" wall-content\">Elle se f\u00e9licite de la cr\u00e9ation de ce \u00ab\u00a0poumon vert\u00a0\u00bb, au coeur du quartier des Argous.\u00a0<\/p>\n<p>Vid\u00e9os : en ce moment sur Actu<\/p>\n<p class=\" wall-content\">Suivez toute l\u2019actualit\u00e9 de vos villes et m\u00e9dias favoris en vous inscrivant \u00e0 <a href=\"https:\/\/moncompte.actu.fr\" title=\"D\u00e9couvez Mon Actu\" rel=\"nofollow noopener\" data-trk=\"{&quot;cta&quot;:{&quot;action&quot;:&quot;https:\\\/\\\/moncompte.actu.fr&quot;,&quot;category&quot;:&quot;mon compte&quot;,&quot;from&quot;:&quot;article footer&quot;,&quot;name&quot;:&quot;Mon actu&quot;,&quot;type&quot;:&quot;cta&quot;}}\" target=\"_blank\">Mon Actu<\/a>.<\/p>\n","protected":false},"excerpt":{"rendered":"Par R\u00e9daction Bordeaux Publi\u00e9 le 8 juin 2025 \u00e0 9h32 Bonne nouvelle pour les Bordelais qui souhaitent \u00e9viter&hellip;\n","protected":false},"author":2,"featured_media":160428,"comment_status":"","ping_status":"","sticky":false,"template":"","format":"standard","meta":{"footnotes":""},"categories":[2817],"tags":[1111,11,1997,2904,1777,674,1011,27,12,2219,25,104],"class_list":{"0":"post-160427","1":"post","2":"type-post","3":"status-publish","4":"format-standard","5":"has-post-thumbnail","7":"category-bordeaux","8":"tag-actu","9":"tag-actualites","10":"tag-bordeaux","11":"tag-bordeaux-metropole","12":"tag-eu","13":"tag-europe","14":"tag-fr","15":"tag-france","16":"tag-news","17":"tag-nouvelle-aquitaine","18":"tag-republique-francaise","19":"tag-societe"},"share_on_mastodon":{"url":"https:\/\/pubeurope.com\/@fr\/114646709991484455","error":""},"_links":{"self":[{"href":"https:\/\/www.europesays.com\/fr\/wp-json\/wp\/v2\/posts\/160427","targetHints":{"allow":["GET"]}}],"collection":[{"href":"https:\/\/www.europesays.com\/fr\/wp-json\/wp\/v2\/posts"}],"about":[{"href":"https:\/\/www.europesays.com\/fr\/wp-json\/wp\/v2\/types\/post"}],"author":[{"embeddable":true,"href":"https:\/\/www.europesays.com\/fr\/wp-json\/wp\/v2\/users\/2"}],"replies":[{"embeddable":true,"href":"https:\/\/www.europesays.com\/fr\/wp-json\/wp\/v2\/comments?post=160427"}],"version-history":[{"count":0,"href":"https:\/\/www.europesays.com\/fr\/wp-json\/wp\/v2\/posts\/160427\/revisions"}],"wp:featuredmedia":[{"embeddable":true,"href":"https:\/\/www.europesays.com\/fr\/wp-json\/wp\/v2\/media\/160428"}],"wp:attachment":[{"href":"https:\/\/www.europesays.com\/fr\/wp-json\/wp\/v2\/media?parent=160427"}],"wp:term":[{"taxonomy":"category","embeddable":true,"href":"https:\/\/www.europesays.com\/fr\/wp-json\/wp\/v2\/categories?post=160427"},{"taxonomy":"post_tag","embeddable":true,"href":"https:\/\/www.europesays.com\/fr\/wp-json\/wp\/v2\/tags?post=160427"}],"curies":[{"name":"wp","href":"https:\/\/api.w.org\/{rel}","templated":true}]}}