{"id":160431,"date":"2025-06-08T08:06:15","date_gmt":"2025-06-08T08:06:15","guid":{"rendered":"https:\/\/www.europesays.com\/fr\/160431\/"},"modified":"2025-06-08T08:06:15","modified_gmt":"2025-06-08T08:06:15","slug":"fraicheur-eclaircies-ou-grand-soleil-les-previsions-meteo-a-toulouse-et-en-occitanie-ce-dimanche","status":"publish","type":"post","link":"https:\/\/www.europesays.com\/fr\/160431\/","title":{"rendered":"Fra\u00eecheur, \u00e9claircies, ou grand soleil ? Les pr\u00e9visions m\u00e9t\u00e9o \u00e0 Toulouse et en Occitanie, ce dimanche"},"content":{"rendered":"<p>            Par<br \/>\n        <strong><br \/>\n            <a href=\"https:\/\/actu.fr\/auteur\/guillaume-laurens\" title=\"Consulter tous les articles de Guillaume Laurens\" rel=\"nofollow noopener\" target=\"_blank\">Guillaume Laurens<\/a><br \/>\n        <\/strong><\/p>\n<p>        Publi\u00e9 le<\/p>\n<p>            8 juin 2025 \u00e0 7h02        <\/p>\n<p>Bonjour \u00e0 tous\u2009! Apr\u00e8s <a href=\"https:\/\/actu.fr\/occitanie\/toulouse_31555\/meteo-quel-temps-fera-t-il-pour-ce-week-end-de-la-pentecote-a-toulouse-et-en-occitanie_62739536.html\" rel=\"nofollow noopener\" target=\"_blank\"><strong>un samedi gris, voire frisquet<\/strong><\/a> pour la saison, c\u2019est un dimanche assez printanier qui se profile \u00e0 <strong><a href=\"https:\/\/actu.fr\/toulouse\/\" rel=\"nofollow noopener\" target=\"_blank\">Toulouse<\/a> <\/strong>et dans la r\u00e9gion, ce 8\u00a0juin 2025. Voici <a href=\"https:\/\/actu.fr\/toulouse\/meteo\" rel=\"nofollow noopener\" target=\"_blank\">les pr\u00e9visions m\u00e9t\u00e9o<\/a>.<\/p>\n<p>Toulouse\u2009: dimanche frais mais plut\u00f4t ensoleill\u00e9<\/p>\n<p class=\" wall-content\">Ce dimanche \u00e0 <strong>Toulouse<\/strong>, n\u2019oubliez pas la petite laine en matin\u00e9e, puisqu\u2019il ne fera que <strong>14\u00b0C.<\/strong> Le temps se r\u00e9chauffera au fil des heures pour atteindre les<strong> 24\u00b0C<\/strong> dans <strong>l\u2019apr\u00e8s-midi,<\/strong> au meilleur de la journ\u00e9e, annonce <a href=\"https:\/\/meteofrance.com\/previsions-meteo-france\/toulouse\/31000\" rel=\"nofollow noopener\" target=\"_blank\">M\u00e9t\u00e9o France<\/a>.<\/p>\n<p class=\" wall-content\">Alors que le vent sera tr\u00e8s faible, avec 15\u00a0km\/h seulement, le ciel sera parsem\u00e9 <strong>d\u2019\u00e9claircies<\/strong> le matin, et <strong>peu nuageux<\/strong> l\u2019apr\u00e8s-midi.<\/p>\n<p>    <img   decoding=\"async\" loading=\"lazy\" src=\"https:\/\/www.europesays.com\/fr\/wp-content\/uploads\/2025\/06\/previsions-meteo-france-toulouse-080625-960x640.jpg\" alt=\"Voici les pr\u00e9visions m\u00e9t\u00e9o \u00e0 Toulouse dimanche 8 juin 2025\" width=\"960\" height=\"640\"\/><br \/>\n    Voici les pr\u00e9visions m\u00e9t\u00e9o \u00e0 Toulouse dimanche 8\u00a0juin 2025 (\u00a9M\u00e9t\u00e9o France)Occitanie\u2009: \u00e9claircies \u00e0 l\u2019ouest, grand soleil \u00e0 l\u2019est<\/p>\n<p class=\" wall-content\">\u00c0 l\u2019\u00e9chelle de <strong>l\u2019Occitanie<\/strong>, M\u00e9t\u00e9o France pr\u00e9voit <strong>des \u00e9claircies<\/strong> sur une large partie de la r\u00e9gion (en gros\u2009: l\u2019ex-Midi-Pyr\u00e9n\u00e9es, l\u2019Aude et la Loz\u00e8re). Seuls le <strong>Gard<\/strong>, <strong>l\u2019H\u00e9rault<\/strong> et les <strong>Pyr\u00e9n\u00e9es-Orientales<\/strong> auront droit \u00e0 un <strong>grand soleil<\/strong>, alors que quelques <strong>averses<\/strong> sont pr\u00e9visibles sur la <strong>Montagne Noire<\/strong>.<\/p>\n<p class=\" wall-content\"><strong>L\u2019apr\u00e8s-midi<\/strong>, le <strong>soleil<\/strong> persistera le long de la <strong>M\u00e9diterran\u00e9e<\/strong>, et se fera plus pr\u00e9sent sur l\u2019Aude, le Tarn, la Haute-Garonne, le Tarn-et-Garonne et le Gers. Ailleurs, il faudra se contenter d\u2019\u00e9claircies.<\/p>\n<p>Vid\u00e9os : en ce moment sur Actu<\/p>\n<p class=\" wall-content\">Les <strong>temp\u00e9ratures<\/strong> les plus \u00e9lev\u00e9es sont annonc\u00e9es \u00e0 29\u00b0C du c\u00f4t\u00e9 de <strong>B\u00e9ziers<\/strong> (H\u00e9rault), et m\u00eame <strong>30\u00b0C<\/strong> \u00e0 <strong>Montpellier <\/strong>(H\u00e9rault) et <strong>N\u00eemes<\/strong> (Gard). En revanche, il ne fera que 23\u00b0C \u00e0 <strong>Saint-Gaudens<\/strong> (Haute-Garonne), comme \u00e0 Tarbes (Hautes-Pyr\u00e9n\u00e9es).<\/p>\n<p>    <img   decoding=\"async\" loading=\"lazy\" src=\"https:\/\/www.europesays.com\/fr\/wp-content\/uploads\/2025\/06\/previsions-meteo-france-occitanie-080625-960x640.jpg\" alt=\"Voici les pr\u00e9visions m\u00e9t\u00e9o en Occitanie dimanche 8 juin 2025\" width=\"960\" height=\"640\"\/><br \/>\n    Voici les pr\u00e9visions m\u00e9t\u00e9o en Occitanie dimanche 8\u00a0juin 2025 (\u00a9M\u00e9t\u00e9o France)<\/p>\n<p class=\" wall-content\">Suivez toute l\u2019actualit\u00e9 de vos villes et m\u00e9dias favoris en vous inscrivant \u00e0 <a href=\"https:\/\/moncompte.actu.fr\" title=\"D\u00e9couvez Mon Actu\" rel=\"nofollow noopener\" data-trk=\"{&quot;cta&quot;:{&quot;action&quot;:&quot;https:\\\/\\\/moncompte.actu.fr&quot;,&quot;category&quot;:&quot;mon compte&quot;,&quot;from&quot;:&quot;article footer&quot;,&quot;name&quot;:&quot;Mon actu&quot;,&quot;type&quot;:&quot;cta&quot;}}\" target=\"_blank\">Mon Actu<\/a>.<\/p>\n","protected":false},"excerpt":{"rendered":"Par Guillaume Laurens Publi\u00e9 le 8 juin 2025 \u00e0 7h02 Bonjour \u00e0 tous\u2009! Apr\u00e8s un samedi gris, voire&hellip;\n","protected":false},"author":2,"featured_media":160432,"comment_status":"","ping_status":"","sticky":false,"template":"","format":"standard","meta":{"footnotes":""},"categories":[2816],"tags":[1111,11,1777,674,1011,27,2487,2357,12,2680,25,2312],"class_list":{"0":"post-160431","1":"post","2":"type-post","3":"status-publish","4":"format-standard","5":"has-post-thumbnail","7":"category-toulouse","8":"tag-actu","9":"tag-actualites","10":"tag-eu","11":"tag-europe","12":"tag-fr","13":"tag-france","14":"tag-meteo","15":"tag-meteo-france","16":"tag-news","17":"tag-occitanie","18":"tag-republique-francaise","19":"tag-toulouse"},"share_on_mastodon":{"url":"https:\/\/pubeurope.com\/@fr\/114646718292386842","error":""},"_links":{"self":[{"href":"https:\/\/www.europesays.com\/fr\/wp-json\/wp\/v2\/posts\/160431","targetHints":{"allow":["GET"]}}],"collection":[{"href":"https:\/\/www.europesays.com\/fr\/wp-json\/wp\/v2\/posts"}],"about":[{"href":"https:\/\/www.europesays.com\/fr\/wp-json\/wp\/v2\/types\/post"}],"author":[{"embeddable":true,"href":"https:\/\/www.europesays.com\/fr\/wp-json\/wp\/v2\/users\/2"}],"replies":[{"embeddable":true,"href":"https:\/\/www.europesays.com\/fr\/wp-json\/wp\/v2\/comments?post=160431"}],"version-history":[{"count":0,"href":"https:\/\/www.europesays.com\/fr\/wp-json\/wp\/v2\/posts\/160431\/revisions"}],"wp:featuredmedia":[{"embeddable":true,"href":"https:\/\/www.europesays.com\/fr\/wp-json\/wp\/v2\/media\/160432"}],"wp:attachment":[{"href":"https:\/\/www.europesays.com\/fr\/wp-json\/wp\/v2\/media?parent=160431"}],"wp:term":[{"taxonomy":"category","embeddable":true,"href":"https:\/\/www.europesays.com\/fr\/wp-json\/wp\/v2\/categories?post=160431"},{"taxonomy":"post_tag","embeddable":true,"href":"https:\/\/www.europesays.com\/fr\/wp-json\/wp\/v2\/tags?post=160431"}],"curies":[{"name":"wp","href":"https:\/\/api.w.org\/{rel}","templated":true}]}}