{"id":160435,"date":"2025-06-08T08:09:10","date_gmt":"2025-06-08T08:09:10","guid":{"rendered":"https:\/\/www.europesays.com\/fr\/160435\/"},"modified":"2025-06-08T08:09:10","modified_gmt":"2025-06-08T08:09:10","slug":"renaud-fait-une-apparition-surprise-sur-m6-au-concert-stars-80-vs-stars-90-de-lille","status":"publish","type":"post","link":"https:\/\/www.europesays.com\/fr\/160435\/","title":{"rendered":"Renaud fait une apparition surprise sur M6 au concert Stars 80 vs Stars 90 de Lille"},"content":{"rendered":"<p>      R\u00e9sum\u00e9<\/p>\n<p>Renaud est apparu \u00e0 Lille lors d\u2019un concert m\u00ealant les ann\u00e9es 80 et 90, marquant un retour remarqu\u00e9 depuis son renouveau personnel et la pr\u00e9paration d\u2019un nouvel album.<\/p>\n<p>        Sommaire<\/p>\n<p>Il fallait \u00eatre \u00e0 Lille ce samedi 7 juin ou \u00e0 d\u00e9faut, devant M6 \u00e0 21h10 pour assister \u00e0 un moment rare : <a href=\"https:\/\/www.public.fr\/renaud-sa-fille-lolita-sechan-hospitalisee\" target=\"_blank\" rel=\"noopener\">Renaud<\/a>, <strong>ic\u00f4ne de la chanson engag\u00e9e, surgissant sur sc\u00e8ne en pleine \u00ab\u00a0battle\u00a0\u00bb musicale entre les ann\u00e9es 80 et les ann\u00e9es 90<\/strong>.<\/p>\n<p>Un show in\u00e9dit baptis\u00e9 \u00ab\u00a0La Grande Battle\u00a0\u00bb, organis\u00e9 au D\u00e9cathlon Arena &#8211; Stade Pierre Mauroy, transform\u00e9 le temps d\u2019un soir en bo\u00eete \u00e0 souvenirs g\u00e9ante. Si les spectateurs s\u2019\u00e9taient d\u00e9plac\u00e9s en masse, pr\u00e8s de 30 000 selon les organisateurs, pour se d\u00e9hancher sur \u00ab\u00a0Born to Be Alive\u00a0\u00bb, \u00ab\u00a0Maldon\u00a0\u00bb ou encore l&rsquo;inoubliable \u00ab\u00a0Tu m\u2019oublieras\u00a0\u00bb de <a href=\"https:\/\/www.public.fr\/larusso-comparee-a-regine-la-star-menace-de-quitter-le-plateau-de-telematin\" target=\"_blank\" rel=\"noopener\">Larusso<\/a> , c\u2019est bien <strong>l\u2019apparition surprise du chanteur de \u00ab\u00a0Mistral gagnant\u00a0\u00bb qui a vol\u00e9 la vedette<\/strong>.<\/p>\n<p>Renaud ou le come-back surprise d\u2019un mythe de la chanson fran\u00e7aise<\/p>\n<p>D\u00e8s son entr\u00e9e sur sc\u00e8ne, le public a retenu son souffle. V\u00eatu sobrement, le regard malicieux et la d\u00e9marche affirm\u00e9e, Renaud est apparu comme r\u00e9g\u00e9n\u00e9r\u00e9, provoquant une vague d\u2019applaudissements et d\u2019\u00e9motion dans la salle. <strong>Un clin d\u2019\u0153il symbolique \u00e0 ses d\u00e9buts, 50 ans plus t\u00f4t, alors qu\u2019il sortait son tout premier album en 1975.<\/strong> Pour cette occasion particuli\u00e8re, <a href=\"https:\/\/www.public.fr\/je-serai-encore-la-dans-50-ans-renaud-plus-en-forme-que-jamais-sa-derniere-apparition-efface-les-doutes\" target=\"_blank\" rel=\"noopener\">le papa de Lolita<\/a> a interpr\u00e9t\u00e9 un titre de circonstance : \u00a0\u00bb Les corons\u00a0\u00bb de Pierre Bachelet, un titre qui a fait vibrer toute la salle.<\/p>\n<p>Un Renaud transform\u00e9 par l&rsquo;amour<\/p>\n<p>Le chanteur attribue en grande partie ce renouveau \u00e0 <strong>sa relation avec Cerise<\/strong>, <strong>qu\u2019il a \u00e9pous\u00e9e l\u2019ann\u00e9e derni\u00e8re<\/strong>. Couturi\u00e8re de profession et cr\u00e9atrice d&rsquo;accessoires, le chanteur est tomb\u00e9 sous le charme de cette belle inconnue de 29 ans sa cadette en 2016, sur le plateau de l&rsquo;\u00e9mission \u00ab\u00a0Merci Renaud\u00a0\u00bb.  Pour l&rsquo;anecdote, il l&rsquo;a surnomm\u00e9e Cerise en raison des boucles d&rsquo;oreilles qu&rsquo;elle portait ce jour-l\u00e0.<\/p>\n<p>Une rencontre qui a visiblement \u00e9t\u00e9 un tournant dans sa vie\u00a0et qui le motive \u00e0 prendre soin de lui et \u00e0 s\u2019\u00e9loigner de ses anciennes habitudes nocives. Dans un entretien accord\u00e9 \u00e0 nos confr\u00e8res du\u00a0Parisien, il a confi\u00e9 avoir adopt\u00e9 une routine bien plus saine : lever \u00e0 6 heures, coucher \u00e0 minuit, sport quotidien, s\u00e9ances de kin\u00e9sith\u00e9rapie faciale et surtout plus une goutte d\u2019alcool. Une information qui fait toute la diff\u00e9rence, quand on sait \u00e0 quel point ses addictions ont pu le mettre \u00e0 mal par le pass\u00e9.<\/p>\n<p>Au-del\u00e0 de ce retour remarqu\u00e9 sur sc\u00e8ne, <strong>Renaud pr\u00e9pare activement un nouvel album, pr\u00e9vu pour d\u00e9but 2026<\/strong>. Une nouvelle qui ravit ses fans, m\u00eame si certains s\u2019inqui\u00e8tent encore de l\u2019\u00e9tat de sa voix. Mais le chanteur l\u2019assume : il n\u2019a jamais \u00e9t\u00e9 un t\u00e9nor, et ce n\u2019est pas maintenant qu\u2019il va jouer les Pavarotti. <strong>Pour lui, ce qui compte, ce sont les textes, l\u2019\u00e9motion, le partage et sur ce point, il reste fid\u00e8le \u00e0 lui-m\u00eame. <\/strong><\/p>\n<p>      Mentionn\u00e9s dans cet article<\/p>\n<p>\u00c0 lire aussi<\/p>\n","protected":false},"excerpt":{"rendered":"R\u00e9sum\u00e9 Renaud est apparu \u00e0 Lille lors d\u2019un concert m\u00ealant les ann\u00e9es 80 et 90, marquant un retour&hellip;\n","protected":false},"author":2,"featured_media":160436,"comment_status":"","ping_status":"","sticky":false,"template":"","format":"standard","meta":{"footnotes":""},"categories":[2815],"tags":[1111,11,1777,674,1011,27,811,1307,12,1628,25,29199],"class_list":{"0":"post-160435","1":"post","2":"type-post","3":"status-publish","4":"format-standard","5":"has-post-thumbnail","7":"category-lille","8":"tag-actu","9":"tag-actualites","10":"tag-eu","11":"tag-europe","12":"tag-fr","13":"tag-france","14":"tag-hauts-de-france","15":"tag-lille","16":"tag-news","17":"tag-renaud","18":"tag-republique-francaise","19":"tag-stars-80"},"share_on_mastodon":{"url":"https:\/\/pubeurope.com\/@fr\/114646729598251208","error":""},"_links":{"self":[{"href":"https:\/\/www.europesays.com\/fr\/wp-json\/wp\/v2\/posts\/160435","targetHints":{"allow":["GET"]}}],"collection":[{"href":"https:\/\/www.europesays.com\/fr\/wp-json\/wp\/v2\/posts"}],"about":[{"href":"https:\/\/www.europesays.com\/fr\/wp-json\/wp\/v2\/types\/post"}],"author":[{"embeddable":true,"href":"https:\/\/www.europesays.com\/fr\/wp-json\/wp\/v2\/users\/2"}],"replies":[{"embeddable":true,"href":"https:\/\/www.europesays.com\/fr\/wp-json\/wp\/v2\/comments?post=160435"}],"version-history":[{"count":0,"href":"https:\/\/www.europesays.com\/fr\/wp-json\/wp\/v2\/posts\/160435\/revisions"}],"wp:featuredmedia":[{"embeddable":true,"href":"https:\/\/www.europesays.com\/fr\/wp-json\/wp\/v2\/media\/160436"}],"wp:attachment":[{"href":"https:\/\/www.europesays.com\/fr\/wp-json\/wp\/v2\/media?parent=160435"}],"wp:term":[{"taxonomy":"category","embeddable":true,"href":"https:\/\/www.europesays.com\/fr\/wp-json\/wp\/v2\/categories?post=160435"},{"taxonomy":"post_tag","embeddable":true,"href":"https:\/\/www.europesays.com\/fr\/wp-json\/wp\/v2\/tags?post=160435"}],"curies":[{"name":"wp","href":"https:\/\/api.w.org\/{rel}","templated":true}]}}