{"id":160443,"date":"2025-06-08T08:13:09","date_gmt":"2025-06-08T08:13:09","guid":{"rendered":"https:\/\/www.europesays.com\/fr\/160443\/"},"modified":"2025-06-08T08:13:09","modified_gmt":"2025-06-08T08:13:09","slug":"pres-de-lyon-pralus-va-ouvrir-deux-nouvelles-boutiques","status":"publish","type":"post","link":"https:\/\/www.europesays.com\/fr\/160443\/","title":{"rendered":"Pr\u00e8s de Lyon : Pralus va ouvrir deux nouvelles boutiques"},"content":{"rendered":"<p>Deux nouvelles boutiques Pralus devraient ouvrir leurs portes en 2025. D&rsquo;abord dans le 6e arrondissement de Lyon, puis \u00e0 Villeurbanne.<\/p>\n<p>Amoureux des pralulines ou simplement du chocolat ? Bonne nouvelle : <b>Pralus<\/b> devrait ouvrir <b>deux nouvelles boutiques<\/b> dans l&rsquo;agglom\u00e9ration lyonnaise en 2025.<\/p>\n<p>Une nouvelle boutique Pralus \u00e0 Lyon ?<\/p>\n<p>Fran\u00e7ois Pralus, <a class=\"url\" href=\"https:\/\/www.radioscoop.com\/infos\/incendie-de-pralus-a-roanne-un-jeune-homme-condamne-a-de-la-prison-ferme_325677\" target=\"_blank\" rel=\"nofollow noopener\">le tr\u00e8s connu chocolatier p\u00e2tissier roannais<\/a>, devrait s&rsquo;installer tr\u00e8s prochainement \u00e0 Lyon, dans le 6e arrondissement, <b>au 26 cours Vitton<\/b>.<\/p>\n<p>Selon des informations de <a class=\"url\" href=\"https:\/\/tribunedelyon.fr\/restaurants-gastronomie\/exclusif-pralus-ouvre-deux-nouvelles-boutiques\/\" target=\"_blank\" rel=\"nofollow noopener\">Tribune de Lyon<\/a>, la future boutique Pralus lyonnaise prendrait la place du magasin de lingerie Cupidon.<\/p>\n<p>Pralus va s&rsquo;installer \u00e0 Villeurbanne<\/p>\n<p>Mais Pralus veut aussi s&rsquo;implanter autour de la capitale des Gaules. Apr\u00e8s Tassin-la-Demi-Lune et <a class=\"url\" href=\"https:\/\/www.radioscoop.com\/infos\/pres-de-lyon-une-nouvelle-boutique-pralus-ouvre-ce-jeudi_325065\" target=\"_blank\" rel=\"nofollow noopener\">plus r\u00e9cemment Oullins-Pierre-B\u00e9nite<\/a>, le chocolatier lig\u00e9rien ouvrira une boutique \u00e0 <b>Villeurbanne<\/b>, vraisemblablement \u00e0 la rentr\u00e9e.<\/p>\n<p>Pour rappel, Pralus poss\u00e8de quatre commerces \u00e0 Lyon : dans le 2e, le 4e, le 5e et le 8e.<\/p>\n<p><img loading=\"lazy\" decoding=\"async\" src=\"https:\/\/www.europesays.com\/fr\/wp-content\/uploads\/2025\/06\/1749370389_697_img\" width=\"350\" height=\"200\" border=\"0\" title=\"La nouvelle boutique Pralus \u00c3\u00a0 Oullins-Pierre-B\u00c3\u00a9nite\"\/><\/p>\n<p>\u25ba\u00c9conomie<\/p>\n<p style=\"font-size: 22px;\"><b>Ouverture du capital, Hugo Pralus nouveau DG&#8230; du changement chez Pralus !\u00a0<\/b><\/p>\n<p>Fran\u00e7ois Pralus, 65 ans, pr\u00e9pare petit \u00e0 petit&#8230;<\/p>\n<p><\/p>\n","protected":false},"excerpt":{"rendered":"Deux nouvelles boutiques Pralus devraient ouvrir leurs portes en 2025. D&rsquo;abord dans le 6e arrondissement de Lyon, puis&hellip;\n","protected":false},"author":2,"featured_media":160444,"comment_status":"","ping_status":"","sticky":false,"template":"","format":"standard","meta":{"footnotes":""},"categories":[1889],"tags":[1111,11,2430,1777,674,1011,27,2428,12,29201,25,6345],"class_list":{"0":"post-160443","1":"post","2":"type-post","3":"status-publish","4":"format-standard","5":"has-post-thumbnail","7":"category-lyon","8":"tag-actu","9":"tag-actualites","10":"tag-auvergne-rhone-alpes","11":"tag-eu","12":"tag-europe","13":"tag-fr","14":"tag-france","15":"tag-lyon","16":"tag-news","17":"tag-pralus","18":"tag-republique-francaise","19":"tag-villeurbanne"},"share_on_mastodon":{"url":"https:\/\/pubeurope.com\/@fr\/114646745312994412","error":""},"_links":{"self":[{"href":"https:\/\/www.europesays.com\/fr\/wp-json\/wp\/v2\/posts\/160443","targetHints":{"allow":["GET"]}}],"collection":[{"href":"https:\/\/www.europesays.com\/fr\/wp-json\/wp\/v2\/posts"}],"about":[{"href":"https:\/\/www.europesays.com\/fr\/wp-json\/wp\/v2\/types\/post"}],"author":[{"embeddable":true,"href":"https:\/\/www.europesays.com\/fr\/wp-json\/wp\/v2\/users\/2"}],"replies":[{"embeddable":true,"href":"https:\/\/www.europesays.com\/fr\/wp-json\/wp\/v2\/comments?post=160443"}],"version-history":[{"count":0,"href":"https:\/\/www.europesays.com\/fr\/wp-json\/wp\/v2\/posts\/160443\/revisions"}],"wp:featuredmedia":[{"embeddable":true,"href":"https:\/\/www.europesays.com\/fr\/wp-json\/wp\/v2\/media\/160444"}],"wp:attachment":[{"href":"https:\/\/www.europesays.com\/fr\/wp-json\/wp\/v2\/media?parent=160443"}],"wp:term":[{"taxonomy":"category","embeddable":true,"href":"https:\/\/www.europesays.com\/fr\/wp-json\/wp\/v2\/categories?post=160443"},{"taxonomy":"post_tag","embeddable":true,"href":"https:\/\/www.europesays.com\/fr\/wp-json\/wp\/v2\/tags?post=160443"}],"curies":[{"name":"wp","href":"https:\/\/api.w.org\/{rel}","templated":true}]}}