{"id":160453,"date":"2025-06-08T08:19:11","date_gmt":"2025-06-08T08:19:11","guid":{"rendered":"https:\/\/www.europesays.com\/fr\/160453\/"},"modified":"2025-06-08T08:19:11","modified_gmt":"2025-06-08T08:19:11","slug":"epuisant-a-paris-apres-les-resultats-de-parcoursup-lepreuve-du-rush-pour-trouver-un-logement-etudiant","status":"publish","type":"post","link":"https:\/\/www.europesays.com\/fr\/160453\/","title":{"rendered":"\u00ab\u00a0\u00c9puisant\u00a0\u00bb\u00a0: \u00e0 Paris, apr\u00e8s les r\u00e9sultats de Parcoursup, l\u2019\u00e9preuve du rush pour trouver un logement \u00e9tudiant"},"content":{"rendered":"<p class=\"paragraph text_align_left\">Cling, cling, cling\u2026 Le bruit, incessant, r\u00e9sonne toutes les minutes. \u00c0 tel point qu\u2019\u00c9velyne est oblig\u00e9e de couper le son de l\u2019ordinateur pour pouvoir travailler. Chaque tintement annonce un mail qui r\u00e9pond \u00e0 l\u2019annonce immobili\u00e8re qu\u2019elle a post\u00e9e sur le site PAP : \u00ab Loue T2 de 35 m2 dans le XXe pour 950 euros par mois. \u00bb En six jours, elle a re\u00e7u\u2026 1 600 candidatures.<\/p>\n","protected":false},"excerpt":{"rendered":"Cling, cling, cling\u2026 Le bruit, incessant, r\u00e9sonne toutes les minutes. \u00c0 tel point qu\u2019\u00c9velyne est oblig\u00e9e de couper&hellip;\n","protected":false},"author":2,"featured_media":160454,"comment_status":"","ping_status":"","sticky":false,"template":"","format":"standard","meta":{"footnotes":""},"categories":[1888],"tags":[11,1777,674,1011,27,1116,12,626,25],"class_list":{"0":"post-160453","1":"post","2":"type-post","3":"status-publish","4":"format-standard","5":"has-post-thumbnail","7":"category-paris","8":"tag-actualites","9":"tag-eu","10":"tag-europe","11":"tag-fr","12":"tag-france","13":"tag-immobilier","14":"tag-news","15":"tag-paris","16":"tag-republique-francaise"},"share_on_mastodon":{"url":"https:\/\/pubeurope.com\/@fr\/114646768937164243","error":""},"_links":{"self":[{"href":"https:\/\/www.europesays.com\/fr\/wp-json\/wp\/v2\/posts\/160453","targetHints":{"allow":["GET"]}}],"collection":[{"href":"https:\/\/www.europesays.com\/fr\/wp-json\/wp\/v2\/posts"}],"about":[{"href":"https:\/\/www.europesays.com\/fr\/wp-json\/wp\/v2\/types\/post"}],"author":[{"embeddable":true,"href":"https:\/\/www.europesays.com\/fr\/wp-json\/wp\/v2\/users\/2"}],"replies":[{"embeddable":true,"href":"https:\/\/www.europesays.com\/fr\/wp-json\/wp\/v2\/comments?post=160453"}],"version-history":[{"count":0,"href":"https:\/\/www.europesays.com\/fr\/wp-json\/wp\/v2\/posts\/160453\/revisions"}],"wp:featuredmedia":[{"embeddable":true,"href":"https:\/\/www.europesays.com\/fr\/wp-json\/wp\/v2\/media\/160454"}],"wp:attachment":[{"href":"https:\/\/www.europesays.com\/fr\/wp-json\/wp\/v2\/media?parent=160453"}],"wp:term":[{"taxonomy":"category","embeddable":true,"href":"https:\/\/www.europesays.com\/fr\/wp-json\/wp\/v2\/categories?post=160453"},{"taxonomy":"post_tag","embeddable":true,"href":"https:\/\/www.europesays.com\/fr\/wp-json\/wp\/v2\/tags?post=160453"}],"curies":[{"name":"wp","href":"https:\/\/api.w.org\/{rel}","templated":true}]}}