{"id":160455,"date":"2025-06-08T08:20:10","date_gmt":"2025-06-08T08:20:10","guid":{"rendered":"https:\/\/www.europesays.com\/fr\/160455\/"},"modified":"2025-06-08T08:20:10","modified_gmt":"2025-06-08T08:20:10","slug":"canal-diffuse-un-documentaire-inedit","status":"publish","type":"post","link":"https:\/\/www.europesays.com\/fr\/160455\/","title":{"rendered":"Canal + diffuse un documentaire in\u00e9dit"},"content":{"rendered":"<p>            Par<br \/>\n        <strong><br \/>\n            <a href=\"https:\/\/actu.fr\/auteur\/antoine-grotteria02\" title=\"Consulter tous les articles de Antoine Grotteria\" rel=\"nofollow noopener\" target=\"_blank\">Antoine Grotteria<\/a><br \/>\n        <\/strong><\/p>\n<p>        Publi\u00e9 le<\/p>\n<p>            8 juin 2025 \u00e0 10h10<br \/>\n        ; mis \u00e0 jour le 8 juin 2025 \u00e0 10h13    <\/p>\n<p>Avis aux <a href=\"https:\/\/actu.fr\/ile-de-france\/paris_75056\/le-plus-beau-jour-de-ma-vie-sur-les-champs-elysees-les-fans-du-psg-fetent-les-nouveaux-rois-de-l-europe_62713427.html\" rel=\"nofollow noopener\" target=\"_blank\">supporters<\/a> parisiens. Ce dimanche 8 juin 2025, la cha\u00eene <strong>Canal +<\/strong> diffuse un <strong>documentaire in\u00e9dit<\/strong> sur le <a href=\"https:\/\/actu.fr\/ile-de-france\/paris_75056\/irresistible-le-psg-remporte-la-premiere-ligue-des-champions-de-son-histoire-au-terme-d-une-finale-de-reve_62712076.html\" rel=\"nofollow noopener\" target=\"_blank\">sacre<\/a> du Paris Saint-Germain en <a href=\"https:\/\/actu.fr\/tag\/ligue-des-champions\" rel=\"nofollow noopener\" target=\"_blank\">Ligue des champions<\/a>. Intitul\u00e9 \u00ab\u00a0Apr\u00e8s tant d\u2019ann\u00e9es\u2026 PSG : le film du sacre\u00a0\u00bb, le programme r\u00e9alis\u00e9 par Pierre Gratiot et Anthony Wolfstyn passe en clair \u00e0 19h30 pour capter une large audience.\u00a0<\/p>\n<p>Des \u00ab\u00a0supporters atypiques\u00a0\u00bb en acteurs du r\u00e9cit<\/p>\n<p class=\" wall-content\">La titre du film n\u2019a pas \u00e9t\u00e9 choisi de mani\u00e8re anodine. Il fait r\u00e9f\u00e9rence \u00e0 <strong>l\u2019hymne<\/strong> des fans du PSG, entonn\u00e9s au Parc des Princes et au-del\u00e0. Une mani\u00e8re de c\u00e9l\u00e9brer la culture autour du club. Mais pas uniquement. Canal + a pris le partie de raconter la pr\u00e9paration de la rencontre et son d\u00e9roul\u00e9 par le prisme de \u00ab\u00a0<strong>supporters atypiques<\/strong>\u00ab\u00a0, comme elle l\u2019indique dans le r\u00e9sum\u00e9.\u00a0<\/p>\n<p class=\" wall-content\">\n<p class=\" wall-content\">\u00ab\u00a0Apr\u00e8s tant d\u2019ann\u00e9es\u2026\u00a0\u00bb fait \u00e9galement \u00e9cho aux souffrances endur\u00e9es par le PSG en C1 depuis l\u2019arriv\u00e9e du fonds d\u2019investissement qatari, <strong>Qatar Sports Investment<\/strong>, en 2011. De l\u2019\u00e9prouvante remontada en 2017, un terme espagnol pass\u00e9 dans le langage commun, \u00e0 la d\u00e9faite en finale de la Ligue des champions contre le Bayern Munich, le club parisien n\u2019\u00e9tait jamais parvenu \u00e0 soulever la \u00ab\u00a0Coupe aux grandes oreilles\u00a0\u00bb.\u00a0<\/p>\n<p class=\" wall-content\">Trente-deux ans apr\u00e8s la <strong>premi\u00e8re victoire<\/strong> d\u2019un club fran\u00e7ais, l\u2019Olympique de Marseille, le PSG a ajout\u00e9 son nom au panth\u00e9on hexagonal en \u00e9crasant l\u2019Inter Milan 5 buts \u00e0 0. Avec notamment un doubl\u00e9 de l\u2019international fran\u00e7ais de 20 ans, D\u00e9sir\u00e9 Dou\u00e9.\u00a0<\/p>\n<p class=\" wall-content\">Suivez toute l\u2019actualit\u00e9 de vos villes et m\u00e9dias favoris en vous inscrivant \u00e0 <a href=\"https:\/\/moncompte.actu.fr\" title=\"D\u00e9couvez Mon Actu\" rel=\"nofollow noopener\" data-trk=\"{&quot;cta&quot;:{&quot;action&quot;:&quot;https:\\\/\\\/moncompte.actu.fr&quot;,&quot;category&quot;:&quot;mon compte&quot;,&quot;from&quot;:&quot;article footer&quot;,&quot;name&quot;:&quot;Mon actu&quot;,&quot;type&quot;:&quot;cta&quot;}}\" target=\"_blank\">Mon Actu<\/a>.<\/p>\n<ul class=\"ac-article-tag wall-content\">\n<li><a href=\"https:\/\/actu.fr\/tag\/paris-saint-germain-psg\" data-trk=\"{&quot;cta&quot;:{&quot;action&quot;:&quot;Paris Saint Germain (PSG)&quot;,&quot;category&quot;:&quot;tag&quot;,&quot;from&quot;:&quot;article footer&quot;,&quot;name&quot;:&quot;Paris Saint Germain (PSG)&quot;,&quot;type&quot;:&quot;cta&quot;}}\" rel=\"nofollow noopener\" target=\"_blank\">#Paris Saint Germain (PSG)<\/a><\/li>\n<li><a href=\"https:\/\/actu.fr\/tag\/television\" data-trk=\"{&quot;cta&quot;:{&quot;action&quot;:&quot;T\\u00e9l\\u00e9vision&quot;,&quot;category&quot;:&quot;tag&quot;,&quot;from&quot;:&quot;article footer&quot;,&quot;name&quot;:&quot;T\\u00e9l\\u00e9vision&quot;,&quot;type&quot;:&quot;cta&quot;}}\" rel=\"nofollow noopener\" target=\"_blank\">#T\u00e9l\u00e9vision<\/a><\/li>\n<\/ul>\n","protected":false},"excerpt":{"rendered":"Par Antoine Grotteria Publi\u00e9 le 8 juin 2025 \u00e0 10h10 ; mis \u00e0 jour le 8 juin 2025&hellip;\n","protected":false},"author":2,"featured_media":160456,"comment_status":"","ping_status":"","sticky":false,"template":"","format":"standard","meta":{"footnotes":""},"categories":[1888],"tags":[11,1777,674,1011,27,12,626,2332,25,60,252],"class_list":{"0":"post-160455","1":"post","2":"type-post","3":"status-publish","4":"format-standard","5":"has-post-thumbnail","7":"category-paris","8":"tag-actualites","9":"tag-eu","10":"tag-europe","11":"tag-fr","12":"tag-france","13":"tag-news","14":"tag-paris","15":"tag-paris-saint-germain-psg","16":"tag-republique-francaise","17":"tag-sports","18":"tag-television"},"share_on_mastodon":{"url":"https:\/\/pubeurope.com\/@fr\/114646772930266083","error":""},"_links":{"self":[{"href":"https:\/\/www.europesays.com\/fr\/wp-json\/wp\/v2\/posts\/160455","targetHints":{"allow":["GET"]}}],"collection":[{"href":"https:\/\/www.europesays.com\/fr\/wp-json\/wp\/v2\/posts"}],"about":[{"href":"https:\/\/www.europesays.com\/fr\/wp-json\/wp\/v2\/types\/post"}],"author":[{"embeddable":true,"href":"https:\/\/www.europesays.com\/fr\/wp-json\/wp\/v2\/users\/2"}],"replies":[{"embeddable":true,"href":"https:\/\/www.europesays.com\/fr\/wp-json\/wp\/v2\/comments?post=160455"}],"version-history":[{"count":0,"href":"https:\/\/www.europesays.com\/fr\/wp-json\/wp\/v2\/posts\/160455\/revisions"}],"wp:featuredmedia":[{"embeddable":true,"href":"https:\/\/www.europesays.com\/fr\/wp-json\/wp\/v2\/media\/160456"}],"wp:attachment":[{"href":"https:\/\/www.europesays.com\/fr\/wp-json\/wp\/v2\/media?parent=160455"}],"wp:term":[{"taxonomy":"category","embeddable":true,"href":"https:\/\/www.europesays.com\/fr\/wp-json\/wp\/v2\/categories?post=160455"},{"taxonomy":"post_tag","embeddable":true,"href":"https:\/\/www.europesays.com\/fr\/wp-json\/wp\/v2\/tags?post=160455"}],"curies":[{"name":"wp","href":"https:\/\/api.w.org\/{rel}","templated":true}]}}