{"id":160459,"date":"2025-06-08T08:22:18","date_gmt":"2025-06-08T08:22:18","guid":{"rendered":"https:\/\/www.europesays.com\/fr\/160459\/"},"modified":"2025-06-08T08:22:18","modified_gmt":"2025-06-08T08:22:18","slug":"en-direct-ukraine-de-nouvelles-frappes-russes-a-kharkiv","status":"publish","type":"post","link":"https:\/\/www.europesays.com\/fr\/160459\/","title":{"rendered":"EN DIRECT &#8211; Ukraine : de nouvelles frappes russes \u00e0 Kharkiv"},"content":{"rendered":"<p>\u00ab\u00a0Pour le moment, je suis contre l&rsquo;entr\u00e9e de l&rsquo;Ukraine dans l&rsquo;Union europ\u00e9enne\u00a0\u00bb, a d\u00e9clar\u00e9 Karol Nawrocki, pr\u00e9sident \u00e9lu en Pologne, \u00e0 la presse hongroise. \u00ab\u00a0D&rsquo;un c\u00f4t\u00e9, nous devons soutenir l&rsquo;Ukraine dans son conflit avec la F\u00e9d\u00e9ration de Russie, mais l&rsquo;Ukraine doit comprendre que d&rsquo;autres pays, notamment la Pologne, la Hongrie et d&rsquo;autres pays europ\u00e9ens, ont \u00e9galement leurs propres int\u00e9r\u00eats.\u00a0\u00bb Le nationaliste, <a href=\"https:\/\/www.tf1info.fr\/international\/karol-nawrocki-pologne-le-candidat-nationaliste-remporte-l-election-presidentielle-2374379.html\" target=\"_blank\" rel=\"noopener\">qui a remport\u00e9 <\/a>la pr\u00e9sidentielle le week-end dernier, est \u00e9galement oppos\u00e9 \u00e0 l&rsquo;adh\u00e9sion de l&rsquo;Ukraine \u00e0 l&rsquo;Otan et aux aides fournies aux r\u00e9fugi\u00e9s ukrainiens dans son pays. Lors de la campagne, il avait promis toutefois de continuer \u00e0 aider l&rsquo;Ukraine, pays voisin et ami.<\/p>\n","protected":false},"excerpt":{"rendered":"\u00ab\u00a0Pour le moment, je suis contre l&rsquo;entr\u00e9e de l&rsquo;Ukraine dans l&rsquo;Union europ\u00e9enne\u00a0\u00bb, a d\u00e9clar\u00e9 Karol Nawrocki, pr\u00e9sident \u00e9lu&hellip;\n","protected":false},"author":2,"featured_media":160460,"comment_status":"","ping_status":"","sticky":false,"template":"","format":"standard","meta":{"footnotes":""},"categories":[1590],"tags":[1111,11,1921,1777,674,1922,1916,12,132,220,133,1920,134],"class_list":{"0":"post-160459","1":"post","2":"type-post","3":"status-publish","4":"format-standard","5":"has-post-thumbnail","7":"category-ukraine","8":"tag-actu","9":"tag-actualites","10":"tag-article-video","11":"tag-eu","12":"tag-europe","13":"tag-info","14":"tag-moscou","15":"tag-news","16":"tag-russie","17":"tag-ukraine","18":"tag-video","19":"tag-video-international","20":"tag-volodymyr-zelensky"},"share_on_mastodon":{"url":"https:\/\/pubeurope.com\/@fr\/114646780868231279","error":""},"_links":{"self":[{"href":"https:\/\/www.europesays.com\/fr\/wp-json\/wp\/v2\/posts\/160459","targetHints":{"allow":["GET"]}}],"collection":[{"href":"https:\/\/www.europesays.com\/fr\/wp-json\/wp\/v2\/posts"}],"about":[{"href":"https:\/\/www.europesays.com\/fr\/wp-json\/wp\/v2\/types\/post"}],"author":[{"embeddable":true,"href":"https:\/\/www.europesays.com\/fr\/wp-json\/wp\/v2\/users\/2"}],"replies":[{"embeddable":true,"href":"https:\/\/www.europesays.com\/fr\/wp-json\/wp\/v2\/comments?post=160459"}],"version-history":[{"count":0,"href":"https:\/\/www.europesays.com\/fr\/wp-json\/wp\/v2\/posts\/160459\/revisions"}],"wp:featuredmedia":[{"embeddable":true,"href":"https:\/\/www.europesays.com\/fr\/wp-json\/wp\/v2\/media\/160460"}],"wp:attachment":[{"href":"https:\/\/www.europesays.com\/fr\/wp-json\/wp\/v2\/media?parent=160459"}],"wp:term":[{"taxonomy":"category","embeddable":true,"href":"https:\/\/www.europesays.com\/fr\/wp-json\/wp\/v2\/categories?post=160459"},{"taxonomy":"post_tag","embeddable":true,"href":"https:\/\/www.europesays.com\/fr\/wp-json\/wp\/v2\/tags?post=160459"}],"curies":[{"name":"wp","href":"https:\/\/api.w.org\/{rel}","templated":true}]}}