{"id":16046,"date":"2025-04-10T23:03:08","date_gmt":"2025-04-10T23:03:08","guid":{"rendered":"https:\/\/www.europesays.com\/fr\/16046\/"},"modified":"2025-04-10T23:03:08","modified_gmt":"2025-04-10T23:03:08","slug":"lue-saccorde-pour-interdire-les-produits-dangereux-dans-les-jouets","status":"publish","type":"post","link":"https:\/\/www.europesays.com\/fr\/16046\/","title":{"rendered":"L\u2019UE s\u2019accorde pour interdire les produits dangereux dans les jouets"},"content":{"rendered":"<p>Le texte consacre notamment l\u2019interdiction des \u00absubstances chimiques \u00e9ternelles\u00bb, les fameux PFAS, sauf dans les cas o\u00f9 ces derni\u00e8res sont totalement inaccessibles pour les enfants.<\/p>\n<p class=\"fig-paragraph\">Les 27 et le Parlement europ\u00e9en ont trouv\u00e9 jeudi un accord pour prot\u00e9ger les enfants des produits chimiques nocifs et des perturbateurs endocriniens contenus\u00a0<a href=\"http:\/\/www.lefigaro.fr\/conso\/jouets-95-des-produits-vendus-sur-la-plateforme-chinoise-temu-sont-dangereux-pour-les-enfants-20240220\" data-fig-type=\"NewsFlash\" data-gtm-custom-categorie=\"navigation\" data-gtm-custom-action=\"crossclick\" data-gtm-custom-label=\"Contextuel\" data-gtm-event=\"customEventSPE\" data-fig-domain=\"LEFIGARO\" target=\"_blank\" rel=\"noopener\">dans les jouets<\/a>. \u00abLes r\u00e8gles de s\u00e9curit\u00e9 des jouets de l&rsquo;UE sont parmi les plus strictes au monde, mais nous devons rester vigilants, adapter les r\u00e8gles aux risques \u00e9mergents et garantir le respect des normes de s\u00e9curit\u00e9 pour tous les jouets, qu&rsquo;ils soient fabriqu\u00e9s en Europe ou \u00e0 l&rsquo;\u00e9tranger\u00bb, a d\u00e9clar\u00e9 Krzysztof Paszyk, ministre polonais des Technologies, dont le pays assure la pr\u00e9sidence tournante de l&rsquo;UE.<\/p>\n<p class=\"fig-paragraph\">Le texte adopt\u00e9 introduit une interdiction des \u00absubstances chimiques \u00e9ternelles\u00bb (PFAS), pr\u00e9voyant des exemptions uniquement lorsque ces substances sont totalement inaccessibles aux enfants. Les per- et polyfluoroalkyl\u00e9es,\u00a0<a href=\"http:\/\/www.lefigaro.fr\/societes\/le-textile-et-les-cosmetiques-principaux-secteurs-vises-par-l-interdiction-des-polluants-eternels-20250219\" data-fig-type=\"Article\" data-gtm-custom-categorie=\"navigation\" data-gtm-custom-action=\"crossclick\" data-gtm-custom-label=\"Contextuel\" data-gtm-event=\"customEventSPE\" data-fig-domain=\"LEFIGARO\" target=\"_blank\" rel=\"noopener\">ou PFAS<\/a>, sont une famille de substances chimiques synth\u00e9tiques dont la d\u00e9gradation est extr\u00eamement lente. L&rsquo;exposition chronique, m\u00eame \u00e0 de faibles concentrations, \u00e0 ces produits chimiques a \u00e9t\u00e9 associ\u00e9e \u00e0 des l\u00e9sions h\u00e9patiques, un taux de cholest\u00e9rol \u00e9lev\u00e9, une diminution des r\u00e9ponses immunitaires, un faible poids \u00e0 la naissance et plusieurs types de cancer.<\/p>\n<p class=\"fig-paragraph\">L&rsquo;accord pr\u00e9voit \u00e9galement d&rsquo;\u00e9tendre l&rsquo;interdiction \u00e0 d&rsquo;autres substances dangereuses, comme les perturbateurs endocriniens, qui interf\u00e8rent avec le syst\u00e8me hormonal. \u00abLe nouveau r\u00e8glement sur la s\u00e9curit\u00e9 des jouets envoie un signal fort\u00a0: pour la protection de nos enfants, pour une concurrence loyale et pour l&rsquo;Europe en tant que place \u00e9conomique\u00bb, a relev\u00e9 Marion Walsmann, la d\u00e9put\u00e9e allemande \u00e0 l&rsquo;origine du texte au Parlement europ\u00e9en. Selon Mme Walsmann, un produit sur cinq retir\u00e9 du march\u00e9 par l&rsquo;UE car jug\u00e9 dangereux \u00e9tait un jouet. Le texte n&rsquo;entrera en vigueur qu&rsquo;une fois officiellement adopt\u00e9 par les \u00c9tats membres et le Parlement europ\u00e9en.<\/p>\n","protected":false},"excerpt":{"rendered":"Le texte consacre notamment l\u2019interdiction des \u00absubstances chimiques \u00e9ternelles\u00bb, les fameux PFAS, sauf dans les cas o\u00f9 ces&hellip;\n","protected":false},"author":2,"featured_media":16047,"comment_status":"","ping_status":"","sticky":false,"template":"","format":"standard","meta":{"footnotes":""},"categories":[1586],"tags":[1111,47,11,1109,1112,1777,674,1779,118,1108,107,1106,1107,1011,27,1110,1114,14,6647,12,1113,316,25,1778,364],"class_list":{"0":"post-16046","1":"post","2":"type-post","3":"status-publish","4":"format-standard","5":"has-post-thumbnail","7":"category-europe","8":"tag-actu","9":"tag-actualite","10":"tag-actualites","11":"tag-breves","12":"tag-depeches","13":"tag-eu","14":"tag-europe","15":"tag-european-union","16":"tag-faits-divers","17":"tag-fil","18":"tag-fil-info","19":"tag-flash","20":"tag-flash-actu","21":"tag-fr","22":"tag-france","23":"tag-informations","24":"tag-infos","25":"tag-international","26":"tag-jouets","27":"tag-news","28":"tag-nouvelles","29":"tag-politique","30":"tag-republique-francaise","31":"tag-ue","32":"tag-union-europeenne"},"share_on_mastodon":{"url":"https:\/\/pubeurope.com\/@fr\/114316168625665359","error":""},"_links":{"self":[{"href":"https:\/\/www.europesays.com\/fr\/wp-json\/wp\/v2\/posts\/16046","targetHints":{"allow":["GET"]}}],"collection":[{"href":"https:\/\/www.europesays.com\/fr\/wp-json\/wp\/v2\/posts"}],"about":[{"href":"https:\/\/www.europesays.com\/fr\/wp-json\/wp\/v2\/types\/post"}],"author":[{"embeddable":true,"href":"https:\/\/www.europesays.com\/fr\/wp-json\/wp\/v2\/users\/2"}],"replies":[{"embeddable":true,"href":"https:\/\/www.europesays.com\/fr\/wp-json\/wp\/v2\/comments?post=16046"}],"version-history":[{"count":0,"href":"https:\/\/www.europesays.com\/fr\/wp-json\/wp\/v2\/posts\/16046\/revisions"}],"wp:featuredmedia":[{"embeddable":true,"href":"https:\/\/www.europesays.com\/fr\/wp-json\/wp\/v2\/media\/16047"}],"wp:attachment":[{"href":"https:\/\/www.europesays.com\/fr\/wp-json\/wp\/v2\/media?parent=16046"}],"wp:term":[{"taxonomy":"category","embeddable":true,"href":"https:\/\/www.europesays.com\/fr\/wp-json\/wp\/v2\/categories?post=16046"},{"taxonomy":"post_tag","embeddable":true,"href":"https:\/\/www.europesays.com\/fr\/wp-json\/wp\/v2\/tags?post=16046"}],"curies":[{"name":"wp","href":"https:\/\/api.w.org\/{rel}","templated":true}]}}