{"id":160463,"date":"2025-06-08T08:24:10","date_gmt":"2025-06-08T08:24:10","guid":{"rendered":"https:\/\/www.europesays.com\/fr\/160463\/"},"modified":"2025-06-08T08:24:10","modified_gmt":"2025-06-08T08:24:10","slug":"le-gouvernement-devoile-un-plan-dinvestissements-a-plus-de-100-milliards-deuros","status":"publish","type":"post","link":"https:\/\/www.europesays.com\/fr\/160463\/","title":{"rendered":"le gouvernement d\u00e9voile un plan d\u2019investissements \u00e0 plus de 100 milliards d\u2019euros"},"content":{"rendered":"<p class=\"fig-paragraph\">Le\u00a0<a href=\"http:\/\/www.lefigaro.fr\/international\/sous-pression-sur-l-immigration-keir-starmer-promet-de-reprendre-le-controle-des-frontieres-britanniques-20250512\" data-fig-type=\"Article\" data-gtm-custom-categorie=\"navigation\" data-gtm-custom-action=\"crossclick\" data-gtm-custom-label=\"Contextuel\" data-gtm-event=\"customEventSPE\" data-fig-domain=\"LEFIGARO\" target=\"_blank\" rel=\"noopener\">gouvernement britannique<\/a>, qui doit d\u00e9voiler mercredi ses choix budg\u00e9taires pour les prochaines ann\u00e9es dans un contexte de finances publiques serr\u00e9es, a annonc\u00e9 dimanche que 86 milliards de livres (102 milliards d&rsquo;euros) seraient investis d&rsquo;ici 2030 dans les sciences et technologies ou encore la d\u00e9fense.<\/p>\n<p class=\"fig-paragraph\">Si la ministre travailliste des Finances,\u00a0<a href=\"http:\/\/www.lefigaro.fr\/conjoncture\/royaume-uni-la-ministre-des-finances-rachel-reeves-veut-reveiller-une-croissance-britannique-atone-20250129\" data-fig-type=\"Article\" data-gtm-custom-categorie=\"navigation\" data-gtm-custom-action=\"crossclick\" data-gtm-custom-label=\"Contextuel\" data-gtm-event=\"customEventSPE\" data-fig-domain=\"LEFIGARO\" target=\"_blank\" rel=\"noopener\">Rachel Reeves<\/a>, a annonc\u00e9 ces derniers mois des coupes franches dans les budgets publics pour \u00e9quilibrer les d\u00e9penses courantes, elle a aussi autoris\u00e9 davantage d&#8217;emprunts pour les investissements &#8211;d\u00e9bloquant au total 113 milliards de livres d&rsquo;ici la fin de la d\u00e9cennie. L&rsquo;ex\u00e9cutif compte investir \u00abdans dans les priorit\u00e9s de la population: la sant\u00e9, la s\u00e9curit\u00e9 et l&rsquo;\u00e9conomie\u00bb, a indiqu\u00e9 le gouvernement dans un communiqu\u00e9. Les 86 milliards de livres permettront de \u00abdynamiser nos secteurs \u00e0 la croissance la plus rapide, de la technologie et sciences de la vie aux industries de pointe et \u00e0 la d\u00e9fense\u00bb, pr\u00e9cise-t-il.<\/p>\n<p>Manifestations \u00e0 Londres pour appeler \u00e0 \u00abtaxer les riches\u00bb<\/p>\n<p class=\"fig-paragraph\">La ministre devrait \u00e9galement annoncer mercredi une augmentation budg\u00e9taire allant jusqu&rsquo;\u00e0 30 milliards de livres (36 milliards d&rsquo;euros) \u00e9tal\u00e9e sur trois ans pour\u00a0<a href=\"http:\/\/www.lefigaro.fr\/international\/le-royaume-uni-face-a-l-effondrement-de-son-systeme-de-sante-20250605\" data-fig-type=\"Article\" data-gtm-custom-categorie=\"navigation\" data-gtm-custom-action=\"crossclick\" data-gtm-custom-label=\"Contextuel\" data-gtm-event=\"customEventSPE\" data-fig-domain=\"LEFIGARO\" target=\"_blank\" rel=\"noopener\">le service public de sant\u00e9 NHS en crise<\/a>, selon le journal The Times. Apr\u00e8s un passage en revue d\u00e9taill\u00e9 des d\u00e9penses du gouvernement depuis plusieurs mois, la pr\u00e9sentation des plans d&rsquo;investissement et des orientations de Mme Reeves est tr\u00e8s attendue.<\/p>\n<p class=\"fig-paragraph\">Il semble acquis que la d\u00e9fense, comme la sant\u00e9, verra son budget augmenter, mais d&rsquo;autres minist\u00e8res devront se serrer la ceinture, au-del\u00e0 de coupes d\u00e9j\u00e0 annonc\u00e9es en mars &#8212; notamment dans les aides pour les personnes handicap\u00e9es ou les co\u00fbts de fonctionnement de l&rsquo;administration. Ces d\u00e9cisions ont \u00e9t\u00e9 vivement critiqu\u00e9es, et des milliers de personnes se sont r\u00e9unies samedi dans le centre de Londres pour protester contre ces arbitrages, brandissant des pancartes \u00abTaxons les riches, arr\u00eatons les coupes\u00bb.<\/p>\n<p class=\"fig-paragraph\">Le plan d&rsquo;investissement du gouvernement doit notamment permettre le d\u00e9veloppement de \u00abp\u00f4les d&rsquo;innovation\u00bb \u00e0 travers le pays, et donnera latitude aux dirigeants de collectivit\u00e9s locales pour d\u00e9cider comment cibler les financements. Rachel Reeves esp\u00e8re que ces d\u00e9penses doperont une croissance poussive, qui risque en outre de souffrir de la guerre commerciale lanc\u00e9e par les \u00c9tats-Unis. Le gouvernement avait d\u00e9j\u00e0 annonc\u00e9 plus t\u00f4t dans la semaine, l\u00e0 aussi dans le contexte des budgets qui seront d\u00e9taill\u00e9s mercredi, qu&rsquo;il allait plus que doubler les investissements d\u00e9di\u00e9s aux transports publics dans les r\u00e9gions urbaines d&rsquo;Angleterre d&rsquo;ici 2030, \u00e0 plus de 15 milliards de livres.<\/p>\n","protected":false},"excerpt":{"rendered":"Le\u00a0gouvernement britannique, qui doit d\u00e9voiler mercredi ses choix budg\u00e9taires pour les prochaines ann\u00e9es dans un contexte de finances&hellip;\n","protected":false},"author":2,"featured_media":160464,"comment_status":"","ping_status":"","sticky":false,"template":"","format":"standard","meta":{"footnotes":""},"categories":[1588],"tags":[1111,47,11,1117,1109,1112,636,341,257,1777,674,632,1108,107,1106,1107,1119,1116,1110,1114,500,12,1113,1118,137,473,1853,401,1115,1851,1850,1852],"class_list":{"0":"post-160463","1":"post","2":"type-post","3":"status-publish","4":"format-standard","5":"has-post-thumbnail","7":"category-royaume-uni","8":"tag-actu","9":"tag-actualite","10":"tag-actualites","11":"tag-assurance","12":"tag-breves","13":"tag-depeches","14":"tag-devises","15":"tag-emploi","16":"tag-entreprise","17":"tag-eu","18":"tag-europe","19":"tag-fcp","20":"tag-fil","21":"tag-fil-info","22":"tag-flash","23":"tag-flash-actu","24":"tag-formation","25":"tag-immobilier","26":"tag-informations","27":"tag-infos","28":"tag-medias","29":"tag-news","30":"tag-nouvelles","31":"tag-placement","32":"tag-retraite","33":"tag-royaume-uni","34":"tag-royaume-uni-de-grande-bretagne-et-dirlande-du-nord","35":"tag-sicav","36":"tag-taux","37":"tag-uk","38":"tag-united-kingdom","39":"tag-united-kingdom-of-great-britain-and-northern-ireland"},"share_on_mastodon":{"url":"https:\/\/pubeurope.com\/@fr\/114646788590815071","error":""},"_links":{"self":[{"href":"https:\/\/www.europesays.com\/fr\/wp-json\/wp\/v2\/posts\/160463","targetHints":{"allow":["GET"]}}],"collection":[{"href":"https:\/\/www.europesays.com\/fr\/wp-json\/wp\/v2\/posts"}],"about":[{"href":"https:\/\/www.europesays.com\/fr\/wp-json\/wp\/v2\/types\/post"}],"author":[{"embeddable":true,"href":"https:\/\/www.europesays.com\/fr\/wp-json\/wp\/v2\/users\/2"}],"replies":[{"embeddable":true,"href":"https:\/\/www.europesays.com\/fr\/wp-json\/wp\/v2\/comments?post=160463"}],"version-history":[{"count":0,"href":"https:\/\/www.europesays.com\/fr\/wp-json\/wp\/v2\/posts\/160463\/revisions"}],"wp:featuredmedia":[{"embeddable":true,"href":"https:\/\/www.europesays.com\/fr\/wp-json\/wp\/v2\/media\/160464"}],"wp:attachment":[{"href":"https:\/\/www.europesays.com\/fr\/wp-json\/wp\/v2\/media?parent=160463"}],"wp:term":[{"taxonomy":"category","embeddable":true,"href":"https:\/\/www.europesays.com\/fr\/wp-json\/wp\/v2\/categories?post=160463"},{"taxonomy":"post_tag","embeddable":true,"href":"https:\/\/www.europesays.com\/fr\/wp-json\/wp\/v2\/tags?post=160463"}],"curies":[{"name":"wp","href":"https:\/\/api.w.org\/{rel}","templated":true}]}}