{"id":160471,"date":"2025-06-08T08:28:09","date_gmt":"2025-06-08T08:28:09","guid":{"rendered":"https:\/\/www.europesays.com\/fr\/160471\/"},"modified":"2025-06-08T08:28:09","modified_gmt":"2025-06-08T08:28:09","slug":"le-suspect-sest-rendu-a-la-police","status":"publish","type":"post","link":"https:\/\/www.europesays.com\/fr\/160471\/","title":{"rendered":"le suspect s&rsquo;est rendu \u00e0 la police"},"content":{"rendered":"<p>Le jeune homme de 16 ans s\u2019est rendu au commissariat de Bordeaux. Il faisait l\u2019objet d\u2019une notice rouge d\u2019Interpol.<\/p>\n<p class=\"fig-paragraph\">Le\u00a0<a href=\"http:\/\/www.lefigaro.fr\/faits-divers\/mineur-tue-a-dax-en-marge-de-la-victoire-du-psg-le-suspect-de-16-ans-fait-l-objet-d-une-notice-rouge-d-interpol-20250606\" data-fig-type=\"NewsFlash\" data-gtm-custom-categorie=\"navigation\" data-gtm-custom-action=\"crossclick\" data-gtm-custom-label=\"Contextuel\" data-gtm-event=\"customEventSPE\" data-fig-domain=\"LEFIGARO\" target=\"_blank\" rel=\"noopener\">jeune homme soup\u00e7onn\u00e9 de l&rsquo;assassinat d&rsquo;un jeune de 17 ans<\/a>\u00a0la semaine derni\u00e8re \u00e0 Dax (Landes), lui aussi mineur, s&rsquo;est rendu samedi \u00e0 la police, a appris l\u2019AFP ce dimanche aupr\u00e8s du parquet de Mont-de-Marsan. Ce jeune Fran\u00e7ais \u00e2g\u00e9 de 16 ans s&rsquo;est rendu au commissariat de Bordeaux et sera pr\u00e9sent\u00e9 \u00e0 un juge d&rsquo;instruction, a pr\u00e9cis\u00e9 la procureure Alexa Dubourg, confirmant une information de BFMTV. Recherch\u00e9 depuis les faits, il faisait l&rsquo;objet d&rsquo;une\u00a0<a href=\"http:\/\/www.lefigaro.fr\/international\/mineur-tue-a-dax-en-marge-de-la-victoire-du-psg-qu-est-ce-qu-une-notice-rouge-d-interpol-dont-le-suspect-fait-l-objet-20250607\" data-fig-type=\"Article\" data-gtm-custom-categorie=\"navigation\" data-gtm-custom-action=\"crossclick\" data-gtm-custom-label=\"Contextuel\" data-gtm-event=\"customEventSPE\" data-fig-domain=\"LEFIGARO\" target=\"_blank\" rel=\"noopener\">notice rouge d&rsquo;Interpol<\/a>, selon une source proche de l&rsquo;enqu\u00eate.<\/p>\n<p class=\"fig-paragraph\">La victime a succomb\u00e9 \u00e0 plusieurs coups de couteau port\u00e9s au thorax le 31 mai au soir, en marge des c\u00e9l\u00e9brations du sacre europ\u00e9en du club de football Paris SG. Il avait un \u00abcontentieux pr\u00e9existant\u00bb avec le suspect, lui reprochant notamment le vol de sa casquette plusieurs jours auparavant, selon le parquet de Dax, d&rsquo;abord saisi de l&rsquo;affaire avant le p\u00f4le d&rsquo;instruction de Mont-de-Marsan.<\/p>\n<p class=\"fig-paragraph\">L&rsquo;enqu\u00eate est men\u00e9e sous la qualification d&rsquo;assassinat, \u00abl&rsquo;ant\u00e9riorit\u00e9 d&rsquo;un conflit entre l&rsquo;auteur et la victime pouvant laisser penser \u00e0 un geste pr\u00e9m\u00e9dit\u00e9\u00bb, selon le parquet. Les faits s&rsquo;\u00e9taient produits vers 23h dans le centre de Dax, o\u00f9 se trouvaient plusieurs centaines de personnes venues suivre la\u00a0<a href=\"http:\/\/www.lefigaro.fr\/sports\/football\/ligue-des-champions\/psg-inter-milan-un-moment-historique-un-parc-des-princes-en-fusion-pour-cette-soiree-de-reve-20250601\" data-fig-type=\"NewsFlash\" data-gtm-custom-categorie=\"navigation\" data-gtm-custom-action=\"crossclick\" data-gtm-custom-label=\"Contextuel\" data-gtm-event=\"customEventSPE\" data-fig-domain=\"LEFIGARO\" target=\"_blank\" rel=\"noopener\">finale de la Ligue des champions PSG-Inter Milan<\/a>\u00a0dans plusieurs bars, sans fan zone officielle. Vendredi, plusieurs centaines de personnes se sont rassembl\u00e9es \u00e0 Dax pour rendre hommage \u00e0 l&rsquo;adolescent mortellement poignard\u00e9.<\/p>\n","protected":false},"excerpt":{"rendered":"Le jeune homme de 16 ans s\u2019est rendu au commissariat de Bordeaux. Il faisait l\u2019objet d\u2019une notice rouge&hellip;\n","protected":false},"author":2,"featured_media":160472,"comment_status":"","ping_status":"","sticky":false,"template":"","format":"standard","meta":{"footnotes":""},"categories":[2],"tags":[119,11,3694,271,2951,21844,3695,3696,118,1011,27,2825,1253,303,777,12,1072,2694,25,2949],"class_list":{"0":"post-160471","1":"post","2":"type-post","3":"status-publish","4":"format-standard","5":"has-post-thumbnail","7":"category-actualites","8":"tag-accident","9":"tag-actualites","10":"tag-affaires","11":"tag-crime","12":"tag-criminalite","13":"tag-dax","14":"tag-enquetes","15":"tag-evenements","16":"tag-faits-divers","17":"tag-fr","18":"tag-france","19":"tag-insecurite","20":"tag-islamisme","21":"tag-justice","22":"tag-meurtre","23":"tag-news","24":"tag-police","25":"tag-proces","26":"tag-republique-francaise","27":"tag-violences"},"share_on_mastodon":{"url":"https:\/\/pubeurope.com\/@fr\/114646804408484719","error":""},"_links":{"self":[{"href":"https:\/\/www.europesays.com\/fr\/wp-json\/wp\/v2\/posts\/160471","targetHints":{"allow":["GET"]}}],"collection":[{"href":"https:\/\/www.europesays.com\/fr\/wp-json\/wp\/v2\/posts"}],"about":[{"href":"https:\/\/www.europesays.com\/fr\/wp-json\/wp\/v2\/types\/post"}],"author":[{"embeddable":true,"href":"https:\/\/www.europesays.com\/fr\/wp-json\/wp\/v2\/users\/2"}],"replies":[{"embeddable":true,"href":"https:\/\/www.europesays.com\/fr\/wp-json\/wp\/v2\/comments?post=160471"}],"version-history":[{"count":0,"href":"https:\/\/www.europesays.com\/fr\/wp-json\/wp\/v2\/posts\/160471\/revisions"}],"wp:featuredmedia":[{"embeddable":true,"href":"https:\/\/www.europesays.com\/fr\/wp-json\/wp\/v2\/media\/160472"}],"wp:attachment":[{"href":"https:\/\/www.europesays.com\/fr\/wp-json\/wp\/v2\/media?parent=160471"}],"wp:term":[{"taxonomy":"category","embeddable":true,"href":"https:\/\/www.europesays.com\/fr\/wp-json\/wp\/v2\/categories?post=160471"},{"taxonomy":"post_tag","embeddable":true,"href":"https:\/\/www.europesays.com\/fr\/wp-json\/wp\/v2\/tags?post=160471"}],"curies":[{"name":"wp","href":"https:\/\/api.w.org\/{rel}","templated":true}]}}