{"id":160475,"date":"2025-06-08T08:30:16","date_gmt":"2025-06-08T08:30:16","guid":{"rendered":"https:\/\/www.europesays.com\/fr\/160475\/"},"modified":"2025-06-08T08:30:16","modified_gmt":"2025-06-08T08:30:16","slug":"opinion-unoc3-le-moment-de-verite-de-la-france-pour-locean","status":"publish","type":"post","link":"https:\/\/www.europesays.com\/fr\/160475\/","title":{"rendered":"OPINION.\u00a0\u00ab\u00a0UNOC3, le moment de v\u00e9rit\u00e9 de la France pour l&rsquo;oc\u00e9an\u00a0\u00bb"},"content":{"rendered":"<p>Je repense souvent \u00e0 mon enfance \u2014 pieds nus sur le pont de la Calypso, aux c\u00f4t\u00e9s de mon grand-p\u00e8re Jacques Cousteau, lors de ses exp\u00e9ditions oc\u00e9aniques. Les criques rocheuses du sud de la France \u00e9taient mon terrain de jeu, et les cr\u00e9atures marines qui y vivaient, mes plus proches compagnons.<\/p>\n<p>Aujourd&rsquo;hui, alors que la France s&rsquo;appr\u00eate \u00e0 accueillir la troisi\u00e8me Conf\u00e9rence des Nations Unies sur l&rsquo;Oc\u00e9an (UNOC3) \u00e0 Nice, je ne peux m&#8217;emp\u00eacher de me souvenir des paroles de mon grand-p\u00e8re\u00a0: \u00ab\u2009Il est possible, et m\u00eame probable qu&rsquo;\u00e0 moins d&rsquo;un grand changement dans un avenir proche, le d\u00e9sastre s&rsquo;ensuive.\u2009\u00bb<\/p>\n<p>Pr\u00e8s de dix ans apr\u00e8s l&rsquo;Accord de Paris, notre plan\u00e8te bleue retient toujours son souffle. Les menaces qui p\u00e8sent sur l&rsquo;oc\u00e9an se sont intensifi\u00e9es\u00a0: p\u00eache ill\u00e9gale, pollution plastique, destruction massive des habitats. Alors que les dirigeants du monde entier se r\u00e9uniront \u00e0 Nice du 9 au 13\u00a0juin, tous les regards se tourneront vers la France, non seulement pour l&rsquo;inspiration, mais pour le leadership.<\/p>\n<p>Le pr\u00e9sident Emmanuel Macron a promis un \u00ab\u2009acte fondateur\u2009\u00bb pour la gouvernance mondiale de l&rsquo;oc\u00e9an. Mais l&rsquo;ambition seule ne suffit pas. Sans d\u00e9cisions audacieuses et contraignantes, et sans volont\u00e9 politique pour les mettre en \u0153uvre, l&rsquo;UNOC3 risque de n&rsquo;\u00eatre qu&rsquo;une occasion manqu\u00e9e de plus.<\/p>\n<p>Si la France veut que ce moment compte, elle doit commencer par balayer devant sa porte. Cela signifie mettre fin au chalutage de fond dans les zones qu&rsquo;elle pr\u00e9tend prot\u00e9ger.<\/p>\n<p>Un oc\u00e9an \u00ab\u2009prot\u00e9g\u00e9\u2009\u00bb seulement sur le papier<\/p>\n<p>Partout dans le monde, les gouvernements s&rsquo;efforcent de tenir leur engagement de prot\u00e9ger au moins 30\u00a0% de l&rsquo;oc\u00e9an d&rsquo;ici 2030. La France affirme avoir d\u00e9j\u00e0 atteint cet objectif, mais une grande partie de cette \u00ab\u2009protection\u2009\u00bb n&rsquo;existe qu&rsquo;en th\u00e9orie.<\/p>\n<p>En r\u00e9alit\u00e9, le chalutage de fond, une m\u00e9thode de p\u00eache destructrice qui consiste \u00e0 racler le fond marin avec d&rsquo;immenses filets lest\u00e9s, d\u00e9truisant tout sur leur passage, est encore autoris\u00e9 dans environ 670\u2009000\u00a0kilom\u00e8tres carr\u00e9s des eaux fran\u00e7aises, y compris dans la majorit\u00e9 des aires marines dites \u00ab\u2009prot\u00e9g\u00e9es\u2009\u00bb.<\/p>\n<p>Appeler ces zones \u00ab\u2009prot\u00e9g\u00e9es\u2009\u00bb est trompeur. C&rsquo;est comme d\u00e9clarer une for\u00eat sanctuaire tout en autorisant les bulldozers \u00e0 la traverser chaque jour. C&rsquo;est exactement ce que le chalutage de fond inflige aux \u00e9cosyst\u00e8mes marins\u00a0: il rase les r\u00e9cifs de coraux, asphyxie la biodiversit\u00e9 et ne laisse rien aux communaut\u00e9s et aux esp\u00e8ces qui en d\u00e9pendent.<\/p>\n<p>En Europe, le constat est le m\u00eame\u00a0: des aires marines prot\u00e9g\u00e9es qui, en pratique, ne prot\u00e8gent pas grand-chose. C&rsquo;est une trahison, non seulement envers l&rsquo;oc\u00e9an, mais aussi envers la confiance du public.<\/p>\n<p>La France ne peut plus se contenter de demi-mesures<\/p>\n<p>La France a accompli des avanc\u00e9es r\u00e9elles en mati\u00e8re de protection des oc\u00e9ans\u00a0: interdiction de certains plastiques \u00e0 usage unique, ratification du trait\u00e9 sur la haute mer, opposition \u00e0 l&rsquo;exploitation mini\u00e8re des fonds marins. Ce sont des pas importants. Mais si la France veut \u00eatre prise au s\u00e9rieux en tant que leader mondial de la protection de l&rsquo;oc\u00e9an, elle doit faire preuve de coh\u00e9rence.<\/p>\n<p>Cela commence par un acte clair et mesurable\u00a0: interdire le chalutage de fond dans toutes les aires marines prot\u00e9g\u00e9es fran\u00e7aises.<\/p>\n<p>Lorsque les aires marines sont v\u00e9ritablement prot\u00e9g\u00e9es, la vie marine reprend. Les populations de poissons augmentent. Les \u00e9cosyst\u00e8mes c\u00f4tiers se r\u00e9g\u00e9n\u00e8rent. Et les communaut\u00e9s locales, notamment les p\u00eacheurs artisanaux, en r\u00e9coltent les fruits. La protection ne profite pas seulement \u00e0 la nature\u2009; elle profite aussi aux humains.<\/p>\n<p>Le moment est venu<\/p>\n<p>L&rsquo;UNOC3 est le moment de v\u00e9rit\u00e9 pour la France. Sera-t-elle \u00e0 la hauteur de ses promesses ou les laissera-t-elle sombrer dans un oc\u00e9an de mots creux\u2009?<\/p>\n<p>En tant que Fran\u00e7aise, dont la famille a toujours d\u00e9fendu le r\u00f4le de la France comme gardienne des mers, je pense que ce moment exige plus que des symboles.<\/p>\n<p>J&rsquo;en appelle au pr\u00e9sident Macron\u00a0: offrez une protection r\u00e9elle, en commen\u00e7ant par mettre fin au chalutage de fond dans toutes les aires marines prot\u00e9g\u00e9es fran\u00e7aises. La France a l&rsquo;occasion de poser un jalon fort \u00e0 l&rsquo;\u00e9chelle mondiale. Qu&rsquo;elle ne soit pas seulement le pays h\u00f4te de cette conf\u00e9rence sur l&rsquo;oc\u00e9an, mais celui qui aura contribu\u00e9 \u00e0 inverser la tendance.<\/p>\n<p>La France a offert au monde la vision de Jacques Cousteau\u00a0: un oc\u00e9an digne d&rsquo;\u00eatre prot\u00e9g\u00e9. Elle peut aujourd&rsquo;hui offrir au monde le leadership n\u00e9cessaire pour le faire.<\/p>\n<p>Comme le disait mon grand-p\u00e8re\u00a0: \u00ab\u2009Pendant la plus grande partie de l&rsquo;histoire, l&rsquo;homme a d\u00fb lutter contre la nature pour survivre\u2009; dans ce si\u00e8cle, il commence \u00e0 comprendre que, pour survivre, il doit la prot\u00e9ger.\u2009\u00bb Le moment d&rsquo;agir, c&rsquo;est maintenant.<\/p>\n<p>(*) Alexandra Cousteau, petite-fille de Jacques-Yves Cousteau, est une militante prim\u00e9e en faveur de la restauration et de l&rsquo;abondance des oc\u00e9ans. Figure de proue de l&rsquo;activisme oc\u00e9anique, elle collabore avec des dirigeants du monde entier, tous secteurs confondus, pour influencer, rassembler et mobiliser des actions concr\u00e8tes visant \u00e0 obtenir des r\u00e9sultats mesurables pour rendre les oc\u00e9ans plus riches en biodiversit\u00e9 et en ressources. Alexandra Cousteau est conseill\u00e8re principale aupr\u00e8s d&rsquo;Oceana, o\u00f9 elle met son expertise environnementale et son influence au service des campagnes mondiales de l&rsquo;organisation pour prot\u00e9ger et restaurer les oc\u00e9ans de la plan\u00e8te. Elle est \u00e9galement cofondatrice d&rsquo;Oceans 2050.<\/p>\n","protected":false},"excerpt":{"rendered":"Je repense souvent \u00e0 mon enfance \u2014 pieds nus sur le pont de la Calypso, aux c\u00f4t\u00e9s de&hellip;\n","protected":false},"author":2,"featured_media":160476,"comment_status":"","ping_status":"","sticky":false,"template":"","format":"standard","meta":{"footnotes":""},"categories":[4],"tags":[17,11,1011,27,29204,9862,12,29202,1427,471,25,29203],"class_list":{"0":"post-160475","1":"post","2":"type-post","3":"status-publish","4":"format-standard","5":"has-post-thumbnail","7":"category-france","8":"tag-17","9":"tag-actualites","10":"tag-fr","11":"tag-france","12":"tag-locean","13":"tag-moment","14":"tag-news","15":"tag-opinion-unoc3","16":"tag-opinions","17":"tag-pour","18":"tag-republique-francaise","19":"tag-verite"},"share_on_mastodon":{"url":"https:\/\/pubeurope.com\/@fr\/114646812217217143","error":""},"_links":{"self":[{"href":"https:\/\/www.europesays.com\/fr\/wp-json\/wp\/v2\/posts\/160475","targetHints":{"allow":["GET"]}}],"collection":[{"href":"https:\/\/www.europesays.com\/fr\/wp-json\/wp\/v2\/posts"}],"about":[{"href":"https:\/\/www.europesays.com\/fr\/wp-json\/wp\/v2\/types\/post"}],"author":[{"embeddable":true,"href":"https:\/\/www.europesays.com\/fr\/wp-json\/wp\/v2\/users\/2"}],"replies":[{"embeddable":true,"href":"https:\/\/www.europesays.com\/fr\/wp-json\/wp\/v2\/comments?post=160475"}],"version-history":[{"count":0,"href":"https:\/\/www.europesays.com\/fr\/wp-json\/wp\/v2\/posts\/160475\/revisions"}],"wp:featuredmedia":[{"embeddable":true,"href":"https:\/\/www.europesays.com\/fr\/wp-json\/wp\/v2\/media\/160476"}],"wp:attachment":[{"href":"https:\/\/www.europesays.com\/fr\/wp-json\/wp\/v2\/media?parent=160475"}],"wp:term":[{"taxonomy":"category","embeddable":true,"href":"https:\/\/www.europesays.com\/fr\/wp-json\/wp\/v2\/categories?post=160475"},{"taxonomy":"post_tag","embeddable":true,"href":"https:\/\/www.europesays.com\/fr\/wp-json\/wp\/v2\/tags?post=160475"}],"curies":[{"name":"wp","href":"https:\/\/api.w.org\/{rel}","templated":true}]}}