{"id":160498,"date":"2025-06-08T08:44:10","date_gmt":"2025-06-08T08:44:10","guid":{"rendered":"https:\/\/www.europesays.com\/fr\/160498\/"},"modified":"2025-06-08T08:44:10","modified_gmt":"2025-06-08T08:44:10","slug":"charli-xcx-surprend-ses-fans-en-rejoignant-le-groupe-air-sur-la-scene-de-we-love-green","status":"publish","type":"post","link":"https:\/\/www.europesays.com\/fr\/160498\/","title":{"rendered":"Charli XCX surprend ses fans en rejoignant le groupe Air sur la sc\u00e8ne de We Love Green"},"content":{"rendered":"<p>        <img decoding=\"async\" loading=\"lazy\" src=\"https:\/\/www.europesays.com\/fr\/wp-content\/uploads\/2025\/06\/3eaf077_1732015439971-gettyimages-2184665308.jpg\"  width=\"728\" height=\"409\" alt=\"Photo d\u2019illustration de la chanteuse Charli XCX lors d\u2019une performance musicale pour le SNL. \"\/>  <\/p>\n<p>NBC \/ Will Heath\/NBC via Getty Images<\/p>\n<p>Photo d\u2019illustration de la chanteuse Charli XCX lors d\u2019une performance musicale pour le SNL. <\/p>\n<p class=\"asset asset-text\">MUSIQUE &#8211; Comment mieux finir une deuxi\u00e8me journ\u00e9e de festival\u00a0? Programm\u00e9e en cl\u00f4ture du deuxi\u00e8me jour de <a href=\"https:\/\/www.huffingtonpost.fr\/environnement\/article\/we-love-green-accuse-de-chasser-les-animaux-du-bois-de-vincennes-par-des-associations-le-festival-se-defend_234613.html\" target=\"_blank\" rel=\"noopener\">We Love Green<\/a>, \u00e0 Paris ce samedi 7\u00a0juin, la <a href=\"https:\/\/www.huffingtonpost.fr\/culture\/article\/charli-xcx-prolonge-le-brat-summer-avec-des-featurings-de-haut-vol_240495.html\" target=\"_blank\" rel=\"noopener\">chanteuse britannique Charli XCX<\/a> s\u2019est offerte une fin de soir\u00e9e en apoth\u00e9ose devant des fans conquis par la sensation musicale qui compte d\u00e9j\u00e0 six albums \u00e0 son compteur.<\/p>\n<p class=\"asset asset-text\">Devant 40\u00a0000\u00a0personnes motiv\u00e9es malgr\u00e9 une <a href=\"https:\/\/www.huffingtonpost.fr\/environnement\/article\/we-love-green-apres-l-ete-2022-s-adapter-a-la-meteo-et-au-climat-est-devenu-indispensable-clx1_218658.html\" target=\"_blank\" rel=\"noopener\">m\u00e9t\u00e9o toujours aussi peu cl\u00e9mente avec le festival parisien<\/a>, la popstar de 32\u00a0ans aura su mettre l\u2019ambiance apr\u00e8s plusieurs ann\u00e9es d\u2019absence dans l\u2019Hexagone. Et pour f\u00eater ce retour en France, quoi de mieux que d\u2019amorcer son retour par surprise\u00a0? Charli XCX a donc mis\u00e9 sur le duo fran\u00e7ais Air pour faire monter la pression de ses fans avant de monter elle-m\u00eame sur sc\u00e8ne.<\/p>\n<p class=\"asset asset-text\">En effet, la Britannique \u00e9tait attendue sur sc\u00e8ne en toute derni\u00e8re position samedi soir. Pourtant, il \u00e9tait bien plus t\u00f4t que 23h45\u00a0quand Charli XCX a r\u00e9alis\u00e9 une apparition surprise pendant le concert du duo fran\u00e7ais et repr\u00e9sentants de la French Touch mondialement connu.<\/p>\n<p> La lecture de ce contenu est susceptible d\u2019entra\u00eener un d\u00e9p\u00f4t de cookies de la part de l\u2019op\u00e9rateur tiers qui l\u2019h\u00e9berge. Compte-tenu des choix que vous avez exprim\u00e9s en mati\u00e8re de d\u00e9p\u00f4t de cookies, nous avons bloqu\u00e9 l\u2019affichage de ce contenu. Si vous souhaitez y acc\u00e9der, vous devez accepter la cat\u00e9gorie de cookies \u201cContenus tiers\u201d en cliquant sur le bouton ci-dessous. <\/p>\n<p> Lire la Vid\u00e9o           <\/p>\n<p> La lecture de ce contenu est susceptible d\u2019entra\u00eener un d\u00e9p\u00f4t de cookies de la part de l\u2019op\u00e9rateur tiers qui l\u2019h\u00e9berge. Compte-tenu des choix que vous avez exprim\u00e9s en mati\u00e8re de d\u00e9p\u00f4t de cookies, nous avons bloqu\u00e9 l\u2019affichage de ce contenu. Si vous souhaitez y acc\u00e9der, vous devez accepter la cat\u00e9gorie de cookies \u201cContenus tiers\u201d en cliquant sur le bouton ci-dessous. <\/p>\n<p> Lire la Vid\u00e9o        \u00ab\u00a0Bonsoir\u00a0\u00bb    <\/p>\n<p class=\"asset asset-text\">Avec cette invit\u00e9e surprise, Air a d\u2019ailleurs repris l\u2019un de ses classiques, Cherry Blossom Girl. De quoi ravir les fans de musique avant d\u2019amorcer son arriv\u00e9e sur sc\u00e8ne quelques heures plus tard pour f\u00eater le premier anniversaire de son album \u00e9v\u00e9nement, <a href=\"https:\/\/www.huffingtonpost.fr\/culture\/article\/brat-elu-mot-de-l-annee-par-le-dictionnaire-collins-qui-modifie-sa-definition-apres-l-album-de-charli-xcx_241662.html\" target=\"_blank\" rel=\"noopener\">Brat, sensation musicale de l\u2019ann\u00e9e derni\u00e8re<\/a>.<\/p>\n<p> La lecture de ce contenu est susceptible d\u2019entra\u00eener un d\u00e9p\u00f4t de cookies de la part de l\u2019op\u00e9rateur tiers qui l\u2019h\u00e9berge. Compte-tenu des choix que vous avez exprim\u00e9s en mati\u00e8re de d\u00e9p\u00f4t de cookies, nous avons bloqu\u00e9 l\u2019affichage de ce contenu. Si vous souhaitez y acc\u00e9der, vous devez accepter la cat\u00e9gorie de cookies \u201cContenus tiers\u201d en cliquant sur le bouton ci-dessous. <\/p>\n<p> Lire la Vid\u00e9o           <\/p>\n<p> La lecture de ce contenu est susceptible d\u2019entra\u00eener un d\u00e9p\u00f4t de cookies de la part de l\u2019op\u00e9rateur tiers qui l\u2019h\u00e9berge. Compte-tenu des choix que vous avez exprim\u00e9s en mati\u00e8re de d\u00e9p\u00f4t de cookies, nous avons bloqu\u00e9 l\u2019affichage de ce contenu. Si vous souhaitez y acc\u00e9der, vous devez accepter la cat\u00e9gorie de cookies \u201cContenus tiers\u201d en cliquant sur le bouton ci-dessous. <\/p>\n<p> Lire la Vid\u00e9o        <\/p>\n<p class=\"asset asset-text\">Surpris par cette apparition inattendue, de nombreux fans d\u2019Air, de Charli XCX ou des deux, ont donc captur\u00e9 des images de ce moment sur la sc\u00e8ne de We Love Green, o\u00f9 l\u2019on peut d\u2019ailleurs voir Charli XCX arriver discr\u00e8tement en glissant un timide \u00ab\u00a0Bonsoir\u00a0\u00bb \u00e0 la foule.<\/p>\n<p class=\"asset asset-text\">\u00ab\u00a0Les r\u00eaves deviennent r\u00e9alit\u00e9\u00a0\u00bb, a-t-elle r\u00e9agi sur ses r\u00e9seaux sociaux, pour remercier Air de lui avoir permis de partager ce moment en tant que grande fan du duo \u00e9lectro.<\/p>\n<p class=\"asset asset-text\">En revanche, les fans de l\u2019artiste ont sans doute \u00e9t\u00e9 frustr\u00e9s de ne profiter que d\u2019un morceau en duo avec Air, sachant qu\u2019en fin de soir\u00e9e, la chanteuse ne s\u2019est produite qu\u2019une toute petite heure devant les 40\u00a0000\u00a0courageux pr\u00e9sents sous la pluie pour l\u2019\u00e9couter chanter 360, Girl, so confusing ou encore Track 10. Avant un final sur l\u2019un des morceaux qui lui avait permis de faire d\u00e9coller sa carri\u00e8re en 2012, le tube I Love It des Su\u00e9dois Icona Pop.<\/p>\n","protected":false},"excerpt":{"rendered":"NBC \/ Will Heath\/NBC via Getty Images Photo d\u2019illustration de la chanteuse Charli XCX lors d\u2019une performance musicale&hellip;\n","protected":false},"author":2,"featured_media":160499,"comment_status":"","ping_status":"","sticky":false,"template":"","format":"standard","meta":{"footnotes":""},"categories":[1355],"tags":[251,58,59,22162,1011,27,1361,873,626],"class_list":{"0":"post-160498","1":"post","2":"type-post","3":"status-publish","4":"format-standard","5":"has-post-thumbnail","7":"category-musique","8":"tag-culture","9":"tag-divertissement","10":"tag-entertainment","11":"tag-festival-de-musique","12":"tag-fr","13":"tag-france","14":"tag-music","15":"tag-musique","16":"tag-paris"},"share_on_mastodon":{"url":"https:\/\/pubeurope.com\/@fr\/114646867255589326","error":""},"_links":{"self":[{"href":"https:\/\/www.europesays.com\/fr\/wp-json\/wp\/v2\/posts\/160498","targetHints":{"allow":["GET"]}}],"collection":[{"href":"https:\/\/www.europesays.com\/fr\/wp-json\/wp\/v2\/posts"}],"about":[{"href":"https:\/\/www.europesays.com\/fr\/wp-json\/wp\/v2\/types\/post"}],"author":[{"embeddable":true,"href":"https:\/\/www.europesays.com\/fr\/wp-json\/wp\/v2\/users\/2"}],"replies":[{"embeddable":true,"href":"https:\/\/www.europesays.com\/fr\/wp-json\/wp\/v2\/comments?post=160498"}],"version-history":[{"count":0,"href":"https:\/\/www.europesays.com\/fr\/wp-json\/wp\/v2\/posts\/160498\/revisions"}],"wp:featuredmedia":[{"embeddable":true,"href":"https:\/\/www.europesays.com\/fr\/wp-json\/wp\/v2\/media\/160499"}],"wp:attachment":[{"href":"https:\/\/www.europesays.com\/fr\/wp-json\/wp\/v2\/media?parent=160498"}],"wp:term":[{"taxonomy":"category","embeddable":true,"href":"https:\/\/www.europesays.com\/fr\/wp-json\/wp\/v2\/categories?post=160498"},{"taxonomy":"post_tag","embeddable":true,"href":"https:\/\/www.europesays.com\/fr\/wp-json\/wp\/v2\/tags?post=160498"}],"curies":[{"name":"wp","href":"https:\/\/api.w.org\/{rel}","templated":true}]}}