{"id":160510,"date":"2025-06-08T08:50:10","date_gmt":"2025-06-08T08:50:10","guid":{"rendered":"https:\/\/www.europesays.com\/fr\/160510\/"},"modified":"2025-06-08T08:50:10","modified_gmt":"2025-06-08T08:50:10","slug":"de-8500-a-55-000-emplois-menaces-comment-la-loi-anti-demarchage-telephonique-va-bouleverser-les-centres-dappels","status":"publish","type":"post","link":"https:\/\/www.europesays.com\/fr\/160510\/","title":{"rendered":"De 8500 \u00e0 55.000 emplois menac\u00e9s&#8230; Comment la loi anti-d\u00e9marchage t\u00e9l\u00e9phonique va bouleverser les centres d\u2019appels"},"content":{"rendered":"<p><strong>D\u00c9CRYPTAGE &#8211; <\/strong>La loi adopt\u00e9e par le Parlement fin mai inqui\u00e8te les professionnels du secteur, car si certaines entreprises vont pouvoir se r\u00e9organiser, d\u2019autres d\u00e9pendent encore de la prospection t\u00e9l\u00e9phonique pour leurs ventes.<\/p>\n<p class=\"fig-paragraph\">Les Fran\u00e7ais enfin d\u00e9livr\u00e9s\u00a0<a href=\"http:\/\/www.lefigaro.fr\/conso\/l-assemblee-interdit-le-demarchage-telephonique-sans-consentement-20250128\" data-fig-type=\"NewsFlash\" data-gtm-custom-categorie=\"navigation\" data-gtm-custom-action=\"crossclick\" data-gtm-custom-label=\"Contextuel\" data-gtm-event=\"customEventSPE\" data-fig-domain=\"LEFIGARO\" target=\"_blank\" rel=\"noopener\">du cauchemar du d\u00e9marchage t\u00e9l\u00e9phonique<\/a>\u00a0? Ces appels intempestifs d\u2019entreprises voulant vendre leurs panneaux solaires ou des contrats d\u2019\u00e9nergie seront interdits \u00e0 partir du 11 ao\u00fbt 2026, \u00e0 la faveur d\u2019une loi adopt\u00e9e fin mai par le S\u00e9nat, apr\u00e8s l\u2019Assembl\u00e9e nationale. D\u00e9sormais, il faudra avoir donn\u00e9 son consentement \u00e0 \u00eatre rappel\u00e9, ou \u00eatre en contrat avec l\u2019entreprise en question. Les appels \u00ab\u00e0 froid\u00bb \u00e0 partir de fichiers de num\u00e9ros de t\u00e9l\u00e9phone, \u00e0 des consommateurs qui n\u2019ont rien demand\u00e9, seront impossibles.<\/p>\n<p class=\"fig-paragraph\">La mesure inqui\u00e8te la fili\u00e8re de la relation client, qui a vivement combattu le projet de loi, en vain. \u00abEnviron 8500 emplois sur les 290.000 du secteur seront touch\u00e9s, dont beaucoup de TPE-PME, souvent install\u00e9s dans des zones d\u00e9sindustrialis\u00e9es\u00bb, avance Caroline Adam, d\u00e9l\u00e9gu\u00e9e g\u00e9n\u00e9rale du SP2C, le Syndicat des professionnels des centres de contact. Son confr\u00e8re Eric Dadian, pr\u00e9sident de l\u2019Association fran\u00e7aise de la relation client (AFRC), \u00e9voque\u2026<\/p>\n<p class=\"fig-premium-paywall__infos\">\n        Cet article est r\u00e9serv\u00e9 aux abonn\u00e9s.        Il vous reste 77% \u00e0 d\u00e9couvrir.\n    <\/p>\n<p>                <img  data- alt=\"Le Figaro\" class=\"fig-img--complete fig-img\"\/><\/p>\n<p class=\"fig-premium-paywall__title\">Vente Flash<\/p>\n<p class=\"fig-premium-paywall__subtitle\">3,99\u20ac par mois pendant 12 mois. Sans engagement.<\/p>\n<p class=\"fig-premium-paywall__connect\">\n                D\u00e9j\u00e0 abonn\u00e9\u00a0?                <a class=\"fig-premium-paywall__connect-link\" href=\"https:\/\/connect.lefigaro.fr\/login?client=horizon_web&amp;type=main&amp;redirect_uri=https%3A%2F%2Fwww.lefigaro.fr%2Fsocietes%2Fde-8-500-a-55-000-emplois-menaces-comment-la-loi-anti-demarchage-telephonique-va-bouleverser-les-centres-d-appels-20250608\" data-js-gtm=\"{&quot;customCategorie&quot;: &quot;conversion&quot;, &quot;customAction&quot;: &quot;before_Landing_Connexion_paywall_auto&quot;, &quot;customLabel&quot;: &quot;bGVmaWdhcm8uZnJfXzFmMDQxZjRjLTZmMTMtNmE4YS1iODVkLWM3YzgxMzQ1ZDQ3ZF9fTmV3c0ZsYXNo_De 8500 \u00e0 55.000 emplois menac\u00e9s... Comment la loi anti-d\u00e9marchage t\u00e9l\u00e9phonique va bouleverser les centres d\u2019appels_452&quot;, &quot;customIDSPE&quot;: &quot;bGVmaWdhcm8uZnJfXzFmMDQxZjRjLTZmMTMtNmE4YS1iODVkLWM3YzgxMzQ1ZDQ3ZF9fTmV3c0ZsYXNo&quot;, &quot;event&quot;: &quot;customEventSPE&quot;}\" target=\"_blank\" rel=\"noopener\"><br \/>\n                    Connectez-vous<br \/>\n                <\/a>\n            <\/p>\n","protected":false},"excerpt":{"rendered":"D\u00c9CRYPTAGE &#8211; La loi adopt\u00e9e par le Parlement fin mai inqui\u00e8te les professionnels du secteur, car si certaines&hellip;\n","protected":false},"author":2,"featured_media":160511,"comment_status":"","ping_status":"","sticky":false,"template":"","format":"standard","meta":{"footnotes":""},"categories":[6],"tags":[631,627,630,340,398,35,343,634,405,629,29218,636,33,34,632,638,1011,27,637,399,639,635,401,628,633,407],"class_list":{"0":"post-160510","1":"post","2":"type-post","3":"status-publish","4":"format-standard","5":"has-post-thumbnail","7":"category-economie","8":"tag-action","9":"tag-actions-francaise","10":"tag-actualite-bourse","11":"tag-bourse","12":"tag-bourse-de-paris","13":"tag-business","14":"tag-cac-40","15":"tag-cotation","16":"tag-cotations","17":"tag-cours-des-societes-francaises","18":"tag-demarchage-telephonique","19":"tag-devises","20":"tag-economie","21":"tag-economy","22":"tag-fcp","23":"tag-figaro","24":"tag-fr","25":"tag-france","26":"tag-indices","27":"tag-investissement","28":"tag-le-figaro","29":"tag-marches","30":"tag-sicav","31":"tag-societes-etrangeres","32":"tag-warrant","33":"tag-warrants"},"share_on_mastodon":{"url":"https:\/\/pubeurope.com\/@fr\/114646890914755055","error":""},"_links":{"self":[{"href":"https:\/\/www.europesays.com\/fr\/wp-json\/wp\/v2\/posts\/160510","targetHints":{"allow":["GET"]}}],"collection":[{"href":"https:\/\/www.europesays.com\/fr\/wp-json\/wp\/v2\/posts"}],"about":[{"href":"https:\/\/www.europesays.com\/fr\/wp-json\/wp\/v2\/types\/post"}],"author":[{"embeddable":true,"href":"https:\/\/www.europesays.com\/fr\/wp-json\/wp\/v2\/users\/2"}],"replies":[{"embeddable":true,"href":"https:\/\/www.europesays.com\/fr\/wp-json\/wp\/v2\/comments?post=160510"}],"version-history":[{"count":0,"href":"https:\/\/www.europesays.com\/fr\/wp-json\/wp\/v2\/posts\/160510\/revisions"}],"wp:featuredmedia":[{"embeddable":true,"href":"https:\/\/www.europesays.com\/fr\/wp-json\/wp\/v2\/media\/160511"}],"wp:attachment":[{"href":"https:\/\/www.europesays.com\/fr\/wp-json\/wp\/v2\/media?parent=160510"}],"wp:term":[{"taxonomy":"category","embeddable":true,"href":"https:\/\/www.europesays.com\/fr\/wp-json\/wp\/v2\/categories?post=160510"},{"taxonomy":"post_tag","embeddable":true,"href":"https:\/\/www.europesays.com\/fr\/wp-json\/wp\/v2\/tags?post=160510"}],"curies":[{"name":"wp","href":"https:\/\/api.w.org\/{rel}","templated":true}]}}